{"id":739,"date":"2010-04-08T15:36:04","date_gmt":"2010-04-08T17:36:04","guid":{"rendered":"http:\/\/blog.cancaonova.com\/drnasser\/?p=739"},"modified":"2010-04-08T15:41:47","modified_gmt":"2010-04-08T17:41:47","slug":"gripe-suina-ou-gripe-a-h1-n1-nao-deixem-de-assistir","status":"publish","type":"post","link":"https:\/\/blog.cancaonova.com\/drnasser\/2010\/04\/08\/gripe-suina-ou-gripe-a-h1-n1-nao-deixem-de-assistir\/","title":{"rendered":"Gripe Su\u00edna ou Gripe A H1-N1 n\u00e3o deixem de assistir"},"content":{"rendered":"<p><!--[if gte mso 9]&gt;  Normal 0 21       MicrosoftInternetExplorer4  &lt;![endif]--><\/p>\n<p class=\"MsoNormal\" style=\"margin-bottom: 12pt\">Prezado(a)s<\/p>\n<p class=\"ecxmsonormal\"><strong>Teresa Forcades<\/strong>, Monja Beneditina no Mosteiro de Sant Benet, em Montserrat, Barcelona, licenciada em Medicina pela Universidade de Barcelona, especialidade de Medicina Interna pela Universidade de Nova Iorque, doutorada em Sa\u00fade P\u00fablica pela Universidade de Barcelona, licenciada em Teologia pela Universidade de Harvard, faz uma reflex\u00e3o, num v\u00eddeo, sobre a hist\u00f3ria da GRIPE A, citando dados cient\u00edficos e enumerando as irregularidades relacionadas com o tema.<\/p>\n<p class=\"ecxmsonormal\">\n<p class=\"ecxmsonormal\"><strong><span style=\"color: blue\">V\u00cdDEO PARA REFLEX\u00c3O E DIFUS\u00c3O:<\/span><\/strong><\/p>\n<p class=\"ecxmsonormal\" style=\"text-align: justify\">\n<p class=\"MsoNormal\"><a rel=\"nofollow\" href=\"http:\/\/www.vimeo.com\/7965935\" target=\"_blank\">Os sinos dobram<\/a><a href=\"http:\/\/www.vimeo.com\/7965935\">os sinos dobram pela gripe A<\/a><a rel=\"nofollow\" href=\"http:\/\/www.vimeo.com\/7965935\" target=\"_blank\"> pela gripe A<\/a><\/p>\n<p class=\"MsoNormal\">http:\/\/www.vimeo.com\/7965935<\/p>\n<p class=\"MsoNormal\">http:\/\/vimeo.com\/videos\/search:7965935<\/p>\n<p>A religiosa investigou sobre a gripe A e ficou alarmada com a informa\u00e7\u00e3o recolhida. Em 23\/09\/09 gravou um v\u00eddeo em Barcelona, de 55 minutos, que corre o mundo no <strong><span style=\"font-size: 16pt\">vimeo.<\/span><\/strong> H\u00e1 op\u00e7\u00e3o de legendas em portugu\u00eas, como \u00e9 o caso do v\u00eddeo supracitado.<\/p>\n<p><strong>&#8220;DIGAM N\u00c3O \u00c0 VACINA&#8221;<\/strong> \u00e9 o seu grito de alerta.<\/p>\n<p>Gra\u00e7as \u00e0 gripe A e ao YouTube, a freira beneditina espanhola Teresa Forcades tornou-se rapidamente conhecida por todo o Mundo. No v\u00eddeo, a religiosa &#8220;prega&#8221; ao mundo contra a vacina da gripe A, alerta para os riscos que ela comporta e defende que ningu\u00e9m deva ser obrigado a vacinar-se.<\/p>\n<p>Que conhecimentos tem uma freira beneditina para iniciar uma esp\u00e9cie de cruzada contra a vacina do v\u00edrus H1N1? No v\u00eddeo, a freira catal\u00e3 <span style=\"font-family: Symbol\">&#8211;<\/span> autora dos livros &#8220;Os crimes das grandes companhias farmac\u00eauticas&#8221; e &#8220;A teologia feminista&#8221; <span style=\"font-family: Symbol\">&#8211;<\/span> come\u00e7a por dar conta da sua forma\u00e7\u00e3o acad\u00eamica, que a capacita, sem sombra de d\u00favidas, a abordar assunto t\u00e3o pol\u00eamico.<\/p>\n<p>Teresa Forcades foi convidada a fazer um estudo exaustivo sobre o v\u00edrus da gripe A. Conclu\u00edda a investiga\u00e7\u00e3o, a freira ficou preocupada com todo o alarido gerado em torno de uma propalada pandemia. E ainda mais intranquila ficou ao saber que a Organiza\u00e7\u00e3o Mundial de Sa\u00fade (OMS) poderia vir a considerar a vacina\u00e7\u00e3o obrigat\u00f3ria. Numa esp\u00e9cie de &#8220;cruzada&#8221; contra &#8220;interesses econ\u00f4micos&#8221; da ind\u00fastria farmac\u00eautica, a religiosa correu a posar para uma &#8220;webcam&#8221; e preparar um v\u00eddeo de alerta para o mundo. Hoje, j\u00e1 milh\u00f5es de pessoas ouviram, com aten\u00e7\u00e3o, as suas explica\u00e7\u00f5es.<\/p>\n<p>Come\u00e7a por salientar que a gripe A \u00e9 uma enfermidade com \u00edndices de mortalidade inferiores aos da gripe sazonal. &#8220;Se a mortalidade \u00e9 menor, como se pode declarar uma pandemia?&#8221;, indaga. Teresa Forcades considera &#8220;inexplic\u00e1vel&#8221; o grau de &#8220;irresponsabilidade&#8221; demonstrado pela OMS, pelos governos e pelas ag\u00eancias de controle e preven\u00e7\u00e3o de doen\u00e7as ao declarar uma pandemia e promover um n\u00edvel de alerta sanit\u00e1rio m\u00e1ximo &#8220;sem uma base real&#8221;.<\/p>\n<p>A freira enumera tr\u00eas novidades na vacina contra o H1N1 em rela\u00e7\u00e3o \u00e0 vacina contra a gripe sazonal. Come\u00e7a por dizer que os laborat\u00f3rios farmac\u00eauticos criaram uma vacina de forma a que apenas uma inje\u00e7\u00e3o n\u00e3o seja suficiente para a inocula\u00e7\u00e3o, sendo, antes, necess\u00e1rias duas doses. Al\u00e9m disso <span style=\"font-family: Symbol\">&#8211;<\/span> real\u00e7a <span style=\"font-family: Symbol\">&#8211;<\/span>, a OMS recomenda que tamb\u00e9m n\u00e3o se deixe de tomar a vacina da gripe sazonal, o que leva uma pessoa a expor-se a ser injetada tr\u00eas vezes. Segunda novidade para a religiosa \u00e9 o fato de alguns laborat\u00f3rios terem juntado \u00e0 vacina coadjuvantes mais potentes do que aqueles utilizados at\u00e9 agora na vacina anual. Terceira e \u00faltima novidade: a ind\u00fastria farmac\u00eautica est\u00e1 a exigir aos estados que assinem acordos que lhes proporcionem impunidade caso as vacinas tenham mais efeitos secund\u00e1rios do que os previstos. Os EUA j\u00e1 assinaram um acordo que libera tanto os pol\u00edticos como as farmac\u00eauticas de toda a responsabilidade pelos efeitos secund\u00e1rios da vacina.<\/p>\n<p>Em jeito de conclus\u00e3o, Teresa Forcades deixa claro ser necess\u00e1rio manter a calma, tomar as precau\u00e7\u00f5es sensatas para evitar o cont\u00e1gio e, sobretudo, &#8220;n\u00e3o deixar-se vacinar&#8221;.<\/p>\n<p>E termina com um apelo:<br \/>\n<strong><br \/>\n<\/strong><br \/>\n<strong>&#8220;Pe\u00e7o que se ative com car\u00e1ter urgente os mecanismos legais (&#8230;) para assegurar de forma clara que n\u00e3o se poder\u00e1 for\u00e7ar ningu\u00e9m no nosso pa\u00eds a vacinar-se contra a sua vontade e os que decidam livremente vacinar-se n\u00e3o sejam privados do direito de exigir responsabilidades nem do direito a serem recompensados economicamente (eles e os seus familiares) no caso da vacina lhes causar uma<\/strong> <strong>doen\u00e7a grave ou a morte&#8221;.<\/strong><\/p>\n","protected":false},"excerpt":{"rendered":"<p>Prezado(a)s Teresa Forcades, Monja Beneditina no Mosteiro de Sant Benet, em Montserrat, Barcelona, licenciada em Medicina pela Universidade de Barcelona, especialidade de Medicina Interna pela Universidade de Nova Iorque, doutorada em Sa\u00fade P\u00fablica pela Universidade de Barcelona, licenciada em Teologia&#8230;<\/p>\n","protected":false},"author":2501,"featured_media":0,"comment_status":"open","ping_status":"open","sticky":false,"template":"","format":"standard","meta":{"_mi_skip_tracking":false,"_monsterinsights_sitenote_active":false,"_monsterinsights_sitenote_note":"","_monsterinsights_sitenote_category":0,"footnotes":""},"categories":[10601],"tags":[65,31202,21352,18637,31199,31201,31200],"_links":{"self":[{"href":"https:\/\/blog.cancaonova.com\/drnasser\/wp-json\/wp\/v2\/posts\/739"}],"collection":[{"href":"https:\/\/blog.cancaonova.com\/drnasser\/wp-json\/wp\/v2\/posts"}],"about":[{"href":"https:\/\/blog.cancaonova.com\/drnasser\/wp-json\/wp\/v2\/types\/post"}],"author":[{"embeddable":true,"href":"https:\/\/blog.cancaonova.com\/drnasser\/wp-json\/wp\/v2\/users\/2501"}],"replies":[{"embeddable":true,"href":"https:\/\/blog.cancaonova.com\/drnasser\/wp-json\/wp\/v2\/comments?post=739"}],"version-history":[{"count":6,"href":"https:\/\/blog.cancaonova.com\/drnasser\/wp-json\/wp\/v2\/posts\/739\/revisions"}],"predecessor-version":[{"id":744,"href":"https:\/\/blog.cancaonova.com\/drnasser\/wp-json\/wp\/v2\/posts\/739\/revisions\/744"}],"wp:attachment":[{"href":"https:\/\/blog.cancaonova.com\/drnasser\/wp-json\/wp\/v2\/media?parent=739"}],"wp:term":[{"taxonomy":"category","embeddable":true,"href":"https:\/\/blog.cancaonova.com\/drnasser\/wp-json\/wp\/v2\/categories?post=739"},{"taxonomy":"post_tag","embeddable":true,"href":"https:\/\/blog.cancaonova.com\/drnasser\/wp-json\/wp\/v2\/tags?post=739"}],"curies":[{"name":"wp","href":"https:\/\/api.w.org\/{rel}","templated":true}]}}