{"id":786,"date":"2010-10-19T18:46:40","date_gmt":"2010-10-19T20:46:40","guid":{"rendered":"http:\/\/blog.cancaonova.com\/drnasser\/?p=786"},"modified":"2010-10-19T18:51:51","modified_gmt":"2010-10-19T20:51:51","slug":"ii-encontro-de-profissionais-de-saude-com-cristo","status":"publish","type":"post","link":"https:\/\/blog.cancaonova.com\/drnasser\/2010\/10\/19\/ii-encontro-de-profissionais-de-saude-com-cristo\/","title":{"rendered":"II Encontro de Profissionais de Sa\u00fade com Cristo"},"content":{"rendered":"<p><a href=\"..\/files\/2010\/10\/encontrodeprofissionaissaudea20101.jpg\"><img loading=\"lazy\" decoding=\"async\" class=\"alignnone size-medium wp-image-789\" src=\"..\/files\/2010\/10\/encontrodeprofissionaissaudea20101-300x225.jpg\" alt=\"\" width=\"300\" height=\"225\" \/><\/a><\/p>\n<p>Queria fazer uma homenagem a Leiliana e M\u00e1rcia pelo esfor\u00e7o glorioso em realizar este evento t\u00e3o maravilhoso para n\u00f3s, profissionais de Sa\u00fade. Para mim foi uma grande alegria realizar tudo isto. Foram dois dias de intenso convivio com os amigos e irm\u00e3os de S\u00e3o Jos\u00e9 do Rio Preto- Jales e regi\u00e3o. Foi uma honra tamb\u00e9m estarmos com os Secret\u00e1rios de Sa\u00fade e Presidentes da APM , DR Joaquim e Dr Paulo. Que Deus os aben\u00e7oe e fortale\u00e7a o prop\u00f3sito de seguir com este Grupo SEmanal de Ora\u00e7\u00e3o dos Profissionais de Sa\u00fade com Cristo<\/p>\n<div id=\"attachment_787\" style=\"width: 310px\" class=\"wp-caption aligncenter\"><a href=\"..\/files\/2010\/10\/encontrodeprofissionaissaudea2010.jpg\"><img loading=\"lazy\" decoding=\"async\" aria-describedby=\"caption-attachment-787\" class=\"size-medium wp-image-787\" src=\"..\/files\/2010\/10\/encontrodeprofissionaissaudea2010-300x225.jpg\" alt=\"Foto final do II Encontro dos Profissionais de Sa\u00fade com Cristo Jales  SP 2010\" width=\"300\" height=\"225\" \/><\/a><p id=\"caption-attachment-787\" class=\"wp-caption-text\">Foto final do II Encontro dos Profissionais de Sa\u00fade com Cristo Jales  SP 2010<\/p><\/div>\n","protected":false},"excerpt":{"rendered":"<p>Queria fazer uma homenagem a Leiliana e M\u00e1rcia pelo esfor\u00e7o glorioso em realizar este evento t\u00e3o maravilhoso para n\u00f3s, profissionais de Sa\u00fade. Para mim foi uma grande alegria realizar tudo isto. Foram dois dias de intenso convivio com os amigos&#8230;<\/p>\n","protected":false},"author":2501,"featured_media":0,"comment_status":"open","ping_status":"open","sticky":false,"template":"","format":"standard","meta":{"_mi_skip_tracking":false,"_monsterinsights_sitenote_active":false,"_monsterinsights_sitenote_note":"","_monsterinsights_sitenote_category":0,"footnotes":""},"categories":[10601],"tags":[35583,23456,2561,19129,35582],"_links":{"self":[{"href":"https:\/\/blog.cancaonova.com\/drnasser\/wp-json\/wp\/v2\/posts\/786"}],"collection":[{"href":"https:\/\/blog.cancaonova.com\/drnasser\/wp-json\/wp\/v2\/posts"}],"about":[{"href":"https:\/\/blog.cancaonova.com\/drnasser\/wp-json\/wp\/v2\/types\/post"}],"author":[{"embeddable":true,"href":"https:\/\/blog.cancaonova.com\/drnasser\/wp-json\/wp\/v2\/users\/2501"}],"replies":[{"embeddable":true,"href":"https:\/\/blog.cancaonova.com\/drnasser\/wp-json\/wp\/v2\/comments?post=786"}],"version-history":[{"count":3,"href":"https:\/\/blog.cancaonova.com\/drnasser\/wp-json\/wp\/v2\/posts\/786\/revisions"}],"predecessor-version":[{"id":790,"href":"https:\/\/blog.cancaonova.com\/drnasser\/wp-json\/wp\/v2\/posts\/786\/revisions\/790"}],"wp:attachment":[{"href":"https:\/\/blog.cancaonova.com\/drnasser\/wp-json\/wp\/v2\/media?parent=786"}],"wp:term":[{"taxonomy":"category","embeddable":true,"href":"https:\/\/blog.cancaonova.com\/drnasser\/wp-json\/wp\/v2\/categories?post=786"},{"taxonomy":"post_tag","embeddable":true,"href":"https:\/\/blog.cancaonova.com\/drnasser\/wp-json\/wp\/v2\/tags?post=786"}],"curies":[{"name":"wp","href":"https:\/\/api.w.org\/{rel}","templated":true}]}}