{"id":900,"date":"2013-02-11T14:27:10","date_gmt":"2013-02-11T16:27:10","guid":{"rendered":"http:\/\/blog.cancaonova.com\/drnasser\/?p=900"},"modified":"2013-02-11T14:27:10","modified_gmt":"2013-02-11T16:27:10","slug":"oremos-pelo-novo-sucessor-de-pedro-teremos-um-novo-papa","status":"publish","type":"post","link":"https:\/\/blog.cancaonova.com\/drnasser\/2013\/02\/11\/oremos-pelo-novo-sucessor-de-pedro-teremos-um-novo-papa\/","title":{"rendered":"Oremos pelo novo Sucessor de Pedro, teremos um novo Papa"},"content":{"rendered":"<p>Neste dia de Nossa Senhora de Lourdes, o nosso amado Papa Bento XVI anuncia sua ren\u00fancia por motivos particulares de sentir-se no seu limite humano para atender as necessidades atuais da Igreja. Agradecemos a ele por ter doado sua vida desde o in\u00edcio ao servi\u00e7o de Jesus Cristo. Neste momento t\u00e3o delicado da hist\u00f3ria da modernidade, tantos conflitos politico e religiosos se deflagrando pelo mundo. Diante de tamanha crise de F\u00e9, com este neoate\u00edsmo em voga pelo mundo, confinado ao Hedonismo&#8230;Oremos pelo novo sucessor de Pedro. Ent\u00e3o, o que a m\u00eddia secular fica no alvo, \u00e9 tentando adivinhar as coisas. Infelizmente irm\u00e3os, o Espirito Santo sopra onde quer, como quer. Ningu\u00e9m de onde vem para onde vai&#8230;A Igreja continua seu caminho norteado por ele, o bel\u00edssimo esposo. Ent\u00e3o car\u00edssimos, estejamos de prontid\u00e3o na ora\u00e7\u00e3o, de prontid\u00e3o para corrigir os irm\u00e3os que falam besteiras e s\u00e3o guiados pela m\u00eddia secular ao inv\u00e9s de se informar dentro da Rede mundial de Informa\u00e7\u00e3o cat\u00f3lica. Estejamos atentos como a serpente, para que possamos estar ao lado deste pr\u00f3ximo conclave, para que um vigoroso Papa venha saltando sobre os montes&#8230;N\u00e3o esque\u00e7am de entregar todas as nossas a\u00e7\u00f5es espirituais sejam por e atrav\u00e9s de Maria a verdadeira Igreja Pura&#8230; Guiados pelas m\u00e3os e como Papa Jo\u00e3o Paulo II, dizendo somos totalmente da M\u00e3e de Deus.<\/p>\n<p>Que Deus nos aben\u00e7oe e nos guie para um caminho sempre Renovado pelo Espirito Santo&#8230; Am\u00e9m.<\/p>\n","protected":false},"excerpt":{"rendered":"<p>Sucess\u00e3o de Pedro 2013 <a href=\"https:\/\/blog.cancaonova.com\/drnasser\/2013\/02\/11\/oremos-pelo-novo-sucessor-de-pedro-teremos-um-novo-papa\/\">Continue lendo <span class=\"meta-nav\">&rarr;<\/span><\/a><\/p>\n","protected":false},"author":2501,"featured_media":0,"comment_status":"open","ping_status":"open","sticky":false,"template":"","format":"standard","meta":{"_mi_skip_tracking":false,"_monsterinsights_sitenote_active":false,"_monsterinsights_sitenote_note":"","_monsterinsights_sitenote_category":0,"footnotes":""},"categories":[10601],"tags":[9701,5011,80089,80087],"_links":{"self":[{"href":"https:\/\/blog.cancaonova.com\/drnasser\/wp-json\/wp\/v2\/posts\/900"}],"collection":[{"href":"https:\/\/blog.cancaonova.com\/drnasser\/wp-json\/wp\/v2\/posts"}],"about":[{"href":"https:\/\/blog.cancaonova.com\/drnasser\/wp-json\/wp\/v2\/types\/post"}],"author":[{"embeddable":true,"href":"https:\/\/blog.cancaonova.com\/drnasser\/wp-json\/wp\/v2\/users\/2501"}],"replies":[{"embeddable":true,"href":"https:\/\/blog.cancaonova.com\/drnasser\/wp-json\/wp\/v2\/comments?post=900"}],"version-history":[{"count":2,"href":"https:\/\/blog.cancaonova.com\/drnasser\/wp-json\/wp\/v2\/posts\/900\/revisions"}],"predecessor-version":[{"id":902,"href":"https:\/\/blog.cancaonova.com\/drnasser\/wp-json\/wp\/v2\/posts\/900\/revisions\/902"}],"wp:attachment":[{"href":"https:\/\/blog.cancaonova.com\/drnasser\/wp-json\/wp\/v2\/media?parent=900"}],"wp:term":[{"taxonomy":"category","embeddable":true,"href":"https:\/\/blog.cancaonova.com\/drnasser\/wp-json\/wp\/v2\/categories?post=900"},{"taxonomy":"post_tag","embeddable":true,"href":"https:\/\/blog.cancaonova.com\/drnasser\/wp-json\/wp\/v2\/tags?post=900"}],"curies":[{"name":"wp","href":"https:\/\/api.w.org\/{rel}","templated":true}]}}