{"id":939,"date":"2014-06-09T21:06:41","date_gmt":"2014-06-10T00:06:41","guid":{"rendered":"http:\/\/blog.cancaonova.com\/drnasser\/?p=939"},"modified":"2014-06-09T21:06:41","modified_gmt":"2014-06-10T00:06:41","slug":"depressao-e-um-importante-fator-de-risco-para-doenca-de-alzheimer","status":"publish","type":"post","link":"https:\/\/blog.cancaonova.com\/drnasser\/2014\/06\/09\/depressao-e-um-importante-fator-de-risco-para-doenca-de-alzheimer\/","title":{"rendered":"Depress\u00e3o \u00e9 um importante fator de risco para Doen\u00e7a de Alzheimer"},"content":{"rendered":"<p>Estudos recentes vem colocando em terceiro lugar a depress\u00e3o como fator de risco importante para o desenvolvimento da Doen\u00e7a de Alzheimer. Importante salientar como \u00e9 importante o reconhecimento da depress\u00e3o ainda cedo na vida de uma pessoa. Como h\u00e1bitos saud\u00e1veis, como alimenta\u00e7\u00e3o adequada, exercicios fisicos e tamb\u00e9m uma espiritulaidade vivida no Amor pelos irm\u00e3os pode fazer com que uma pessoa consiga combater com altivez suas neuroses, e n\u00e3o aliment\u00e1-las, foment\u00e1-las pois o passo seguinte para o desenvolvimento das doen\u00e7as afetivas ter\u00e1 iniciado. Vejam como h\u00e1 uma importante cascada que se inicia precocemente vida, com transtornos de deficit de aten\u00e7\u00e3o n\u00e3o identificados, depois ansiedade juvenil, depois adi\u00e7\u00e3o, tendencia a droga adi\u00e7\u00e3o, depois sinais e sintomas de TOC, evoluindo com depress\u00e3o cronica e finalmente as doen\u00e7as degenerativas cerebrais. Portanto como temos que cuidar desde cedo da Sa\u00fade Mental, fatos como esses no leva ent\u00e3o a poder at\u00e9 arriscar dizer que estas doen\u00e7as degenerativas cerebrais de terceira idade, devem ser cada vez mais prevenidas com a\u00e7\u00f5es que cabem na inf\u00e2ncia, na meia idade e n\u00e3o quando a doen\u00e7a j\u00e1 tenha se desencadeada.<\/p>\n","protected":false},"excerpt":{"rendered":"<p>Preven\u00e7\u00e3o de Doen\u00e7a de Alzheimer, combate as doen\u00e7as afetivas da infancia e adoslescencia.  <a href=\"https:\/\/blog.cancaonova.com\/drnasser\/2014\/06\/09\/depressao-e-um-importante-fator-de-risco-para-doenca-de-alzheimer\/\">Continue lendo <span class=\"meta-nav\">&rarr;<\/span><\/a><\/p>\n","protected":false},"author":2501,"featured_media":0,"comment_status":"open","ping_status":"open","sticky":false,"template":"","format":"standard","meta":{"_mi_skip_tracking":false,"_monsterinsights_sitenote_active":false,"_monsterinsights_sitenote_note":"","_monsterinsights_sitenote_category":0,"footnotes":""},"categories":[10601],"tags":[1701,160008,160009,28181],"_links":{"self":[{"href":"https:\/\/blog.cancaonova.com\/drnasser\/wp-json\/wp\/v2\/posts\/939"}],"collection":[{"href":"https:\/\/blog.cancaonova.com\/drnasser\/wp-json\/wp\/v2\/posts"}],"about":[{"href":"https:\/\/blog.cancaonova.com\/drnasser\/wp-json\/wp\/v2\/types\/post"}],"author":[{"embeddable":true,"href":"https:\/\/blog.cancaonova.com\/drnasser\/wp-json\/wp\/v2\/users\/2501"}],"replies":[{"embeddable":true,"href":"https:\/\/blog.cancaonova.com\/drnasser\/wp-json\/wp\/v2\/comments?post=939"}],"version-history":[{"count":1,"href":"https:\/\/blog.cancaonova.com\/drnasser\/wp-json\/wp\/v2\/posts\/939\/revisions"}],"predecessor-version":[{"id":940,"href":"https:\/\/blog.cancaonova.com\/drnasser\/wp-json\/wp\/v2\/posts\/939\/revisions\/940"}],"wp:attachment":[{"href":"https:\/\/blog.cancaonova.com\/drnasser\/wp-json\/wp\/v2\/media?parent=939"}],"wp:term":[{"taxonomy":"category","embeddable":true,"href":"https:\/\/blog.cancaonova.com\/drnasser\/wp-json\/wp\/v2\/categories?post=939"},{"taxonomy":"post_tag","embeddable":true,"href":"https:\/\/blog.cancaonova.com\/drnasser\/wp-json\/wp\/v2\/tags?post=939"}],"curies":[{"name":"wp","href":"https:\/\/api.w.org\/{rel}","templated":true}]}}