{"id":1288,"date":"2013-06-28T10:33:59","date_gmt":"2013-06-28T13:33:59","guid":{"rendered":"http:\/\/blog.cancaonova.com\/evangelizadorperegrino\/?p=1288"},"modified":"2013-06-27T15:53:27","modified_gmt":"2013-06-27T18:53:27","slug":"1288","status":"publish","type":"post","link":"https:\/\/blog.cancaonova.com\/evangelizadorperegrino\/1288\/","title":{"rendered":"Ein Karen"},"content":{"rendered":"<h3><span style=\"color: #000080\">O lugar da visita\u00e7\u00e3o<\/span><\/h3>\n<p><span style=\"color: #000080\">Com o anuncio do Anjo Gabriel, Maria fica sabendo que sua prima idosa estava gr\u00e1vida de seis meses.<\/span><\/p>\n<p><span style=\"color: #000080\">S\u00e3o Lucas evangelista \u00e9 o \u00fanico que descreve a visita\u00e7\u00e3o de Maria, que ao entrar na casa de Zacarias sa\u00fada Isabel e pronuncia o Magnificat.<\/span><\/p>\n<p><span style=\"color: #000080\">Em frente \u00e0 igreja encontramos um p\u00e1tio e na parede existem v\u00e1rias placas decoradas, nelas est\u00e3o gravadas as palavras do Magnificat em v\u00e1rias l\u00ednguas.<\/span><\/p>\n<div id=\"attachment_1326\" style=\"width: 1514px\" class=\"wp-caption aligncenter\"><a href=\"http:\/\/blog.cancaonova.com\/evangelizadorperegrino\/files\/2014\/06\/179VISITACAO.jpg\"><img loading=\"lazy\" decoding=\"async\" aria-describedby=\"caption-attachment-1326\" class=\"size-full wp-image-1326   \" src=\"http:\/\/blog.cancaonova.com\/evangelizadorperegrino\/files\/2014\/06\/179VISITACAO.jpg\" alt=\"\" width=\"1504\" height=\"918\" srcset=\"https:\/\/blog.cancaonova.com\/evangelizadorperegrino\/files\/2014\/06\/179VISITACAO.jpg 1504w, https:\/\/blog.cancaonova.com\/evangelizadorperegrino\/files\/2014\/06\/179VISITACAO-300x183.jpg 300w, https:\/\/blog.cancaonova.com\/evangelizadorperegrino\/files\/2014\/06\/179VISITACAO-1024x625.jpg 1024w\" sizes=\"(max-width: 1504px) 100vw, 1504px\" \/><\/a><p id=\"caption-attachment-1326\" class=\"wp-caption-text\">Ao lado das placas decorativas, encontramos a est\u00e1tua de Maria e Isabel que assinalam este grande momento da visita\u00e7\u00e3o.<\/p><\/div>\n<p><span style=\"color: #000080\">Contemplamos o mist\u00e9rio da visita\u00e7\u00e3o que meditamos no santo ter\u00e7o, pedimos pela intercess\u00e3o de Maria a gra\u00e7a da disposi\u00e7\u00e3o, para ajudar o nosso pr\u00f3ximo.<\/span><\/p>\n<p><span style=\"color: #000080\">Na peregrina\u00e7\u00e3o paramos para um momento de ora\u00e7\u00e3o para rezar o Magnificat e meditamos juntamente com a imagem de Maria e Isabel este momento profundo e cheio do Esp\u00edrito Santo.<\/span><\/p>\n<div id=\"attachment_1327\" style=\"width: 1448px\" class=\"wp-caption aligncenter\"><a href=\"http:\/\/blog.cancaonova.com\/evangelizadorperegrino\/files\/2014\/06\/Magnificat.jpg\"><img loading=\"lazy\" decoding=\"async\" aria-describedby=\"caption-attachment-1327\" class=\"size-full wp-image-1327  \" src=\"http:\/\/blog.cancaonova.com\/evangelizadorperegrino\/files\/2014\/06\/Magnificat.jpg\" alt=\"\" width=\"1438\" height=\"879\" srcset=\"https:\/\/blog.cancaonova.com\/evangelizadorperegrino\/files\/2014\/06\/Magnificat.jpg 1438w, https:\/\/blog.cancaonova.com\/evangelizadorperegrino\/files\/2014\/06\/Magnificat-300x183.jpg 300w, https:\/\/blog.cancaonova.com\/evangelizadorperegrino\/files\/2014\/06\/Magnificat-1024x625.jpg 1024w\" sizes=\"(max-width: 1438px) 100vw, 1438px\" \/><\/a><p id=\"caption-attachment-1327\" class=\"wp-caption-text\">Encontramos o Magnificat em portugu\u00eas e todos os peregrinos reunidos pronunciam a ora\u00e7\u00e3o de Maria.  <\/p><\/div>\n","protected":false},"excerpt":{"rendered":"<p>O lugar da visita\u00e7\u00e3o Com o anuncio do Anjo Gabriel, Maria fica sabendo que sua prima idosa estava gr\u00e1vida de seis meses. S\u00e3o Lucas evangelista \u00e9 o \u00fanico que descreve a visita\u00e7\u00e3o de Maria, que ao entrar na casa de&#8230;<\/p>\n","protected":false},"author":4398,"featured_media":0,"comment_status":"open","ping_status":"open","sticky":false,"template":"","format":"standard","meta":{"_mi_skip_tracking":false,"_monsterinsights_sitenote_active":false,"_monsterinsights_sitenote_note":"","_monsterinsights_sitenote_category":0,"footnotes":""},"categories":[23],"tags":[87115,15401,18742,19002],"_links":{"self":[{"href":"https:\/\/blog.cancaonova.com\/evangelizadorperegrino\/wp-json\/wp\/v2\/posts\/1288"}],"collection":[{"href":"https:\/\/blog.cancaonova.com\/evangelizadorperegrino\/wp-json\/wp\/v2\/posts"}],"about":[{"href":"https:\/\/blog.cancaonova.com\/evangelizadorperegrino\/wp-json\/wp\/v2\/types\/post"}],"author":[{"embeddable":true,"href":"https:\/\/blog.cancaonova.com\/evangelizadorperegrino\/wp-json\/wp\/v2\/users\/4398"}],"replies":[{"embeddable":true,"href":"https:\/\/blog.cancaonova.com\/evangelizadorperegrino\/wp-json\/wp\/v2\/comments?post=1288"}],"version-history":[{"count":6,"href":"https:\/\/blog.cancaonova.com\/evangelizadorperegrino\/wp-json\/wp\/v2\/posts\/1288\/revisions"}],"predecessor-version":[{"id":2113,"href":"https:\/\/blog.cancaonova.com\/evangelizadorperegrino\/wp-json\/wp\/v2\/posts\/1288\/revisions\/2113"}],"wp:attachment":[{"href":"https:\/\/blog.cancaonova.com\/evangelizadorperegrino\/wp-json\/wp\/v2\/media?parent=1288"}],"wp:term":[{"taxonomy":"category","embeddable":true,"href":"https:\/\/blog.cancaonova.com\/evangelizadorperegrino\/wp-json\/wp\/v2\/categories?post=1288"},{"taxonomy":"post_tag","embeddable":true,"href":"https:\/\/blog.cancaonova.com\/evangelizadorperegrino\/wp-json\/wp\/v2\/tags?post=1288"}],"curies":[{"name":"wp","href":"https:\/\/api.w.org\/{rel}","templated":true}]}}