{"id":1339,"date":"2013-12-30T07:28:25","date_gmt":"2013-12-30T10:28:25","guid":{"rendered":"http:\/\/blog.cancaonova.com\/evangelizadorperegrino\/?p=1339"},"modified":"2013-12-30T10:46:22","modified_gmt":"2013-12-30T13:46:22","slug":"1339","status":"publish","type":"post","link":"https:\/\/blog.cancaonova.com\/evangelizadorperegrino\/1339\/","title":{"rendered":"Bendito seja o Senhor"},"content":{"rendered":"<h2><span style=\"color: #000080\">Igreja de S\u00e3o Jo\u00e3o Batista<\/span><\/h2>\n<p><span style=\"color: #000080\">Isabel e Zacarias partem de <a title=\"Clique aqui\" href=\"http:\/\/blog.cancaonova.com\/evangelizadorperegrino\/2013\/06\/27\/1304\/\" target=\"_blank\"><span style=\"color: #ff0000\">Ein Karen<\/span><\/a> na companhia de Maria, para o local do nascimento de Jo\u00e3o Batista<\/span><span style=\"color: #000080\">.<\/span><\/p>\n<p><span style=\"color: #000080\">Completando o tempo da gravidez, Isabel deu a luz um filho. Os vizinhos e os parentes ouviram quanta miseric\u00f3rdia o Senhor lhe tinha demonstrado, e alegravam-se com ela. No oitavo dia, foram circuncidar o menino e queriam dar-lhe o nome de seu pai, Zacarias.<\/span><\/p>\n<p><span style=\"color: #000080\">Perguntaram a Zacarias como gostaria que o menino fosse chamado e ao escrever em uma tabuinha \u201cJo\u00e3o \u00e9 o seu nome\u201d, e todos ficaram admirados, pois no mesmo instante sua boca se abriu, a l\u00edngua se soltou e ele come\u00e7ou a louvar a Deus. Lc 1,57-59; 63-64<\/span><\/p>\n<p><a href=\"http:\/\/blog.cancaonova.com\/evangelizadorperegrino\/files\/2013\/07\/197BATISTA.jpg\"><img loading=\"lazy\" decoding=\"async\" class=\"size-full wp-image-1340 \" alt=\"Gruta do nascimento de Jo\u00e3o\" src=\"http:\/\/blog.cancaonova.com\/evangelizadorperegrino\/files\/2013\/07\/197BATISTA.jpg\" width=\"550\" height=\"333\" srcset=\"https:\/\/blog.cancaonova.com\/evangelizadorperegrino\/files\/2013\/07\/197BATISTA.jpg 1504w, https:\/\/blog.cancaonova.com\/evangelizadorperegrino\/files\/2013\/07\/197BATISTA-300x181.jpg 300w, https:\/\/blog.cancaonova.com\/evangelizadorperegrino\/files\/2013\/07\/197BATISTA-1024x620.jpg 1024w\" sizes=\"(max-width: 550px) 100vw, 550px\" \/><\/a><\/p>\n<p><span style=\"color: #000080\">A igreja foi constru\u00edda sobre a gruta do nascimento de S\u00e3o Jo\u00e3o Batista.<\/span><\/p>\n<p><span style=\"color: #000080\">Encontramos um altar e em baixo existe uma frase que expressa a miss\u00e3o de jo\u00e3o, &#8220;Hic precursor Domini Est &#8211; Aqui nasceu o precursor do Senhor&#8221;.<\/span><\/p>\n<p><span style=\"color: #000080\">&#8220;Eis que envio meu mensageiro \u00e0 tua frente, para preparar o teu caminho diante de ti.&#8221; Mt 11,10<\/span><\/p>\n<p><a href=\"http:\/\/blog.cancaonova.com\/evangelizadorperegrino\/files\/2013\/07\/Local-do-nascimento-de-Jo\u00e3o.jpg\"><img loading=\"lazy\" decoding=\"async\" class=\"aligncenter size-full wp-image-1344\" alt=\"\" src=\"http:\/\/blog.cancaonova.com\/evangelizadorperegrino\/files\/2013\/07\/Local-do-nascimento-de-Jo\u00e3o.jpg\" width=\"450\" height=\"350\" srcset=\"https:\/\/blog.cancaonova.com\/evangelizadorperegrino\/files\/2013\/07\/Local-do-nascimento-de-Jo\u00e3o.jpg 450w, https:\/\/blog.cancaonova.com\/evangelizadorperegrino\/files\/2013\/07\/Local-do-nascimento-de-Jo\u00e3o-300x233.jpg 300w\" sizes=\"(max-width: 450px) 100vw, 450px\" \/><\/a><\/p>\n<p><span style=\"color: #000080\">Este \u00e9 o local do nascimento de Jo\u00e3o.<\/span><\/p>\n<p><span style=\"color: #000080\">Ap\u00f3s ter escrito o nome de seu filho, sua l\u00edngua se soltou e ele come\u00e7ou a louvar a Deus, e no p\u00e1tio da Igreja temos algumas placas, em v\u00e1rias l\u00ednguas com a ora\u00e7\u00e3o de Zacarias:<\/span><\/p>\n<p><span style=\"color: #000080\">&#8220;Bendito seja o Senhor, Deus de Israel, porque visitou e libertou o seu povo. Ele fez surgir para n\u00f3s um poderoso salvador na casa de Davi, seu servo, assim como tinha prometido desde os tempos antigos, pela boca dos seus santos profetas.&#8221; Lc 1,68-70 <\/span><\/p>\n<p><span style=\"color: #000080\"><a href=\"http:\/\/blog.cancaonova.com\/evangelizadorperegrino\/files\/2013\/07\/Ora\u00e7\u00e3o-de-Zacarias.jpg\"><img loading=\"lazy\" decoding=\"async\" class=\"aligncenter size-full wp-image-1348\" alt=\"Placa de ora\u00e7\u00e3o de Zacarias\" src=\"http:\/\/blog.cancaonova.com\/evangelizadorperegrino\/files\/2013\/07\/Ora\u00e7\u00e3o-de-Zacarias.jpg\" width=\"301\" height=\"450\" srcset=\"https:\/\/blog.cancaonova.com\/evangelizadorperegrino\/files\/2013\/07\/Ora\u00e7\u00e3o-de-Zacarias.jpg 301w, https:\/\/blog.cancaonova.com\/evangelizadorperegrino\/files\/2013\/07\/Ora\u00e7\u00e3o-de-Zacarias-200x300.jpg 200w\" sizes=\"(max-width: 301px) 100vw, 301px\" \/><\/a><\/span><\/p>\n<p><span style=\"color: #000080\">Maria ficou tr\u00eas meses com Isabel. Depois, voltou para sua casa. Lc 1,56<\/span><\/p>\n<p><span style=\"color: #000080\">Quero ressaltar que Maria ficou na companhia de sua prima para servir.<\/span><\/p>\n<p><span style=\"color: #000080\">Esta \u00e9 a imagem do interior da Igreja, o altar central. <\/span><span style=\"color: #000080\">Maria \u00e9 aquela que est\u00e1 entre Zacarias e Isabel.<\/span><\/p>\n<p><span style=\"color: #000080\"><a href=\"http:\/\/blog.cancaonova.com\/evangelizadorperegrino\/files\/2013\/07\/Interior-da-Igreja-de-S\u00e3o-Jo\u00e3o.jpg\"><img loading=\"lazy\" decoding=\"async\" class=\"aligncenter size-full wp-image-1354\" alt=\"\" src=\"http:\/\/blog.cancaonova.com\/evangelizadorperegrino\/files\/2013\/07\/Interior-da-Igreja-de-S\u00e3o-Jo\u00e3o.jpg\" width=\"450\" height=\"301\" srcset=\"https:\/\/blog.cancaonova.com\/evangelizadorperegrino\/files\/2013\/07\/Interior-da-Igreja-de-S\u00e3o-Jo\u00e3o.jpg 450w, https:\/\/blog.cancaonova.com\/evangelizadorperegrino\/files\/2013\/07\/Interior-da-Igreja-de-S\u00e3o-Jo\u00e3o-300x200.jpg 300w\" sizes=\"(max-width: 450px) 100vw, 450px\" \/><\/a><\/span><\/p>\n<p><span style=\"color: #000080\">Diante de toda a hist\u00f3ria, consideramos este lugar muito especial, pois tocamos na miss\u00e3o daqueles que deram o sim para a vontade de Deus, por meio do anuncio do anjo. <\/span><\/p>\n<p><span style=\"color: #000080\">Deus tinha um designo para a vida de Maria e Jos\u00e9, Zacarias e Isabel e eles foram d\u00f3ceis.<\/span><\/p>\n","protected":false},"excerpt":{"rendered":"<p>Igreja de S\u00e3o Jo\u00e3o Batista Isabel e Zacarias partem de Ein Karen na companhia de Maria, para o local do nascimento de Jo\u00e3o Batista. Completando o tempo da gravidez, Isabel deu a luz um filho. Os vizinhos e os parentes&#8230;<\/p>\n","protected":false},"author":4398,"featured_media":0,"comment_status":"open","ping_status":"open","sticky":false,"template":"","format":"standard","meta":{"_mi_skip_tracking":false,"_monsterinsights_sitenote_active":false,"_monsterinsights_sitenote_note":"","_monsterinsights_sitenote_category":0,"footnotes":""},"categories":[23,261],"tags":[140540,18533,76392,19785],"_links":{"self":[{"href":"https:\/\/blog.cancaonova.com\/evangelizadorperegrino\/wp-json\/wp\/v2\/posts\/1339"}],"collection":[{"href":"https:\/\/blog.cancaonova.com\/evangelizadorperegrino\/wp-json\/wp\/v2\/posts"}],"about":[{"href":"https:\/\/blog.cancaonova.com\/evangelizadorperegrino\/wp-json\/wp\/v2\/types\/post"}],"author":[{"embeddable":true,"href":"https:\/\/blog.cancaonova.com\/evangelizadorperegrino\/wp-json\/wp\/v2\/users\/4398"}],"replies":[{"embeddable":true,"href":"https:\/\/blog.cancaonova.com\/evangelizadorperegrino\/wp-json\/wp\/v2\/comments?post=1339"}],"version-history":[{"count":12,"href":"https:\/\/blog.cancaonova.com\/evangelizadorperegrino\/wp-json\/wp\/v2\/posts\/1339\/revisions"}],"predecessor-version":[{"id":2119,"href":"https:\/\/blog.cancaonova.com\/evangelizadorperegrino\/wp-json\/wp\/v2\/posts\/1339\/revisions\/2119"}],"wp:attachment":[{"href":"https:\/\/blog.cancaonova.com\/evangelizadorperegrino\/wp-json\/wp\/v2\/media?parent=1339"}],"wp:term":[{"taxonomy":"category","embeddable":true,"href":"https:\/\/blog.cancaonova.com\/evangelizadorperegrino\/wp-json\/wp\/v2\/categories?post=1339"},{"taxonomy":"post_tag","embeddable":true,"href":"https:\/\/blog.cancaonova.com\/evangelizadorperegrino\/wp-json\/wp\/v2\/tags?post=1339"}],"curies":[{"name":"wp","href":"https:\/\/api.w.org\/{rel}","templated":true}]}}