{"id":1375,"date":"2013-07-10T15:29:58","date_gmt":"2013-07-10T18:29:58","guid":{"rendered":"http:\/\/blog.cancaonova.com\/evangelizadorperegrino\/?p=1375"},"modified":"2013-07-19T15:01:39","modified_gmt":"2013-07-19T18:01:39","slug":"angelus","status":"publish","type":"post","link":"https:\/\/blog.cancaonova.com\/evangelizadorperegrino\/angelus\/","title":{"rendered":"Angelus"},"content":{"rendered":"<div id=\"attachment_1379\" style=\"width: 490px\" class=\"wp-caption aligncenter\"><a href=\"http:\/\/blog.cancaonova.com\/evangelizadorperegrino\/files\/2013\/07\/C\u00f3pia-de-gruta-anuncia\u00e7\u00e3o.jpg\"><img loading=\"lazy\" decoding=\"async\" aria-describedby=\"caption-attachment-1379\" class=\"size-full wp-image-1379\" src=\"http:\/\/blog.cancaonova.com\/evangelizadorperegrino\/files\/2013\/07\/C\u00f3pia-de-gruta-anuncia\u00e7\u00e3o.jpg\" alt=\"\" width=\"480\" height=\"360\" srcset=\"https:\/\/blog.cancaonova.com\/evangelizadorperegrino\/files\/2013\/07\/C\u00f3pia-de-gruta-anuncia\u00e7\u00e3o.jpg 480w, https:\/\/blog.cancaonova.com\/evangelizadorperegrino\/files\/2013\/07\/C\u00f3pia-de-gruta-anuncia\u00e7\u00e3o-300x225.jpg 300w\" sizes=\"(max-width: 480px) 100vw, 480px\" \/><\/a><p id=\"caption-attachment-1379\" class=\"wp-caption-text\">Local da anuncia\u00e7\u00e3o do Anjo Gabriel a Nossa Senhora<\/p><\/div>\n<p><span style=\"color: #000080;\">Por meio das palavras do Anjo, a voca\u00e7\u00e3o de Maria \u00e9 anunciada.<!--more--><br \/>\n<\/span><\/p>\n<p><span style=\"color: #000080;\">Maria foi preparada e escolhida, desde toda eternidade para o plano de amor e salva\u00e7\u00e3o do Pai. Assim foi chamada por Deus para ser a M\u00e3e de Jesus.<\/span><\/p>\n<p><span style=\"color: #000080;\">Conceber\u00e1s e dar\u00e1s \u00e0 luz um filho, e lhe por\u00e1s o nome de Jesus. Lc 1,31<\/span><\/p>\n<p><span style=\"color: #000080;\">O significado de Jesus em hebraico \u00e9 Deus salva e neste momento o anjo exprime a identidade e a miss\u00e3o de seu Filho.<\/span><\/p>\n<p><span style=\"color: #000080;\">Maria aceita livremente esta coopera\u00e7\u00e3o e a sua resposta precede a encarna\u00e7\u00e3o de Jesus. <\/span><span style=\"color: #000080;\">Deus quis precisar de uma criatura.<\/span><\/p>\n<p><span style=\"color: #000080;\">Foi na f\u00e9 de sua humilde serva, que o Dom de Deus encontrou acolhimento. Ela foi santificada pelo Esp\u00edrito Santo e enriquecida com dons dignos para tamanha fun\u00e7\u00e3o.<\/span><\/p>\n<p><span style=\"color: #000080;\">Assim como uma mulher contribuiu para a morte, uma mulher tamb\u00e9m contribui para a vida. CIC 488<\/span><\/p>\n<p><span style=\"color: #000080;\">A resposta de Maria, \u201cfa\u00e7a-se em mim segundo a tua palavra\u201d foi realizada sob a mo\u00e7\u00e3o da gra\u00e7a de Deus, um consentimento dado na f\u00e9 que colabora com a obra que Jesus realizaria.<\/span><\/p>\n<p><span style=\"color: #000080;\">Esta resposta <em>\u201cFiat\u201d<\/em> \u00e9 a ora\u00e7\u00e3o crist\u00e3: ser todo dele porque Ele \u00e9 todo nosso.<\/span><\/p>\n<p><span style=\"color: #000080;\">Maria vem nos ensinar que, precisamos estar dispostos a mo\u00e7\u00e3o de Deus em nossas vidas. <\/span><\/p>\n<p><span style=\"color: #000080;\">Da mesma forma que Deus quis precisar de Maria para uma fun\u00e7\u00e3o t\u00e3o grandiosa, ele precisa de cada um de n\u00f3s.<\/span><\/p>\n<p><span style=\"color: #000080;\">Maria foi um instrumento nas m\u00e3os de Deus, que sejamos por meio da nossa intercess\u00e3o e evangeliza\u00e7\u00e3o instrumentos para aqueles que est\u00e3o ao nosso redor.<\/span><\/p>\n<p><span style=\"color: #000080;\">Podemos ser instrumentos de Deus por meio de um sorriso ou uma palavra como, \u201cDeus te aben\u00e7oe\u201d. Atrav\u00e9s de nossa voca\u00e7\u00e3o, Deus pode visitar e transformar a vida de muitas pessoas.<\/span><\/p>\n<p><span style=\"color: #000080;\">A maternidade de Maria perdura desde a anuncia\u00e7\u00e3o e se estende a n\u00f3s, por isso ela \u00e9 a bem-aventurada Virgem Maria.<\/span><\/p>\n<p><span style=\"color: #000080;\">Invocada por seus filhos, ela tem os t\u00edtulos de advogada, auxiliadora, protetora, medianeira e etc.<\/span><\/p>\n<p><span style=\"color: #000080;\">Maria \u00e9 a nossa M\u00e3e e intercede por cada um de n\u00f3s. Depositemos todo o nosso amor e confian\u00e7a sob a sua intercess\u00e3o.<\/span><\/p>\n","protected":false},"excerpt":{"rendered":"<p>Por meio das palavras do Anjo, a voca\u00e7\u00e3o de Maria \u00e9 anunciada.<\/p>\n","protected":false},"author":4398,"featured_media":0,"comment_status":"open","ping_status":"open","sticky":false,"template":"","format":"standard","meta":{"_mi_skip_tracking":false,"_monsterinsights_sitenote_active":false,"_monsterinsights_sitenote_note":"","_monsterinsights_sitenote_category":0,"footnotes":""},"categories":[23,261],"tags":[16076,34470,140546,140547,140545],"_links":{"self":[{"href":"https:\/\/blog.cancaonova.com\/evangelizadorperegrino\/wp-json\/wp\/v2\/posts\/1375"}],"collection":[{"href":"https:\/\/blog.cancaonova.com\/evangelizadorperegrino\/wp-json\/wp\/v2\/posts"}],"about":[{"href":"https:\/\/blog.cancaonova.com\/evangelizadorperegrino\/wp-json\/wp\/v2\/types\/post"}],"author":[{"embeddable":true,"href":"https:\/\/blog.cancaonova.com\/evangelizadorperegrino\/wp-json\/wp\/v2\/users\/4398"}],"replies":[{"embeddable":true,"href":"https:\/\/blog.cancaonova.com\/evangelizadorperegrino\/wp-json\/wp\/v2\/comments?post=1375"}],"version-history":[{"count":6,"href":"https:\/\/blog.cancaonova.com\/evangelizadorperegrino\/wp-json\/wp\/v2\/posts\/1375\/revisions"}],"predecessor-version":[{"id":1436,"href":"https:\/\/blog.cancaonova.com\/evangelizadorperegrino\/wp-json\/wp\/v2\/posts\/1375\/revisions\/1436"}],"wp:attachment":[{"href":"https:\/\/blog.cancaonova.com\/evangelizadorperegrino\/wp-json\/wp\/v2\/media?parent=1375"}],"wp:term":[{"taxonomy":"category","embeddable":true,"href":"https:\/\/blog.cancaonova.com\/evangelizadorperegrino\/wp-json\/wp\/v2\/categories?post=1375"},{"taxonomy":"post_tag","embeddable":true,"href":"https:\/\/blog.cancaonova.com\/evangelizadorperegrino\/wp-json\/wp\/v2\/tags?post=1375"}],"curies":[{"name":"wp","href":"https:\/\/api.w.org\/{rel}","templated":true}]}}