{"id":1490,"date":"2015-12-08T20:59:04","date_gmt":"2015-12-08T23:59:04","guid":{"rendered":"http:\/\/blog.cancaonova.com\/evangelizadorperegrino\/?p=1490"},"modified":"2015-12-08T23:23:22","modified_gmt":"2015-12-09T02:23:22","slug":"uma-historia-e-uma-descendencia","status":"publish","type":"post","link":"https:\/\/blog.cancaonova.com\/evangelizadorperegrino\/uma-historia-e-uma-descendencia\/","title":{"rendered":"A hist\u00f3ria de uma descend\u00eancia"},"content":{"rendered":"<p><span style=\"color: #000080;font-size: 14px;line-height: 19px\">Sara era casada com Abra\u00e3o e n\u00e3o tinha filhos.<\/span><\/p>\n<p><span style=\"color: #000080\">Por isso disse a Abra\u00e3o: \u201cEis que o Senhor me fez est\u00e9ril; rogo-te que tomes a minha escrava, para ver se, ao menos por ela, eu posso ter filhos.\u201d Abr\u00e3o aceitou a proposta de Sara. Gn 16,2<\/span><\/p>\n<p><span style=\"color: #000080\">Agar concebeu e deu a luz a um filho e colocou o nome de Ismael, segundo pedido do anjo que lhe apareceu.<\/span><\/p>\n<p><span style=\"color: #000080\">Mas Deus disse a Abra\u00e3o que Sara iria ser aben\u00e7oada e conceberia um filho, que seria m\u00e3e de na\u00e7\u00f5es. E que era Sara a sua mulher e n\u00e3o Agar.<\/span><\/p>\n<p><span style=\"color: #000080\">E o Senhor continuou dizendo, \u201cminha alian\u00e7a eu a farei com Isaac, e Sara te dar\u00e1 \u00e0 luz dentro de um ano, nesta mesma \u00e9poca\u201d.<\/span><\/p>\n<p><span style=\"color: #000080\">Depois do nascimento de Isaac que era o \u00fanico herdeiro, Sara despediu Agar e seu filho Ismael.<\/span><\/p>\n<p><span style=\"color: #000080\">Agar foi embora conforme havia pedido e chorou, mas o Senhor a confortou dizendo que Ismael teria uma grande na\u00e7\u00e3o. Gn 21,18<\/span><\/p>\n<p><span style=\"color: #000080\">Ismael teve a sua descend\u00eancia com doze filhos. Eles fizeram de seu nome uma cidade e tornaram chefes de suas tribos. Gn 25,12 e 16<\/span><\/p>\n<p><span style=\"color: #000080\">Isaac casou com Rebeca e tiveram dois filhos g\u00eameos, Esa\u00fa o mais velho e Jac\u00f3.<\/span><\/p>\n<p><span style=\"color: #000080\"><a href=\"http:\/\/blog.cancaonova.com\/evangelizadorperegrino\/files\/2013\/07\/29_07_2013_14_25_22.jpg\"><img loading=\"lazy\" decoding=\"async\" class=\"aligncenter size-full wp-image-1491\" src=\"http:\/\/blog.cancaonova.com\/evangelizadorperegrino\/files\/2013\/07\/29_07_2013_14_25_22.jpg\" alt=\"\" width=\"450\" height=\"337\" srcset=\"https:\/\/blog.cancaonova.com\/evangelizadorperegrino\/files\/2013\/07\/29_07_2013_14_25_22.jpg 450w, https:\/\/blog.cancaonova.com\/evangelizadorperegrino\/files\/2013\/07\/29_07_2013_14_25_22-300x224.jpg 300w\" sizes=\"(max-width: 450px) 100vw, 450px\" \/><\/a><\/span><\/p>\n<p><span style=\"color: #000080\">Esa\u00fa vendeu a sua primogenitura por um prato de lentilha, e n\u00e3o conseguiu ser aben\u00e7oado por Isaac seu pai, pois seu irm\u00e3o Jac\u00f3 o enganou dizendo ser o primog\u00eanito. Gn 27,1-46<\/span><\/p>\n<p><span style=\"color: #000080\">Diante de toda a sua amargura, Esa\u00fa disse: Jac\u00f3 tirou-me meu direito de primogenitura, e eis que agora me rouba a minha ben\u00e7\u00e3o. Gn 27,36<\/span><\/p>\n<p><span style=\"color: #000080\">Jac\u00f3 estava indo para Pad\u00e3-Ar\u00e3 e ao despedir de Isaac, o proibiu de casar-se com as filhas de Ismael e de sua descend\u00eancia.<\/span><\/p>\n<p><span style=\"color: #000080\">Esa\u00fa chamava-se tamb\u00e9m Edom (significa vermelho), vendo a obedi\u00eancia de seu irm\u00e3o, foi \u00e0 casa de Ismael e tomou por mulher uma de suas filhas. Gn 28,9<\/span><\/p>\n<p><span style=\"color: #000080\">Ismael e Isaac eram filhos de Abra\u00e3o e foram separados, pois Sara havia despedido Agar, a escrava.<\/span><\/p>\n<p><span style=\"color: #000080\">Ambos constitu\u00edram sua descend\u00eancia e tribo perante a vontade de Deus.<\/span><\/p>\n<p><span style=\"color: #000080\">Isaac pro\u00edbe seus filhos de se casarem com uma das filhas de Ismael, pois eram irm\u00e3os, mas a pedido de Sara houve a separa\u00e7\u00e3o.<\/span><\/p>\n<p><span style=\"color: #000080\">Acreditava que Isaac era aben\u00e7oado e Ismael, por ser o filho da escrava n\u00e3o.<\/span><\/p>\n<p><span style=\"color: #000080\">Mas estas duas descend\u00eancias de encontram, Esa\u00fa se casa com uma das filhas de Ismael, irm\u00e3o de Isaac e filhos de Abra\u00e3o.<\/span><\/p>\n<p><span style=\"color: #000080\">Esa\u00fa tornou-se chefe de uma grande na\u00e7\u00e3o, os edomitas.<\/span><\/p>\n<p><span style=\"color: #000080\">Esa\u00fa e Jac\u00f3 se encontram, com suas esposas e filhos e se perdoam: Esa\u00fa correu-lhe ao encontro e beijou-o; ele atirou-se ao seu pesco\u00e7o e beijou-o; e puseram-se a chorar. Gn 33,4<\/span><\/p>\n<p><span style=\"color: #000080\">A cidade de Petra foi habitada pelos edomitas e a partir do s\u00e9culo VII a.C a presen\u00e7a dos <a title=\"Clique aqui\" href=\"http:\/\/blog.cancaonova.com\/evangelizadorperegrino\/2013\/07\/25\/a-cidade-cor-de-rosa\/\" target=\"_blank\">nabateus<\/a> foi predominante.<\/span><\/p>\n","protected":false},"excerpt":{"rendered":"<p>Sara era casada com Abra\u00e3o e n\u00e3o tinha filhos. Por isso disse a Abra\u00e3o: \u201cEis que o Senhor me fez est\u00e9ril; rogo-te que tomes a minha escrava, para ver se, ao menos por ela, eu posso ter filhos.\u201d Abr\u00e3o aceitou&#8230;<\/p>\n","protected":false},"author":4398,"featured_media":0,"comment_status":"open","ping_status":"open","sticky":false,"template":"","format":"standard","meta":{"_mi_skip_tracking":false,"_monsterinsights_sitenote_active":false,"_monsterinsights_sitenote_note":"","_monsterinsights_sitenote_category":0,"footnotes":""},"categories":[23],"tags":[31355,28400,115954,28399,16668],"_links":{"self":[{"href":"https:\/\/blog.cancaonova.com\/evangelizadorperegrino\/wp-json\/wp\/v2\/posts\/1490"}],"collection":[{"href":"https:\/\/blog.cancaonova.com\/evangelizadorperegrino\/wp-json\/wp\/v2\/posts"}],"about":[{"href":"https:\/\/blog.cancaonova.com\/evangelizadorperegrino\/wp-json\/wp\/v2\/types\/post"}],"author":[{"embeddable":true,"href":"https:\/\/blog.cancaonova.com\/evangelizadorperegrino\/wp-json\/wp\/v2\/users\/4398"}],"replies":[{"embeddable":true,"href":"https:\/\/blog.cancaonova.com\/evangelizadorperegrino\/wp-json\/wp\/v2\/comments?post=1490"}],"version-history":[{"count":3,"href":"https:\/\/blog.cancaonova.com\/evangelizadorperegrino\/wp-json\/wp\/v2\/posts\/1490\/revisions"}],"predecessor-version":[{"id":2702,"href":"https:\/\/blog.cancaonova.com\/evangelizadorperegrino\/wp-json\/wp\/v2\/posts\/1490\/revisions\/2702"}],"wp:attachment":[{"href":"https:\/\/blog.cancaonova.com\/evangelizadorperegrino\/wp-json\/wp\/v2\/media?parent=1490"}],"wp:term":[{"taxonomy":"category","embeddable":true,"href":"https:\/\/blog.cancaonova.com\/evangelizadorperegrino\/wp-json\/wp\/v2\/categories?post=1490"},{"taxonomy":"post_tag","embeddable":true,"href":"https:\/\/blog.cancaonova.com\/evangelizadorperegrino\/wp-json\/wp\/v2\/tags?post=1490"}],"curies":[{"name":"wp","href":"https:\/\/api.w.org\/{rel}","templated":true}]}}