{"id":1537,"date":"2013-08-05T07:04:03","date_gmt":"2013-08-05T10:04:03","guid":{"rendered":"http:\/\/blog.cancaonova.com\/evangelizadorperegrino\/?p=1537"},"modified":"2013-08-02T10:30:52","modified_gmt":"2013-08-02T13:30:52","slug":"exercite-se","status":"publish","type":"post","link":"https:\/\/blog.cancaonova.com\/evangelizadorperegrino\/exercite-se\/","title":{"rendered":"Exercite-se!"},"content":{"rendered":"<p><span style=\"color: #000080\">Quando estamos realizando um projeto ou esperando uma resposta de algo importante e recebemos uma not\u00edcia desagrad\u00e1vel, pensamos e nos questionamos \u201co que e porque n\u00e3o deu certo?\u201d<br \/>\nProcuramos dar respostas, n\u00e3o dormimos, n\u00e3o comemos e o nosso cora\u00e7\u00e3o se fica completamente angustiado.<br \/>\nO foco da nossa vida se vira somente para murmura\u00e7\u00f5es e desprazeres, at\u00e9 parece que o mundo acabou.<br \/>\nDiante de toda a tempestade, com os sentimentos interiores ou situa\u00e7\u00f5es externas, que tiram a nossa paz, tem um importante aprendizado&#8230; N\u00e3o deixe que o seu cora\u00e7\u00e3o se rompa, n\u00e3o abra uma brecha sobre ele.<br \/>\nFa\u00e7a isso com a inten\u00e7\u00e3o e pense em Deus que habita em seu cora\u00e7\u00e3o. Responda para si mesmo, &#8220;a quem pertence o meu cora\u00e7\u00e3o?&#8221;<br \/>\nQue este momento n\u00e3o seja uma brecha para que outras coisas m\u00e1s entrem no cora\u00e7\u00e3o deixando o frio e indiferente a situa\u00e7\u00f5es e pessoas que est\u00e3o ao nosso redor.<br \/>\nPassamos por situa\u00e7\u00f5es dif\u00edceis, por problemas muitas vezes sem solu\u00e7\u00e3o de desemprego ou de sa\u00fade, mas o seu cora\u00e7\u00e3o \u00e9 de Jesus. Esta \u00e9 a meta, pois \u00e9 o c\u00e9u o nosso lugar.<br \/>\nQue o amargor da situa\u00e7\u00e3o, que \u00e9 passageira, n\u00e3o frustre os planos de Deus para a sua vida.<br \/>\nO Senhor tem algo melhor e ir\u00e1 lhe surpreender. Am\u00e9m!?<br \/>\nVoc\u00ea acredita?<br \/>\nQuero dar um exemplo, o nosso cora\u00e7\u00e3o est\u00e1 vivendo uma busca de santidade e de amor, a nossa luta interior \u00e9 para viver bem com as pessoas que nos rodeiam dando respostas positivas. Quantas vezes nos deparamos dando um conselho, falando coisas maravilhosas de experi\u00eancias lindas com o Senhor.<\/span><\/p>\n<p><span style=\"color: #000080\"><a href=\"http:\/\/blog.cancaonova.com\/evangelizadorperegrino\/files\/2013\/08\/tempestade-300x168.jpg\"><img loading=\"lazy\" decoding=\"async\" class=\"aligncenter size-full wp-image-1540\" src=\"http:\/\/blog.cancaonova.com\/evangelizadorperegrino\/files\/2013\/08\/tempestade-300x168.jpg\" alt=\"\" width=\"300\" height=\"168\" \/><\/a><br \/>\nPodemos comparar o nosso cora\u00e7\u00e3o como a casquinha do ovo, engra\u00e7ado n\u00e3o \u00e9? Vamos l\u00e1&#8230;<br \/>\nAs coisas negativas que acontecem em nossas vidas n\u00e3o podem quebrar esta casquinha, precisamos fazer um exerc\u00edcio de fechar qualquer rachadura.<br \/>\nO nosso cora\u00e7\u00e3o precisa estar puro, pois nas bem aventuran\u00e7as o Senhor nos falou \u201cBem aventurados os puros de cora\u00e7\u00e3o, porque ver\u00e3o a Deus\u201d MT 5,8.<br \/>\nOlhando no dicion\u00e1rio puro significa, sem mistura, genu\u00edno, verdadeiro, casto e etc.<br \/>\nAssim precisa estar o nosso cora\u00e7\u00e3o, mas conte com a gra\u00e7a de Deus..<br \/>\nReze o ter\u00e7o, participe da Santa Missa, ocupando primeiro os pensamentos com coisas boas para que possa cair no cora\u00e7\u00e3o.<\/span><\/p>\n<p><span style=\"color: #000080\">Este \u00e9 o exerc\u00edcio para que no momento em que a tribula\u00e7\u00e3o passar voc\u00ea possa permanecer com o seu cora\u00e7\u00e3o em Deus e feliz por n\u00e3o ter se quebrado, ca\u00eddo no pecado da murmura\u00e7\u00e3o, da tristeza.<br \/>\nMas se voc\u00ea caiu, levante-se e confesse-se, diga ao padre sobre a sua tristeza, pois ela matou a muitos. Fale da murmura\u00e7\u00e3o, pois ela afasta as pessoas da sua vida e a ben\u00e7\u00e3o.<br \/>\nCoragem!<br \/>\nPrecisamos estar com o nosso cora\u00e7\u00e3o confiante no Senhor!<br \/>\nProclame esta palavra: O Senhor \u00e9 a minha luz e a minha salva\u00e7\u00e3o; de quem terei medo?<br \/>\nO Senhor \u00e9 quem defende a minha vida; a quem temerei? Sl 27,1<br \/>\nBom dia com as b\u00ean\u00e7\u00e3os de Deus!!<\/span><\/p>\n","protected":false},"excerpt":{"rendered":"<p>Quando estamos realizando um projeto ou esperando uma resposta de algo importante e recebemos uma not\u00edcia desagrad\u00e1vel, pensamos e nos questionamos \u201co que e porque n\u00e3o deu certo?\u201d Procuramos dar respostas, n\u00e3o dormimos, n\u00e3o comemos e o nosso cora\u00e7\u00e3o se&#8230;<\/p>\n","protected":false},"author":4398,"featured_media":0,"comment_status":"open","ping_status":"open","sticky":false,"template":"","format":"standard","meta":{"_mi_skip_tracking":false,"_monsterinsights_sitenote_active":false,"_monsterinsights_sitenote_note":"","_monsterinsights_sitenote_category":0,"footnotes":""},"categories":[23,261],"tags":[55880,17102,19616,16140,25307,27326],"_links":{"self":[{"href":"https:\/\/blog.cancaonova.com\/evangelizadorperegrino\/wp-json\/wp\/v2\/posts\/1537"}],"collection":[{"href":"https:\/\/blog.cancaonova.com\/evangelizadorperegrino\/wp-json\/wp\/v2\/posts"}],"about":[{"href":"https:\/\/blog.cancaonova.com\/evangelizadorperegrino\/wp-json\/wp\/v2\/types\/post"}],"author":[{"embeddable":true,"href":"https:\/\/blog.cancaonova.com\/evangelizadorperegrino\/wp-json\/wp\/v2\/users\/4398"}],"replies":[{"embeddable":true,"href":"https:\/\/blog.cancaonova.com\/evangelizadorperegrino\/wp-json\/wp\/v2\/comments?post=1537"}],"version-history":[{"count":1,"href":"https:\/\/blog.cancaonova.com\/evangelizadorperegrino\/wp-json\/wp\/v2\/posts\/1537\/revisions"}],"predecessor-version":[{"id":1541,"href":"https:\/\/blog.cancaonova.com\/evangelizadorperegrino\/wp-json\/wp\/v2\/posts\/1537\/revisions\/1541"}],"wp:attachment":[{"href":"https:\/\/blog.cancaonova.com\/evangelizadorperegrino\/wp-json\/wp\/v2\/media?parent=1537"}],"wp:term":[{"taxonomy":"category","embeddable":true,"href":"https:\/\/blog.cancaonova.com\/evangelizadorperegrino\/wp-json\/wp\/v2\/categories?post=1537"},{"taxonomy":"post_tag","embeddable":true,"href":"https:\/\/blog.cancaonova.com\/evangelizadorperegrino\/wp-json\/wp\/v2\/tags?post=1537"}],"curies":[{"name":"wp","href":"https:\/\/api.w.org\/{rel}","templated":true}]}}