{"id":1607,"date":"2013-10-04T09:42:05","date_gmt":"2013-10-04T12:42:05","guid":{"rendered":"http:\/\/blog.cancaonova.com\/evangelizadorperegrino\/?p=1607"},"modified":"2013-10-04T09:42:05","modified_gmt":"2013-10-04T12:42:05","slug":"ele-tem-cuidado-de-nos","status":"publish","type":"post","link":"https:\/\/blog.cancaonova.com\/evangelizadorperegrino\/ele-tem-cuidado-de-nos\/","title":{"rendered":"Ele tem cuidado de n\u00f3s"},"content":{"rendered":"<p><a href=\"http:\/\/blog.cancaonova.com\/evangelizadorperegrino\/files\/2013\/10\/images.jpg\"><img loading=\"lazy\" decoding=\"async\" class=\"aligncenter size-full wp-image-1608\" src=\"http:\/\/blog.cancaonova.com\/evangelizadorperegrino\/files\/2013\/10\/images.jpg\" alt=\"\" width=\"300\" height=\"168\" \/><\/a><\/p>\n<p>Estes dias tive uma experi\u00eancia com o Senhor, por meio de um fato bem simples. Eu estava indo para um encontro de casais quando um passarinho caiu no retrovisor do carro e para a minha surpresa ele estava morto.<\/p>\n<p>Assim que o p\u00e1ssaro caiu, lembrei-me da passagem b\u00edblica, \u201cOlhai as aves do c\u00e9u: n\u00e3o semeiam nem ceifam, nem recolhem em celeiros e vosso Pai Celeste as alimenta. N\u00e3o vos aflijais, nem digais: Que comeremos? Que beberemos? Com que vestiremos? Ora o vosso Pai Celeste sabe que necessitais de tudo isso.\u201d<\/p>\n<p>Tantas coisas podemos tirar desta passagem mas naquela situa\u00e7\u00e3o comecei a louvar o Senhor agradecendo a sua providencia em minha vida, louvando pela sua natureza e cria\u00e7\u00e3o. Al\u00e9m disso, sentia muito forte a sua providencia dia a dia em minha vida.<\/p>\n<p>O Senhor quer nos falar e se voc\u00ea n\u00e3o pegar para ler a sua Palavra, ele vai manifestar-se de forma concreta.<\/p>\n<p>Lembrei-me que uma pessoa da Can\u00e7\u00e3o Nova que partilhava sobre esta passagem, dizia: Deus \u00e9 t\u00e3o perfeito em todas as coisas que ele faz \u201cque n\u00e3o vemos uma chuva de p\u00e1ssaros caindo pelo ch\u00e3o\u201d.<\/p>\n<p>Ela estava se referindo \u00e0 fragilidade do bichinho, e a grandeza do Senhor e o seu cuidado.<\/p>\n<p>Trago esta palavras em meu cora\u00e7\u00e3o, e preciso dizer que somos chamados a confiar em Deus e em sua providencia que nos rege.<\/p>\n<p>Tenho assumido em minha vida esta passagem de Mt 6,24-34 como um lema ou um rema que me impulsiona, que me leva para frente.<\/p>\n<p>Sem esquecer e da promessa: \u201cE todas as coisas vos ser\u00e3o dadas em acr\u00e9scimo.\u201d<\/p>\n<p>Trago a disposi\u00e7\u00e3o de viv\u00ea-la mesmo sabendo das minhas limita\u00e7\u00f5es.<\/p>\n<p>Chegando ao retiro, o pregador come\u00e7ou a falar sobre a PROVID\u00caNCIA, Deus estava confirmando o acontecimento daquela manh\u00e3.<\/p>\n<p>Precisamos buscar o Reino de Deus, vivendo sua presen\u00e7a sendo perseverantes. Problemas, contrariedades, fazem parte das nossas vidas, mas, a sua promessa \u00e9 certa.<\/p>\n<p>A minha dedica\u00e7\u00e3o precisa acontecer nas pequenas coisas e gestos, para que a justi\u00e7a de Deus aconte\u00e7a e seja mais forte, vivendo em sua presen\u00e7a com a inten\u00e7\u00e3o de n\u00e3o cair em uma murmura\u00e7\u00e3o ou em pecados graves.<\/p>\n<p>Que a nossa preocupa\u00e7\u00e3o seja depositada no cora\u00e7\u00e3o de Deus.<\/p>\n","protected":false},"excerpt":{"rendered":"<p>Estes dias tive uma experi\u00eancia com o Senhor, por meio de um fato bem simples. Eu estava indo para um encontro de casais quando um passarinho caiu no retrovisor do carro e para a minha surpresa ele estava morto. Assim&#8230;<\/p>\n","protected":false},"author":4398,"featured_media":0,"comment_status":"open","ping_status":"open","sticky":false,"template":"","format":"standard","meta":{"_mi_skip_tracking":false,"_monsterinsights_sitenote_active":false,"_monsterinsights_sitenote_note":"","_monsterinsights_sitenote_category":0,"footnotes":""},"categories":[23],"tags":[26765,17411],"_links":{"self":[{"href":"https:\/\/blog.cancaonova.com\/evangelizadorperegrino\/wp-json\/wp\/v2\/posts\/1607"}],"collection":[{"href":"https:\/\/blog.cancaonova.com\/evangelizadorperegrino\/wp-json\/wp\/v2\/posts"}],"about":[{"href":"https:\/\/blog.cancaonova.com\/evangelizadorperegrino\/wp-json\/wp\/v2\/types\/post"}],"author":[{"embeddable":true,"href":"https:\/\/blog.cancaonova.com\/evangelizadorperegrino\/wp-json\/wp\/v2\/users\/4398"}],"replies":[{"embeddable":true,"href":"https:\/\/blog.cancaonova.com\/evangelizadorperegrino\/wp-json\/wp\/v2\/comments?post=1607"}],"version-history":[{"count":1,"href":"https:\/\/blog.cancaonova.com\/evangelizadorperegrino\/wp-json\/wp\/v2\/posts\/1607\/revisions"}],"predecessor-version":[{"id":1609,"href":"https:\/\/blog.cancaonova.com\/evangelizadorperegrino\/wp-json\/wp\/v2\/posts\/1607\/revisions\/1609"}],"wp:attachment":[{"href":"https:\/\/blog.cancaonova.com\/evangelizadorperegrino\/wp-json\/wp\/v2\/media?parent=1607"}],"wp:term":[{"taxonomy":"category","embeddable":true,"href":"https:\/\/blog.cancaonova.com\/evangelizadorperegrino\/wp-json\/wp\/v2\/categories?post=1607"},{"taxonomy":"post_tag","embeddable":true,"href":"https:\/\/blog.cancaonova.com\/evangelizadorperegrino\/wp-json\/wp\/v2\/tags?post=1607"}],"curies":[{"name":"wp","href":"https:\/\/api.w.org\/{rel}","templated":true}]}}