{"id":1611,"date":"2013-10-04T14:38:38","date_gmt":"2013-10-04T17:38:38","guid":{"rendered":"http:\/\/blog.cancaonova.com\/evangelizadorperegrino\/?p=1611"},"modified":"2013-10-04T14:39:02","modified_gmt":"2013-10-04T17:39:02","slug":"visita-do-santo-papa-a-assis","status":"publish","type":"post","link":"https:\/\/blog.cancaonova.com\/evangelizadorperegrino\/visita-do-santo-papa-a-assis\/","title":{"rendered":"Visita do Santo Papa a Assis"},"content":{"rendered":"<p><span style=\"color: #000080\">Papa Francisco visitou a cidade de Assis, neste dia de S\u00e3o Francisco.<\/span><\/p>\n<p><span style=\"color: #000080\">No convento de S\u00e3o Dami\u00e3o esteve na sala da Espolia\u00e7\u00e3o, local da renuncia de S\u00e3o Francisco aos bens paternos para consagrar-se a Deus.<\/span><\/p>\n<p><span style=\"color: #000080\">E convidou a Igreja a espoliar-se: &#8220;Sem a cruz, sem Jesus, sem espolia\u00e7\u00e3o, seremos crist\u00e3os de confeitaria, ou seja, belos, mas n\u00e3o verdadeiros.&#8221;<\/span><\/p>\n<p><span style=\"color: #000080\"><span style=\"font-size: 14px;line-height: 19px\">Fonte: <\/span><a href=\"http:\/\/pt.radiovaticana.va\/news\/2013\/10\/04\/o_esp%C3%ADrito_do_mundo_%C3%A9_a_lepra_e_o_c%C3%A2ncer_da_igreja_e_da_sociedade,\/bra-734231\">http:\/\/pt.radiovaticana.va\/news\/2013\/10\/04\/o_esp%C3%ADrito_do_mundo_%C3%A9_a_lepra_e_o_c%C3%A2ncer_da_igreja_e_da_sociedade,\/bra-734231<\/a><\/span><\/p>\n","protected":false},"excerpt":{"rendered":"<p>Papa Francisco visitou a cidade de Assis, neste dia de S\u00e3o Francisco. No convento de S\u00e3o Dami\u00e3o esteve na sala da Espolia\u00e7\u00e3o, local da renuncia de S\u00e3o Francisco aos bens paternos para consagrar-se a Deus. E convidou a Igreja a&#8230;<\/p>\n","protected":false},"author":4398,"featured_media":0,"comment_status":"open","ping_status":"open","sticky":false,"template":"","format":"standard","meta":{"_mi_skip_tracking":false,"_monsterinsights_sitenote_active":false,"_monsterinsights_sitenote_note":"","_monsterinsights_sitenote_category":0,"footnotes":""},"categories":[23],"tags":[127646],"_links":{"self":[{"href":"https:\/\/blog.cancaonova.com\/evangelizadorperegrino\/wp-json\/wp\/v2\/posts\/1611"}],"collection":[{"href":"https:\/\/blog.cancaonova.com\/evangelizadorperegrino\/wp-json\/wp\/v2\/posts"}],"about":[{"href":"https:\/\/blog.cancaonova.com\/evangelizadorperegrino\/wp-json\/wp\/v2\/types\/post"}],"author":[{"embeddable":true,"href":"https:\/\/blog.cancaonova.com\/evangelizadorperegrino\/wp-json\/wp\/v2\/users\/4398"}],"replies":[{"embeddable":true,"href":"https:\/\/blog.cancaonova.com\/evangelizadorperegrino\/wp-json\/wp\/v2\/comments?post=1611"}],"version-history":[{"count":2,"href":"https:\/\/blog.cancaonova.com\/evangelizadorperegrino\/wp-json\/wp\/v2\/posts\/1611\/revisions"}],"predecessor-version":[{"id":1614,"href":"https:\/\/blog.cancaonova.com\/evangelizadorperegrino\/wp-json\/wp\/v2\/posts\/1611\/revisions\/1614"}],"wp:attachment":[{"href":"https:\/\/blog.cancaonova.com\/evangelizadorperegrino\/wp-json\/wp\/v2\/media?parent=1611"}],"wp:term":[{"taxonomy":"category","embeddable":true,"href":"https:\/\/blog.cancaonova.com\/evangelizadorperegrino\/wp-json\/wp\/v2\/categories?post=1611"},{"taxonomy":"post_tag","embeddable":true,"href":"https:\/\/blog.cancaonova.com\/evangelizadorperegrino\/wp-json\/wp\/v2\/tags?post=1611"}],"curies":[{"name":"wp","href":"https:\/\/api.w.org\/{rel}","templated":true}]}}