{"id":1661,"date":"2013-10-21T09:54:55","date_gmt":"2013-10-21T12:54:55","guid":{"rendered":"http:\/\/blog.cancaonova.com\/evangelizadorperegrino\/?p=1661"},"modified":"2013-10-21T09:37:09","modified_gmt":"2013-10-21T12:37:09","slug":"1661","status":"publish","type":"post","link":"https:\/\/blog.cancaonova.com\/evangelizadorperegrino\/1661\/","title":{"rendered":"Apari\u00e7\u00e3o do Anjo"},"content":{"rendered":"<div><span style=\"color: #000080\">Primeira pari\u00e7\u00e3o do Anjo em 1916<\/span><\/div>\n<div><span style=\"color: #000080\"><br \/>\n<\/span><\/div>\n<div><span style=\"color: #000080\">O anjo apareceu aos tr\u00eas pastores em F\u00e1tima, Portugal.<\/span><\/div>\n<div><span style=\"color: #000080\"><br \/>\n<\/span><\/div>\n<div><span style=\"color: #000080\">E ele disse:<\/span><\/div>\n<div><span style=\"color: #000080\">&#8220;Come\u00e7amos a ver sobre as \u00e1rvores que se estendiam em dire\u00e7\u00e3o ao Nascente, uma luz mais branca que a neve, com a forma de um jovem, transparente, mais brilhante que um cristal atravessado pelos raio do sol.<\/span><\/div>\n<div><span style=\"color: #000080\">N\u00e3o temais. Sou o Anjo da Paz. Orai comigo.<\/span><\/div>\n<div><span style=\"color: #000080\">Meu Deus, eu creio, adoro, espero e amo-Vos. Pe\u00e7o-Vos perd\u00e3o para que os que n\u00e3o cr\u00eaem, n\u00e3o adoram, n\u00e3o esperam e n\u00e3o Vos amam. Orai assim. Os Cora\u00e7\u00f5es de Jesus e Maria est\u00e3o atentos \u00e0 voz das vossas s\u00faplicas.&#8221;<\/span><\/div>\n<div><span style=\"color: #000080\"><br \/>\n<\/span><\/div>\n<div><span style=\"color: #000080\"><a href=\"http:\/\/blog.cancaonova.com\/evangelizadorperegrino\/files\/2013\/10\/21_10_2013_10_18_33.jpg\"><img loading=\"lazy\" decoding=\"async\" class=\"aligncenter size-full wp-image-1702\" src=\"http:\/\/blog.cancaonova.com\/evangelizadorperegrino\/files\/2013\/10\/21_10_2013_10_18_33.jpg\" alt=\"\" width=\"450\" height=\"360\" srcset=\"https:\/\/blog.cancaonova.com\/evangelizadorperegrino\/files\/2013\/10\/21_10_2013_10_18_33.jpg 450w, https:\/\/blog.cancaonova.com\/evangelizadorperegrino\/files\/2013\/10\/21_10_2013_10_18_33-300x240.jpg 300w\" sizes=\"(max-width: 450px) 100vw, 450px\" \/><\/a><br \/>\n<\/span><\/div>\n","protected":false},"excerpt":{"rendered":"<p>Primeira pari\u00e7\u00e3o do Anjo em 1916 O anjo apareceu aos tr\u00eas pastores em F\u00e1tima, Portugal. E ele disse: &#8220;Come\u00e7amos a ver sobre as \u00e1rvores que se estendiam em dire\u00e7\u00e3o ao Nascente, uma luz mais branca que a neve, com a&#8230;<\/p>\n","protected":false},"author":4398,"featured_media":0,"comment_status":"open","ping_status":"open","sticky":false,"template":"","format":"standard","meta":{"_mi_skip_tracking":false,"_monsterinsights_sitenote_active":false,"_monsterinsights_sitenote_note":"","_monsterinsights_sitenote_category":0,"footnotes":""},"categories":[23,7531],"tags":[22496],"_links":{"self":[{"href":"https:\/\/blog.cancaonova.com\/evangelizadorperegrino\/wp-json\/wp\/v2\/posts\/1661"}],"collection":[{"href":"https:\/\/blog.cancaonova.com\/evangelizadorperegrino\/wp-json\/wp\/v2\/posts"}],"about":[{"href":"https:\/\/blog.cancaonova.com\/evangelizadorperegrino\/wp-json\/wp\/v2\/types\/post"}],"author":[{"embeddable":true,"href":"https:\/\/blog.cancaonova.com\/evangelizadorperegrino\/wp-json\/wp\/v2\/users\/4398"}],"replies":[{"embeddable":true,"href":"https:\/\/blog.cancaonova.com\/evangelizadorperegrino\/wp-json\/wp\/v2\/comments?post=1661"}],"version-history":[{"count":6,"href":"https:\/\/blog.cancaonova.com\/evangelizadorperegrino\/wp-json\/wp\/v2\/posts\/1661\/revisions"}],"predecessor-version":[{"id":2115,"href":"https:\/\/blog.cancaonova.com\/evangelizadorperegrino\/wp-json\/wp\/v2\/posts\/1661\/revisions\/2115"}],"wp:attachment":[{"href":"https:\/\/blog.cancaonova.com\/evangelizadorperegrino\/wp-json\/wp\/v2\/media?parent=1661"}],"wp:term":[{"taxonomy":"category","embeddable":true,"href":"https:\/\/blog.cancaonova.com\/evangelizadorperegrino\/wp-json\/wp\/v2\/categories?post=1661"},{"taxonomy":"post_tag","embeddable":true,"href":"https:\/\/blog.cancaonova.com\/evangelizadorperegrino\/wp-json\/wp\/v2\/tags?post=1661"}],"curies":[{"name":"wp","href":"https:\/\/api.w.org\/{rel}","templated":true}]}}