{"id":1676,"date":"2013-10-16T08:41:25","date_gmt":"2013-10-16T11:41:25","guid":{"rendered":"http:\/\/blog.cancaonova.com\/evangelizadorperegrino\/?p=1676"},"modified":"2013-10-16T09:38:14","modified_gmt":"2013-10-16T12:38:14","slug":"1676","status":"publish","type":"post","link":"https:\/\/blog.cancaonova.com\/evangelizadorperegrino\/1676\/","title":{"rendered":"Mensagem de Nossa Senhora"},"content":{"rendered":"<p><span style=\"color: #000080;font-size: 14px;line-height: 19px\">Sexta apari\u00e7\u00e3o de Nossa Senhora<\/span><\/p>\n<div><span style=\"color: #000080\">13 Outubro de 1917<\/span><\/div>\n<div><span style=\"color: #000080\">&#8220;Quero dizer-te que fa\u00e7am aqui uma capela em Minha honra, que sou a Senhora do Ros\u00e1rio, que continuem sempre a rezar o ter\u00e7o todos os dias.<\/span><\/div>\n<div><span style=\"color: #000080;font-size: 14px;line-height: 19px\">A guerra vai acabar e os militares voltar\u00e3o em breve para suas casas.<\/span><\/div>\n<div><span style=\"color: #000080;font-size: 14px;line-height: 19px\">N\u00e3o ofendam mais a Deus Nosso Senhor que j\u00e1 est\u00e1 muito ofendido.&#8221;<\/span><\/div>\n<div><span style=\"color: #000080\">Mensagem de Nossa Senhora de F\u00e1tima aos pastorezinhos.<\/span><\/div>\n<div><span style=\"color: #000080\">Peregrine aos Santu\u00e1rios Marianos e visite o local das apari\u00e7\u00f5es de Nossa Senhora em F\u00e1tima &#8211; Portugal.<\/span><\/div>\n<div><span style=\"color: #000080\"><a href=\"http:\/\/blog.cancaonova.com\/evangelizadorperegrino\/files\/2013\/10\/16_10_2013_08_31_41.jpg\"><img loading=\"lazy\" decoding=\"async\" class=\"aligncenter size-full wp-image-1679\" src=\"http:\/\/blog.cancaonova.com\/evangelizadorperegrino\/files\/2013\/10\/16_10_2013_08_31_41.jpg\" alt=\"\" width=\"325\" height=\"450\" srcset=\"https:\/\/blog.cancaonova.com\/evangelizadorperegrino\/files\/2013\/10\/16_10_2013_08_31_41.jpg 325w, https:\/\/blog.cancaonova.com\/evangelizadorperegrino\/files\/2013\/10\/16_10_2013_08_31_41-216x300.jpg 216w\" sizes=\"(max-width: 325px) 100vw, 325px\" \/><\/a><\/span><\/div>\n<div><span style=\"color: #000080;font-size: 14px;line-height: 19px\">Mensagem de Nossa Senhora de F\u00e1tima aos pastorezinhos.<\/span><\/div>\n<div><span style=\"color: #000080\"><br \/>\nPeregrine aos Santu\u00e1rios Marianos e visite o local das apari\u00e7\u00f5es de Nossa Senhora em F\u00e1tima &#8211; Portugal.<\/span><\/div>\n","protected":false},"excerpt":{"rendered":"<p>Sexta apari\u00e7\u00e3o de Nossa Senhora 13 Outubro de 1917 &#8220;Quero dizer-te que fa\u00e7am aqui uma capela em Minha honra, que sou a Senhora do Ros\u00e1rio, que continuem sempre a rezar o ter\u00e7o todos os dias. A guerra vai acabar e&#8230;<\/p>\n","protected":false},"author":4398,"featured_media":0,"comment_status":"open","ping_status":"open","sticky":false,"template":"","format":"standard","meta":{"_mi_skip_tracking":false,"_monsterinsights_sitenote_active":false,"_monsterinsights_sitenote_note":"","_monsterinsights_sitenote_category":0,"footnotes":""},"categories":[23],"tags":[18949],"_links":{"self":[{"href":"https:\/\/blog.cancaonova.com\/evangelizadorperegrino\/wp-json\/wp\/v2\/posts\/1676"}],"collection":[{"href":"https:\/\/blog.cancaonova.com\/evangelizadorperegrino\/wp-json\/wp\/v2\/posts"}],"about":[{"href":"https:\/\/blog.cancaonova.com\/evangelizadorperegrino\/wp-json\/wp\/v2\/types\/post"}],"author":[{"embeddable":true,"href":"https:\/\/blog.cancaonova.com\/evangelizadorperegrino\/wp-json\/wp\/v2\/users\/4398"}],"replies":[{"embeddable":true,"href":"https:\/\/blog.cancaonova.com\/evangelizadorperegrino\/wp-json\/wp\/v2\/comments?post=1676"}],"version-history":[{"count":5,"href":"https:\/\/blog.cancaonova.com\/evangelizadorperegrino\/wp-json\/wp\/v2\/posts\/1676\/revisions"}],"predecessor-version":[{"id":1684,"href":"https:\/\/blog.cancaonova.com\/evangelizadorperegrino\/wp-json\/wp\/v2\/posts\/1676\/revisions\/1684"}],"wp:attachment":[{"href":"https:\/\/blog.cancaonova.com\/evangelizadorperegrino\/wp-json\/wp\/v2\/media?parent=1676"}],"wp:term":[{"taxonomy":"category","embeddable":true,"href":"https:\/\/blog.cancaonova.com\/evangelizadorperegrino\/wp-json\/wp\/v2\/categories?post=1676"},{"taxonomy":"post_tag","embeddable":true,"href":"https:\/\/blog.cancaonova.com\/evangelizadorperegrino\/wp-json\/wp\/v2\/tags?post=1676"}],"curies":[{"name":"wp","href":"https:\/\/api.w.org\/{rel}","templated":true}]}}