{"id":1688,"date":"2013-10-18T12:54:25","date_gmt":"2013-10-18T15:54:25","guid":{"rendered":"http:\/\/blog.cancaonova.com\/evangelizadorperegrino\/?p=1688"},"modified":"2013-10-18T13:43:41","modified_gmt":"2013-10-18T16:43:41","slug":"a-cela","status":"publish","type":"post","link":"https:\/\/blog.cancaonova.com\/evangelizadorperegrino\/a-cela\/","title":{"rendered":"Uma rosa a Santa Rita"},"content":{"rendered":"<p><span style=\"color: #000080\">E<\/span><span style=\"color: #000080\"><span style=\"color: #000080\">sta <\/span>\u00e9 a foto da cela de Santa Rita. N<\/span><span style=\"color: #000080;font-size: 14px;line-height: 19px\">os \u00faltimo anos de sua vida sem poder caminhar, permaneceu em sua cela dedicando o seu tempo a ora\u00e7\u00e3o e a contempla\u00e7\u00e3o da Paix\u00e3o de Jesus.<\/span><\/p>\n<p><span style=\"color: #000080;font-size: 14px;line-height: 19px\">Neste lugar ela morre com a idade de 76 anos em 22 de maio de 1457.<\/span><\/p>\n<p><span style=\"color: #000080;font-size: 14px;line-height: 19px\">No momento da morte de Santa Rita, os sinos do Mosteiro em que ela morava come\u00e7aram a soar sozinhos.<\/span><\/p>\n<p><a href=\"http:\/\/blog.cancaonova.com\/evangelizadorperegrino\/files\/2013\/10\/18_10_2013_09_35_06.jpg\"><span style=\"color: #000080\"><img loading=\"lazy\" decoding=\"async\" class=\"aligncenter size-full wp-image-1693\" src=\"http:\/\/blog.cancaonova.com\/evangelizadorperegrino\/files\/2013\/10\/18_10_2013_09_35_06.jpg\" alt=\"\" width=\"337\" height=\"450\" srcset=\"https:\/\/blog.cancaonova.com\/evangelizadorperegrino\/files\/2013\/10\/18_10_2013_09_35_06.jpg 337w, https:\/\/blog.cancaonova.com\/evangelizadorperegrino\/files\/2013\/10\/18_10_2013_09_35_06-224x300.jpg 224w\" sizes=\"(max-width: 337px) 100vw, 337px\" \/><\/span><\/a><\/p>\n<p><span style=\"font-size: 14px;line-height: 19px\"><span style=\"color: #000080\">Saindo da cela de Santa Rita, vamos em dire\u00e7\u00e3o ao roseiral. Segundo a tradi\u00e7\u00e3o uma senhora, prima de Santa Rita ao visit\u00e1-la perguntou se desejava alguma coisa. Santa Rita respondeu-lhe que desejava uma rosa e dois figos do seu horto.<\/span><\/span><\/p>\n<p><span style=\"color: #000080\"><span style=\"font-size: 14px;line-height: 19px\">Esta senhora achou que Santa Rita estava delirando, e sorrindo retirou-se. <\/span><span style=\"font-size: 14px;line-height: 19px\">Ao chegar em casa, encontrou sobre o espinhal coberto de neve, uma <\/span>bel\u00edssima<span style=\"font-size: 14px;line-height: 19px\"> rosa e sobre a figueira dois figos.Ela ficou maravilhada pois o clima estava frio e vendo a flor e os frutos, milagrosos os recolheu para levar a Santa Rita.<\/span><\/span><\/p>\n<p><span style=\"color: #000080\"><span style=\"font-size: 14px;line-height: 19px\">Este horto onde sua prima recolheu os frutos e a rosa, encontra-se em Roccaporena um lugarejo que fica a 5 km de C\u00e1ssia.<\/span><\/span><\/p>\n<p><span style=\"color: #000080\"><span style=\"font-size: 14px;line-height: 19px\">Nele encontramos a casa onde Santa Rita morou com o marido e os filhos, que transformou-se em Capela no ano 1629.<\/span><\/span><\/p>\n","protected":false},"excerpt":{"rendered":"<p>Esta \u00e9 a foto da cela de Santa Rita. Nos \u00faltimo anos de sua vida sem poder caminhar, permaneceu em sua cela dedicando o seu tempo a ora\u00e7\u00e3o e a contempla\u00e7\u00e3o da Paix\u00e3o de Jesus. Neste lugar ela morre com&#8230;<\/p>\n","protected":false},"author":4398,"featured_media":0,"comment_status":"open","ping_status":"open","sticky":false,"template":"","format":"standard","meta":{"_mi_skip_tracking":false,"_monsterinsights_sitenote_active":false,"_monsterinsights_sitenote_note":"","_monsterinsights_sitenote_category":0,"footnotes":""},"categories":[23],"tags":[140617,18215,140615],"_links":{"self":[{"href":"https:\/\/blog.cancaonova.com\/evangelizadorperegrino\/wp-json\/wp\/v2\/posts\/1688"}],"collection":[{"href":"https:\/\/blog.cancaonova.com\/evangelizadorperegrino\/wp-json\/wp\/v2\/posts"}],"about":[{"href":"https:\/\/blog.cancaonova.com\/evangelizadorperegrino\/wp-json\/wp\/v2\/types\/post"}],"author":[{"embeddable":true,"href":"https:\/\/blog.cancaonova.com\/evangelizadorperegrino\/wp-json\/wp\/v2\/users\/4398"}],"replies":[{"embeddable":true,"href":"https:\/\/blog.cancaonova.com\/evangelizadorperegrino\/wp-json\/wp\/v2\/comments?post=1688"}],"version-history":[{"count":5,"href":"https:\/\/blog.cancaonova.com\/evangelizadorperegrino\/wp-json\/wp\/v2\/posts\/1688\/revisions"}],"predecessor-version":[{"id":2117,"href":"https:\/\/blog.cancaonova.com\/evangelizadorperegrino\/wp-json\/wp\/v2\/posts\/1688\/revisions\/2117"}],"wp:attachment":[{"href":"https:\/\/blog.cancaonova.com\/evangelizadorperegrino\/wp-json\/wp\/v2\/media?parent=1688"}],"wp:term":[{"taxonomy":"category","embeddable":true,"href":"https:\/\/blog.cancaonova.com\/evangelizadorperegrino\/wp-json\/wp\/v2\/categories?post=1688"},{"taxonomy":"post_tag","embeddable":true,"href":"https:\/\/blog.cancaonova.com\/evangelizadorperegrino\/wp-json\/wp\/v2\/tags?post=1688"}],"curies":[{"name":"wp","href":"https:\/\/api.w.org\/{rel}","templated":true}]}}