{"id":1698,"date":"2013-10-20T07:00:50","date_gmt":"2013-10-20T10:00:50","guid":{"rendered":"http:\/\/blog.cancaonova.com\/evangelizadorperegrino\/?p=1698"},"modified":"2013-10-18T15:53:03","modified_gmt":"2013-10-18T18:53:03","slug":"um-sinal-de-amor","status":"publish","type":"post","link":"https:\/\/blog.cancaonova.com\/evangelizadorperegrino\/um-sinal-de-amor\/","title":{"rendered":"Um sinal de amor"},"content":{"rendered":"<p><span style=\"font-size: 14px;line-height: 19px\"><span style=\"color: #000080\">Depois da morte do marido e dos filhos, Santa Rita sentiu o desejo de ser monja.<\/span><\/span><\/p>\n<p><span style=\"color: #000080\">Sendo rejeitada no mosteiro em que se apresentou, recebeu o aux\u00edlio de Santo Agostinho, S\u00e3o Jo\u00e3o Batista e de S\u00e3o Nicolau de Tolentino. Diante da intercess\u00e3o dos santos patronos do Mosteiro, Santa Rita foi introduzida por meio de portas fechadas.<\/span><\/p>\n<p><span style=\"color: #000080\">Por causa deste grande prod\u00edgio Santa Rita foi aceita e acolhida pelas monjas.<\/span><\/p>\n<p><span style=\"color: #000080\"><a href=\"http:\/\/blog.cancaonova.com\/evangelizadorperegrino\/files\/2013\/10\/18_10_2013_15_38_48.jpg\"><img loading=\"lazy\" decoding=\"async\" class=\"aligncenter size-full wp-image-1699\" src=\"http:\/\/blog.cancaonova.com\/evangelizadorperegrino\/files\/2013\/10\/18_10_2013_15_38_48.jpg\" alt=\"\" width=\"450\" height=\"280\" srcset=\"https:\/\/blog.cancaonova.com\/evangelizadorperegrino\/files\/2013\/10\/18_10_2013_15_38_48.jpg 450w, https:\/\/blog.cancaonova.com\/evangelizadorperegrino\/files\/2013\/10\/18_10_2013_15_38_48-300x186.jpg 300w\" sizes=\"(max-width: 450px) 100vw, 450px\" \/><\/a><\/span><\/p>\n<p><span style=\"color: #000080\">Esta foto \u00e9 do Orat\u00f3rio do Crucifixo, onde Santa Rita recebeu o estigma na fronte.<\/span><\/p>\n<p><span style=\"color: #000080\">Depois de uma homilia sobre a Paix\u00e3o de Jesus, em uma sexta-feira Santa de 1442, Santa Rita com um grande desejo de sofrer com Cristo.<\/span><\/p>\n<p><span style=\"color: #000080\">Cristo concedeu-lhe este desejo e assim fincou-lhe um espinho em sua testa. Foi provocada uma grande ferida que a acompanhou durante 15 anos.<\/span><\/p>\n<p><span style=\"color: #000080\">O estigma desapareceu apenas uma vez, para que Santa Rita fosse a uma peregrina\u00e7\u00e3o \u00e0 Roma, no Ano Santo de 1450.<\/span><\/p>\n<p><span style=\"color: #000080\">Os estigmas s\u00e3o um sinal \u00a0de amor verdadeiro, doado livremente pelos amigos e inimigos, pelos que est\u00e3o pr\u00f3ximos e distantes.<\/span><\/p>\n","protected":false},"excerpt":{"rendered":"<p>Depois da morte do marido e dos filhos, Santa Rita sentiu o desejo de ser monja. Sendo rejeitada no mosteiro em que se apresentou, recebeu o aux\u00edlio de Santo Agostinho, S\u00e3o Jo\u00e3o Batista e de S\u00e3o Nicolau de Tolentino. Diante&#8230;<\/p>\n","protected":false},"author":4398,"featured_media":0,"comment_status":"open","ping_status":"open","sticky":false,"template":"","format":"standard","meta":{"_mi_skip_tracking":false,"_monsterinsights_sitenote_active":false,"_monsterinsights_sitenote_note":"","_monsterinsights_sitenote_category":0,"footnotes":""},"categories":[23],"tags":[140619,140620,140615],"_links":{"self":[{"href":"https:\/\/blog.cancaonova.com\/evangelizadorperegrino\/wp-json\/wp\/v2\/posts\/1698"}],"collection":[{"href":"https:\/\/blog.cancaonova.com\/evangelizadorperegrino\/wp-json\/wp\/v2\/posts"}],"about":[{"href":"https:\/\/blog.cancaonova.com\/evangelizadorperegrino\/wp-json\/wp\/v2\/types\/post"}],"author":[{"embeddable":true,"href":"https:\/\/blog.cancaonova.com\/evangelizadorperegrino\/wp-json\/wp\/v2\/users\/4398"}],"replies":[{"embeddable":true,"href":"https:\/\/blog.cancaonova.com\/evangelizadorperegrino\/wp-json\/wp\/v2\/comments?post=1698"}],"version-history":[{"count":2,"href":"https:\/\/blog.cancaonova.com\/evangelizadorperegrino\/wp-json\/wp\/v2\/posts\/1698\/revisions"}],"predecessor-version":[{"id":2116,"href":"https:\/\/blog.cancaonova.com\/evangelizadorperegrino\/wp-json\/wp\/v2\/posts\/1698\/revisions\/2116"}],"wp:attachment":[{"href":"https:\/\/blog.cancaonova.com\/evangelizadorperegrino\/wp-json\/wp\/v2\/media?parent=1698"}],"wp:term":[{"taxonomy":"category","embeddable":true,"href":"https:\/\/blog.cancaonova.com\/evangelizadorperegrino\/wp-json\/wp\/v2\/categories?post=1698"},{"taxonomy":"post_tag","embeddable":true,"href":"https:\/\/blog.cancaonova.com\/evangelizadorperegrino\/wp-json\/wp\/v2\/tags?post=1698"}],"curies":[{"name":"wp","href":"https:\/\/api.w.org\/{rel}","templated":true}]}}