{"id":1855,"date":"2013-12-19T13:32:38","date_gmt":"2013-12-19T16:32:38","guid":{"rendered":"http:\/\/blog.cancaonova.com\/evangelizadorperegrino\/?p=1855"},"modified":"2013-12-19T13:32:38","modified_gmt":"2013-12-19T16:32:38","slug":"promessas-de-santa-brigida","status":"publish","type":"post","link":"https:\/\/blog.cancaonova.com\/evangelizadorperegrino\/promessas-de-santa-brigida\/","title":{"rendered":"Promessas de Santa Br\u00edgida"},"content":{"rendered":"<p><span style=\"font-size: 14px;line-height: 19px\">No dia 14 de junho de 1303, no momento do nascimento de Br\u00edgida, o p\u00e1roco de Rasbo na Su\u00e9cia estava rezando pela liberta\u00e7\u00e3o feliz de Ingeborde. De repente viu-se rodeado de uma luz resplandecente da qual saiu a Virgem M\u00e3e e disse: \u201cEm Birger nasceu uma menina, sua voz ser\u00e1 ouvida pelo mundo inteiro\u201d.<\/span><\/p>\n<p><a href=\"http:\/\/blog.cancaonova.com\/evangelizadorperegrino\/files\/2013\/12\/Jes\u00fas-Divino-Redentor.jpg\"><img loading=\"lazy\" decoding=\"async\" class=\"aligncenter size-full wp-image-1856\" alt=\"Promessas a Santa Br\u00edgida\" src=\"http:\/\/blog.cancaonova.com\/evangelizadorperegrino\/files\/2013\/12\/Jes\u00fas-Divino-Redentor.jpg\" width=\"750\" height=\"1132\" srcset=\"https:\/\/blog.cancaonova.com\/evangelizadorperegrino\/files\/2013\/12\/Jes\u00fas-Divino-Redentor.jpg 750w, https:\/\/blog.cancaonova.com\/evangelizadorperegrino\/files\/2013\/12\/Jes\u00fas-Divino-Redentor-198x300.jpg 198w, https:\/\/blog.cancaonova.com\/evangelizadorperegrino\/files\/2013\/12\/Jes\u00fas-Divino-Redentor-678x1024.jpg 678w\" sizes=\"(max-width: 750px) 100vw, 750px\" \/><\/a><\/p>\n<p>Estas ora\u00e7\u00f5es e promessas foram num livro impresso em Toulouse, escritas e publicadas por Pe Adrien Parvillers, jesu\u00edta, mission\u00e1rio apost\u00f3lico da Terra Santa com a licen\u00e7a e recomenda\u00e7\u00e3o de propag\u00e1-las. Papa Pio IX tomou conhecimento destas ora\u00e7\u00f5es. Ele as confirmou em 31 de maio de 1862 e as julgou verdadeiras, pois causam benef\u00edcios para o bem das almas. Este reconhecimento do Papa foi confirmado por Deus pela realiza\u00e7\u00e3o das promessas com todas as pessoas que tinham rezado as ora\u00e7\u00f5es e por in\u00fameros fatos e sinais pelas quais Deus queria mostrar que realmente vinham d\u2019Ele.<\/p>\n","protected":false},"excerpt":{"rendered":"<p>No dia 14 de junho de 1303, no momento do nascimento de Br\u00edgida, o p\u00e1roco de Rasbo na Su\u00e9cia estava rezando pela liberta\u00e7\u00e3o feliz de Ingeborde. De repente viu-se rodeado de uma luz resplandecente da qual saiu a Virgem M\u00e3e&#8230;<\/p>\n","protected":false},"author":4398,"featured_media":0,"comment_status":"open","ping_status":"open","sticky":false,"template":"","format":"standard","meta":{"_mi_skip_tracking":false,"_monsterinsights_sitenote_active":false,"_monsterinsights_sitenote_note":"","_monsterinsights_sitenote_category":0,"footnotes":""},"categories":[23],"tags":[140637],"_links":{"self":[{"href":"https:\/\/blog.cancaonova.com\/evangelizadorperegrino\/wp-json\/wp\/v2\/posts\/1855"}],"collection":[{"href":"https:\/\/blog.cancaonova.com\/evangelizadorperegrino\/wp-json\/wp\/v2\/posts"}],"about":[{"href":"https:\/\/blog.cancaonova.com\/evangelizadorperegrino\/wp-json\/wp\/v2\/types\/post"}],"author":[{"embeddable":true,"href":"https:\/\/blog.cancaonova.com\/evangelizadorperegrino\/wp-json\/wp\/v2\/users\/4398"}],"replies":[{"embeddable":true,"href":"https:\/\/blog.cancaonova.com\/evangelizadorperegrino\/wp-json\/wp\/v2\/comments?post=1855"}],"version-history":[{"count":1,"href":"https:\/\/blog.cancaonova.com\/evangelizadorperegrino\/wp-json\/wp\/v2\/posts\/1855\/revisions"}],"predecessor-version":[{"id":1857,"href":"https:\/\/blog.cancaonova.com\/evangelizadorperegrino\/wp-json\/wp\/v2\/posts\/1855\/revisions\/1857"}],"wp:attachment":[{"href":"https:\/\/blog.cancaonova.com\/evangelizadorperegrino\/wp-json\/wp\/v2\/media?parent=1855"}],"wp:term":[{"taxonomy":"category","embeddable":true,"href":"https:\/\/blog.cancaonova.com\/evangelizadorperegrino\/wp-json\/wp\/v2\/categories?post=1855"},{"taxonomy":"post_tag","embeddable":true,"href":"https:\/\/blog.cancaonova.com\/evangelizadorperegrino\/wp-json\/wp\/v2\/tags?post=1855"}],"curies":[{"name":"wp","href":"https:\/\/api.w.org\/{rel}","templated":true}]}}