{"id":1872,"date":"2015-12-25T08:00:49","date_gmt":"2015-12-25T11:00:49","guid":{"rendered":"http:\/\/blog.cancaonova.com\/evangelizadorperegrino\/?p=1872"},"modified":"2015-12-14T21:32:50","modified_gmt":"2015-12-15T00:32:50","slug":"vinde-adoremos","status":"publish","type":"post","link":"https:\/\/blog.cancaonova.com\/evangelizadorperegrino\/vinde-adoremos\/","title":{"rendered":"Vinde adoremos!"},"content":{"rendered":"<p>Hoje nasceu para n\u00f3s o Salvador, que \u00e9 o Cristo, o Senhor!<\/p>\n<p>A gruta relembra onde os pastores estavam e onde Jesus nasceu. o Deus que n\u00e3o poderia ser visto, agora nasceu.<\/p>\n<p>E os anjos cantam:<\/p>\n<p>&#8220;Crist\u00e3os vinde todos, com alegres cantos.<\/p>\n<p>Oh! Vinde at\u00e9 Bel\u00e9m.<\/p>\n<p>Vede nascido,\u00a0vosso Rei eterno.<\/p>\n<p>Oh! Vinde adoremos o salvador!<\/p>\n<p>Crist\u00e3os, vinde todos, com alegres cantos.<br \/>\nOh! Vinde, oh! Vinde at\u00e9 Bel\u00e9m.<br \/>\nVede nascido, vosso rei eterno.<\/p>\n<p>Oh! Vinde adoremos, Oh! Vinde adoremos,<br \/>\nOh! Vinde adoremos o salvador!<\/p>\n<p>Humildes pastores deixam seu rebanho<br \/>\ne alegres acorrem ao rei do c\u00e9u.<br \/>\nN\u00f3s, igualmente, cheios de alegria.<\/p>\n<p>O Deus invis\u00edvel de eterna grandeza,<br \/>\nsob v\u00e9us de humildade, podemos ver.<br \/>\nDeus pequenino, Deus envolto em faixas!<\/p>\n<p>Nasceu em pobreza, repousando em palhas.<br \/>\nO nosso afeto lhe vamos dar. Tanto amou-nos!<br \/>\nQuem n\u00e3o h\u00e1 de am\u00e1-lo?&#8221;<\/p>\n<div id=\"attachment_1873\" style=\"width: 460px\" class=\"wp-caption aligncenter\"><a href=\"http:\/\/blog.cancaonova.com\/evangelizadorperegrino\/files\/2013\/12\/23_12_2013_13_29_57-reduz.jpg\"><img loading=\"lazy\" decoding=\"async\" aria-describedby=\"caption-attachment-1873\" class=\"size-full wp-image-1873\" src=\"http:\/\/blog.cancaonova.com\/evangelizadorperegrino\/files\/2013\/12\/23_12_2013_13_29_57-reduz.jpg\" alt=\"Celebra\u00e7\u00e3o Eucar\u00edstica na Gruta Campo dos Pastores, presidida pelo Pe Jos\u00e9 Augusto que estava em Peregrina\u00e7\u00e3o a Terra Santa.\" width=\"450\" height=\"425\" srcset=\"https:\/\/blog.cancaonova.com\/evangelizadorperegrino\/files\/2013\/12\/23_12_2013_13_29_57-reduz.jpg 450w, https:\/\/blog.cancaonova.com\/evangelizadorperegrino\/files\/2013\/12\/23_12_2013_13_29_57-reduz-300x283.jpg 300w\" sizes=\"(max-width: 450px) 100vw, 450px\" \/><\/a><p id=\"caption-attachment-1873\" class=\"wp-caption-text\">Celebra\u00e7\u00e3o Eucar\u00edstica na Gruta Campo dos Pastores, presidida pelo Pe Jos\u00e9 Augusto que estava em Peregrina\u00e7\u00e3o a Terra Santa.<\/p><\/div>\n<p><span style=\"font-size: 14px;line-height: 19px\">Esta \u00e9 a alegria revelada no Natal.<\/span><\/p>\n<p>\u00c9 o Filho do Alt\u00edssimo que existia antes de n\u00f3s, foi gerado por Deus Pai.<\/p>\n<p>O Filho do Pai \u00e9 Jesus e Ele \u00e9 Deus.Nasceu o Salvador que \u00e9 para n\u00f3s Deus Filho.<\/p>\n<p>Jesus quer dizer Deus salva e ele veio para dos dar a sua vida.<\/p>\n<p>Os pastores puderam ver o Menino Jesus. &#8220;Venham todos ele nasceu, vinde adoremos!&#8221;<\/p>\n<p>Temos a imagem de Jesus, pois ele se revelou a n\u00f3s. Jesus foi visto e tocado.<\/p>\n<p>Jesus que \u00e9 Deus, se sujeitou a nascer numa gruta, mas deveria ter nascido num Pal\u00e1cio.<\/p>\n<p>N\u00e3o o chamem de coitado de ser o pobrezinho de Bel\u00e9m, ele \u00e9 DEUS!<\/p>\n<p>Feliz Natal a todos!!<\/p>\n<p>&nbsp;<\/p>\n<p>&nbsp;<\/p>\n","protected":false},"excerpt":{"rendered":"<p>Hoje nasceu para n\u00f3s o Salvador, que \u00e9 o Cristo, o Senhor! A gruta relembra onde os pastores estavam e onde Jesus nasceu. o Deus que n\u00e3o poderia ser visto, agora nasceu. E os anjos cantam: &#8220;Crist\u00e3os vinde todos, com&#8230;<\/p>\n","protected":false},"author":4398,"featured_media":0,"comment_status":"open","ping_status":"open","sticky":false,"template":"","format":"standard","meta":{"_mi_skip_tracking":false,"_monsterinsights_sitenote_active":false,"_monsterinsights_sitenote_note":"","_monsterinsights_sitenote_category":0,"footnotes":""},"categories":[23],"tags":[140645],"_links":{"self":[{"href":"https:\/\/blog.cancaonova.com\/evangelizadorperegrino\/wp-json\/wp\/v2\/posts\/1872"}],"collection":[{"href":"https:\/\/blog.cancaonova.com\/evangelizadorperegrino\/wp-json\/wp\/v2\/posts"}],"about":[{"href":"https:\/\/blog.cancaonova.com\/evangelizadorperegrino\/wp-json\/wp\/v2\/types\/post"}],"author":[{"embeddable":true,"href":"https:\/\/blog.cancaonova.com\/evangelizadorperegrino\/wp-json\/wp\/v2\/users\/4398"}],"replies":[{"embeddable":true,"href":"https:\/\/blog.cancaonova.com\/evangelizadorperegrino\/wp-json\/wp\/v2\/comments?post=1872"}],"version-history":[{"count":2,"href":"https:\/\/blog.cancaonova.com\/evangelizadorperegrino\/wp-json\/wp\/v2\/posts\/1872\/revisions"}],"predecessor-version":[{"id":2708,"href":"https:\/\/blog.cancaonova.com\/evangelizadorperegrino\/wp-json\/wp\/v2\/posts\/1872\/revisions\/2708"}],"wp:attachment":[{"href":"https:\/\/blog.cancaonova.com\/evangelizadorperegrino\/wp-json\/wp\/v2\/media?parent=1872"}],"wp:term":[{"taxonomy":"category","embeddable":true,"href":"https:\/\/blog.cancaonova.com\/evangelizadorperegrino\/wp-json\/wp\/v2\/categories?post=1872"},{"taxonomy":"post_tag","embeddable":true,"href":"https:\/\/blog.cancaonova.com\/evangelizadorperegrino\/wp-json\/wp\/v2\/tags?post=1872"}],"curies":[{"name":"wp","href":"https:\/\/api.w.org\/{rel}","templated":true}]}}