{"id":1902,"date":"2014-01-01T00:00:38","date_gmt":"2014-01-01T03:00:38","guid":{"rendered":"http:\/\/blog.cancaonova.com\/evangelizadorperegrino\/?p=1902"},"modified":"2013-12-30T13:36:45","modified_gmt":"2013-12-30T16:36:45","slug":"feliz-mundo-novo","status":"publish","type":"post","link":"https:\/\/blog.cancaonova.com\/evangelizadorperegrino\/feliz-mundo-novo\/","title":{"rendered":"Feliz Mundo Novo!"},"content":{"rendered":"<p>Neste novo ano que se aproxima, temos muitos prop\u00f3sitos e um deles \u00e9 que eu preciso colaborar para que o mundo seja melhor.<\/p>\n<p><span style=\"font-size: 14px;line-height: 19px\">Fazendo a nossa parte atingiremos o futuro dos nossos filhos.<\/span><\/p>\n<p>Existe um lugar em nosso cora\u00e7\u00e3o, ele \u00e9 especial, pois est\u00e1 reservado o amor de Deus. \u00c9 neste lugar que come\u00e7amos a fazer este mundo melhor cheio de vida, de esperan\u00e7a, alegria&#8230;<\/p>\n<p>\u00c9 este o lugar das decis\u00f5es e das boas iniciativas, onde o mundo poder\u00e1 brilhar com gestos concretos de felicidade.<\/p>\n<p>Temos a certeza de que com a ajuda de Deus e as boas a\u00e7\u00f5es poderemos curar o mundo em 2014. Esta \u00e9 a motiva\u00e7\u00e3o.<\/p>\n<p><a href=\"http:\/\/blog.cancaonova.com\/evangelizadorperegrino\/files\/2013\/12\/278405_Papel-de-Parede-O-Mundo-Esta-em-Nossas-Maos_1920x1200.jpg\"><img loading=\"lazy\" decoding=\"async\" class=\"aligncenter size-full wp-image-1903\" alt=\"Cure o mundo!\" src=\"http:\/\/blog.cancaonova.com\/evangelizadorperegrino\/files\/2013\/12\/278405_Papel-de-Parede-O-Mundo-Esta-em-Nossas-Maos_1920x1200.jpg\" width=\"1874\" height=\"1127\" srcset=\"https:\/\/blog.cancaonova.com\/evangelizadorperegrino\/files\/2013\/12\/278405_Papel-de-Parede-O-Mundo-Esta-em-Nossas-Maos_1920x1200.jpg 1874w, https:\/\/blog.cancaonova.com\/evangelizadorperegrino\/files\/2013\/12\/278405_Papel-de-Parede-O-Mundo-Esta-em-Nossas-Maos_1920x1200-300x180.jpg 300w, https:\/\/blog.cancaonova.com\/evangelizadorperegrino\/files\/2013\/12\/278405_Papel-de-Parede-O-Mundo-Esta-em-Nossas-Maos_1920x1200-1024x615.jpg 1024w\" sizes=\"(max-width: 1874px) 100vw, 1874px\" \/><\/a><\/p>\n<p>Este mundo \u00e9 divino, pois foi criado por Deus.<\/p>\n<p>Se voc\u00ea tentar ver\u00e1, sentir\u00e1 e crescer\u00e1 nos atos de bondade uns para com os outros.<\/p>\n<p>Mas depende deste lugar, onde o amor est\u00e1 reservado.<\/p>\n<p>O amor \u00e9 forte, n\u00e3o se esque\u00e7a.\u00a0T\u00e3o forte que podemos mudar o mundo.<\/p>\n<p>Fa\u00e7a um espa\u00e7o no seu cora\u00e7\u00e3o e coloque amor, assim voc\u00ea ver\u00e1 que fomos concebidos para a alegria e se importar\u00e1 de verdade pela vida.<\/p>\n<p>Cure o mundo com este espa\u00e7o que voc\u00ea tem reservado.<\/p>\n<p>Santo Agostinho nos lembra que o homem n\u00e3o encontra sentido supremo da vida at\u00e9 que reaja ao amor de Deus.<\/p>\n<p>Feliz Mundo Novo, cheio de Amor!<\/p>\n","protected":false},"excerpt":{"rendered":"<p>Neste novo ano que se aproxima, temos muitos prop\u00f3sitos e um deles \u00e9 que eu preciso colaborar para que o mundo seja melhor. Fazendo a nossa parte atingiremos o futuro dos nossos filhos. Existe um lugar em nosso cora\u00e7\u00e3o, ele&#8230;<\/p>\n","protected":false},"author":4398,"featured_media":0,"comment_status":"open","ping_status":"open","sticky":false,"template":"","format":"standard","meta":{"_mi_skip_tracking":false,"_monsterinsights_sitenote_active":false,"_monsterinsights_sitenote_note":"","_monsterinsights_sitenote_category":0,"footnotes":""},"categories":[23],"tags":[17058,140648],"_links":{"self":[{"href":"https:\/\/blog.cancaonova.com\/evangelizadorperegrino\/wp-json\/wp\/v2\/posts\/1902"}],"collection":[{"href":"https:\/\/blog.cancaonova.com\/evangelizadorperegrino\/wp-json\/wp\/v2\/posts"}],"about":[{"href":"https:\/\/blog.cancaonova.com\/evangelizadorperegrino\/wp-json\/wp\/v2\/types\/post"}],"author":[{"embeddable":true,"href":"https:\/\/blog.cancaonova.com\/evangelizadorperegrino\/wp-json\/wp\/v2\/users\/4398"}],"replies":[{"embeddable":true,"href":"https:\/\/blog.cancaonova.com\/evangelizadorperegrino\/wp-json\/wp\/v2\/comments?post=1902"}],"version-history":[{"count":2,"href":"https:\/\/blog.cancaonova.com\/evangelizadorperegrino\/wp-json\/wp\/v2\/posts\/1902\/revisions"}],"predecessor-version":[{"id":1905,"href":"https:\/\/blog.cancaonova.com\/evangelizadorperegrino\/wp-json\/wp\/v2\/posts\/1902\/revisions\/1905"}],"wp:attachment":[{"href":"https:\/\/blog.cancaonova.com\/evangelizadorperegrino\/wp-json\/wp\/v2\/media?parent=1902"}],"wp:term":[{"taxonomy":"category","embeddable":true,"href":"https:\/\/blog.cancaonova.com\/evangelizadorperegrino\/wp-json\/wp\/v2\/categories?post=1902"},{"taxonomy":"post_tag","embeddable":true,"href":"https:\/\/blog.cancaonova.com\/evangelizadorperegrino\/wp-json\/wp\/v2\/tags?post=1902"}],"curies":[{"name":"wp","href":"https:\/\/api.w.org\/{rel}","templated":true}]}}