{"id":2209,"date":"2017-04-20T06:00:37","date_gmt":"2017-04-20T09:00:37","guid":{"rendered":"http:\/\/blog.cancaonova.com\/evangelizadorperegrino\/?p=2209"},"modified":"2017-04-17T10:54:40","modified_gmt":"2017-04-17T13:54:40","slug":"novena-da-misericordia-7o-dia","status":"publish","type":"post","link":"https:\/\/blog.cancaonova.com\/evangelizadorperegrino\/novena-da-misericordia-7o-dia\/","title":{"rendered":"Novena da Miseric\u00f3rdia - 7\u00ba Dia"},"content":{"rendered":"<div id=\"attachment_2194\" style=\"width: 310px\" class=\"wp-caption aligncenter\"><a href=\"http:\/\/blog.cancaonova.com\/evangelizadorperegrino\/files\/2013\/03\/14_04_2014_16_50_49.jpg\"><img loading=\"lazy\" decoding=\"async\" aria-describedby=\"caption-attachment-2194\" class=\"size-medium wp-image-2194\" src=\"http:\/\/blog.cancaonova.com\/evangelizadorperegrino\/files\/2013\/03\/14_04_2014_16_50_49-300x224.jpg\" alt=\"Santu\u00e1rio da Divina Miseric\u00f3rdia - Pol\u00f4nia\" width=\"300\" height=\"224\" srcset=\"https:\/\/blog.cancaonova.com\/evangelizadorperegrino\/files\/2013\/03\/14_04_2014_16_50_49-300x224.jpg 300w, https:\/\/blog.cancaonova.com\/evangelizadorperegrino\/files\/2013\/03\/14_04_2014_16_50_49.jpg 450w\" sizes=\"(max-width: 300px) 100vw, 300px\" \/><\/a><p id=\"caption-attachment-2194\" class=\"wp-caption-text\">Santu\u00e1rio da Divina Miseric\u00f3rdia &#8211; Pol\u00f4nia<\/p><\/div>\n<p>Sinal da Cruz (Intens\u00f5es).<\/p>\n<p>Rezar o ter\u00e7o da Miseric\u00f3rdia e em seguida fazer a novena.<\/p>\n<p><span style=\"text-decoration: underline\">S\u00e9timo dia<\/span><\/p>\n<p>Hoje traze-Me as almas que veneram e glorificam de maneira especial a minha miseric\u00f3rdia e mergulha-as na minha Miseric\u00f3rdia. Estas almas foram as que mais sofreram por causa da minha Paix\u00e3o e penetraram mais profundamente no meu esp\u00edrito. Elas s\u00e3o a imagem do meu Cora\u00e7\u00e3o compassivo. Estas almas brilhar\u00e3o com especial fulgor na vida futura. Nenhuma delas ir\u00e1 ao fogo do inferno; defenderei cada uma delas de maneira especial na hora da morte.<\/p>\n<p>Misericordios\u00edssimo Jesus, cujo Cora\u00e7\u00e3o \u00e9 o pr\u00f3prio amor, aceitai na mans\u00e3o do vosso compassivo Cora\u00e7\u00e3o as almas que honram a glorificam de maneira especial a grandeza da vossa Miseric\u00f3rdia. Estas almas tornadas poderosas pela for\u00e7a do pr\u00f3prio Deus avan\u00e7am entre penas e adversidades, confiando na vossa Miseric\u00f3rdia. Estas almas est\u00e3o unidas com Jesus e carregam sobre os seus ombros a humanidade toda. Elas n\u00e3o ser\u00e3o julgadas severamente, mas a vossa Miseric\u00f3rdia as envolver\u00e1 no momento da morte.<\/p>\n<p>Eterno Pai, olhai com Miseric\u00f3rdia para as almas que glorificam e honram maior atributo, isto \u00e9, a vossa inescrut\u00e1vel Miseric\u00f3rdia; elas est\u00e3o encerradas no Cora\u00e7\u00e3o compassivo de Jesus. Estas almas s\u00e3o o Evangelho vivo e as suas m\u00e3os est\u00e3o cheias de obras de miseric\u00f3rdia; suas almas repletas de alegria cantam um hino de miseric\u00f3rdia ao Alt\u00edssimo. Suplico-Vos, \u00f3 Deus, mostrai-lhes a vossa Miseric\u00f3rdia segundo a esperan\u00e7a e confian\u00e7a que em V\u00f3s colocaram. Que se cumpra nelas a promessa de Jesus, que disse: \u201cAs almas que veneram a minha insond\u00e1vel Miseric\u00f3rdia, Eu mesmo as defenderei durante a vida, especialmente na hora da morte, como minha gl\u00f3ria.\u201d Am\u00e9m.<\/p>\n","protected":false},"excerpt":{"rendered":"<p>Sinal da Cruz (Intens\u00f5es). Rezar o ter\u00e7o da Miseric\u00f3rdia e em seguida fazer a novena. S\u00e9timo dia Hoje traze-Me as almas que veneram e glorificam de maneira especial a minha miseric\u00f3rdia e mergulha-as na minha Miseric\u00f3rdia. Estas almas foram as&#8230;<\/p>\n","protected":false},"author":4398,"featured_media":0,"comment_status":"open","ping_status":"open","sticky":false,"template":"","format":"standard","meta":{"_mi_skip_tracking":false,"_monsterinsights_sitenote_active":false,"_monsterinsights_sitenote_note":"","_monsterinsights_sitenote_category":0,"footnotes":""},"categories":[261],"tags":[140696],"_links":{"self":[{"href":"https:\/\/blog.cancaonova.com\/evangelizadorperegrino\/wp-json\/wp\/v2\/posts\/2209"}],"collection":[{"href":"https:\/\/blog.cancaonova.com\/evangelizadorperegrino\/wp-json\/wp\/v2\/posts"}],"about":[{"href":"https:\/\/blog.cancaonova.com\/evangelizadorperegrino\/wp-json\/wp\/v2\/types\/post"}],"author":[{"embeddable":true,"href":"https:\/\/blog.cancaonova.com\/evangelizadorperegrino\/wp-json\/wp\/v2\/users\/4398"}],"replies":[{"embeddable":true,"href":"https:\/\/blog.cancaonova.com\/evangelizadorperegrino\/wp-json\/wp\/v2\/comments?post=2209"}],"version-history":[{"count":3,"href":"https:\/\/blog.cancaonova.com\/evangelizadorperegrino\/wp-json\/wp\/v2\/posts\/2209\/revisions"}],"predecessor-version":[{"id":3091,"href":"https:\/\/blog.cancaonova.com\/evangelizadorperegrino\/wp-json\/wp\/v2\/posts\/2209\/revisions\/3091"}],"wp:attachment":[{"href":"https:\/\/blog.cancaonova.com\/evangelizadorperegrino\/wp-json\/wp\/v2\/media?parent=2209"}],"wp:term":[{"taxonomy":"category","embeddable":true,"href":"https:\/\/blog.cancaonova.com\/evangelizadorperegrino\/wp-json\/wp\/v2\/categories?post=2209"},{"taxonomy":"post_tag","embeddable":true,"href":"https:\/\/blog.cancaonova.com\/evangelizadorperegrino\/wp-json\/wp\/v2\/tags?post=2209"}],"curies":[{"name":"wp","href":"https:\/\/api.w.org\/{rel}","templated":true}]}}