{"id":2305,"date":"2017-09-26T08:00:29","date_gmt":"2017-09-26T11:00:29","guid":{"rendered":"http:\/\/blog.cancaonova.com\/evangelizadorperegrino\/?p=2305"},"modified":"2017-09-26T09:51:26","modified_gmt":"2017-09-26T12:51:26","slug":"agenda-peregrinacoes","status":"publish","type":"post","link":"https:\/\/blog.cancaonova.com\/evangelizadorperegrino\/agenda-peregrinacoes\/","title":{"rendered":"Novena de Nossa Senhora das Gra\u00e7as"},"content":{"rendered":"<h2>Novena Milagrosa de Nossa Senhora das Gra\u00e7as<\/h2>\n<h3>Modo de rezar a novena:<\/h3>\n<p>1 \u2013 Ato de contri\u00e7\u00e3o;<br \/>\n2 \u2013 Medita\u00e7\u00e3o do dia;<br \/>\n3 \u2013 S\u00faplica a Nossa Senhora;<br \/>\n4 \u2013 Tr\u00eas Ave-Marias, depois a jaculat\u00f3ria: \u201c\u00d3 Maria concebida sem pecado, rogai por n\u00f3s que recorremos a v\u00f3s!\u201d;\u0094<br \/>\n5 \u2013 Ora\u00e7\u00e3o final.<\/p>\n<p><span style=\"line-height: inherit\">Ato de contri\u00e7\u00e3o<\/span><\/p>\n<p>Senhor meu, Jesus Cristo, Deus e Homem verdadeiro, Criador e Redentor meu, por serdes V\u00f3s quem sois, sumamente bom e digno de ser amado sobre todas as coisas, e porque Vos amo e estimo, pesa-me, Senhor, por Vos ter ofendido e pesa-me tamb\u00e9m por ter perdido o C\u00e9u e merecido o inferno. Proponho firmemente, com o aux\u00edlio de Vossa divina gra\u00e7a e pela poderosa intercess\u00e3o de Vossa M\u00e3e Sant\u00edssima, emendar-me e nunca mais Vos tornar a ofender.&nbsp;Espero alcan\u00e7ar o perd\u00e3o de minhas culpas, por Vossa infinita miseric\u00f3rdia. Assim seja.<\/p>\n<p><strong>Medita\u00e7\u00e3o do dia<\/strong><\/p>\n<p>S\u00faplica a Nossa Senhora \u2013 Para todos os dias depois da medita\u00e7\u00e3o.<\/p>\n<p>\u00d3 Imaculada Virgem M\u00e3e de Deus e nossa M\u00e3e, ao contemplar-vos de bra\u00e7os abertos derramando gra\u00e7as sobre os que vo-las pedem, cheios de confian\u00e7a na vossa poderosa intercess\u00e3o, in\u00fameras vezes manifestada pela Medalha Milagrosa, embora reconhecendo a nossa indignidade por causa de nossas in\u00fameras culpas, acercamo-nos de vossos p\u00e9s para vos expor, durante esta ora\u00e7\u00e3o, as nossas mais prementes necessidades <em>(momento de sil\u00eancio e de pedir a gra\u00e7a desejada).<\/em><\/p>\n<p>Concedei, pois, \u00f3 Virgem da Medalha Milagrosa, este favor que confiantes vos solicitamos, para maior gl\u00f3ria de Deus, engrandecimento do vosso nome, e o bem de nossas almas. E para melhor servirmos ao Vosso Divino Filho, inspirai-nos profundo \u00f3dio ao pecado e dai-nos coragem de nos afirmar sempre verdadeiros crist\u00e3os. Am\u00e9m.<\/p>\n<p>Rezar tr\u00eas Ave-Marias.<\/p>\n<p>Jaculat\u00f3ria: \u00d3 Maria concebida sem pecado, rogai por n\u00f3s que recorremos a v\u00f3s.<\/p>\n<h3>Ora\u00e7\u00e3o final<\/h3>\n<p>Sant\u00edssima Virgem, eu reconhe\u00e7o e confesso vossa Santa e Imaculada Concei\u00e7\u00e3o, pura e sem mancha. \u00d3 pur\u00edssima Virgem Maria, por vossa Concei\u00e7\u00e3o Imaculada e gloriosa prerrogativa de M\u00e3e de Deus, alcan\u00e7ai-me de vosso amado Filho a humildade, caridade, obedi\u00eancia, castidade, santa pureza de cora\u00e7\u00e3o, de corpo e esp\u00edrito; alcan\u00e7ai-me a perseveran\u00e7a na pr\u00e1tica do bem, uma santa vida, uma boa morte e a gra\u00e7a de (pede-se uma gra\u00e7a), que pe\u00e7o com toda a confian\u00e7a. Am\u00e9m.<\/p>\n<h3>Medita\u00e7\u00e3o para cada dia<\/h3>\n<p>1\u00ba dia \u2013 Primeira apari\u00e7\u00e3o<b><br \/>\n<\/b>Contemplemos a Virgem Imaculada em sua primeira apari\u00e7\u00e3o a <a href=\"http:\/\/www.cancaonova.com\/portal\/canais\/santodia\/?dia=27&amp;mes=11\" target=\"_blank\" rel=\"noopener\">Santa Catarina Labour\u00e9<\/a>.<br \/>\nA piedosa novi\u00e7a, guiada por seu Anjo da Guarda, \u00e9 apresentada \u00e0 Imaculada Senhora. Consideremos sua inef\u00e1vel alegria.&nbsp;Seremos tamb\u00e9m felizes como Santa Catarina se trabalharmos com ardor na nossa santifica\u00e7\u00e3o. Gozaremos as del\u00edcias do Para\u00edso se nos privarmos dos gozos terrenos.<\/p>\n<p>2\u00ba dia -\u0096 L\u00e1grimas de Maria<br \/>\nContemplemos Maria chorando sobre as calamidades que viriam sobre o mundo, pensando que o cora\u00e7\u00e3o de seu Filho seria ultrajado na cruz, escarnecido, e seus filhos prediletos perseguidos. Confiemos na Virgem compassiva e tamb\u00e9m participemos do fruto de suas l\u00e1grimas.<\/p>\n<p>3\u00ba dia -\u0096 Prote\u00e7\u00e3o de Maria<br \/>\nContemplemos Nossa Imaculada M\u00e3e, dizendo em suas apari\u00e7\u00f5es a Santa Catarina: \u0093\u201dEu mesma estarei convosco: n\u00e3o vos perco de vista e vos concederei abundantes gra\u00e7as\u201d.\u0094 Sede para mim, Virgem Imaculada, o escudo e a defesa em todas as necessidades.<\/p>\n<p>4\u00ba dia \u0096- Segunda apari\u00e7\u00e3o<br \/>\nEstando Santa Catarina Labour\u00e9 em ora\u00e7\u00e3o, a 27 de novembro de 1830, apareceu-lhe a Virgem Maria, formos\u00edssima, esmagando a cabe\u00e7a da serpente infernal. Nessa apari\u00e7\u00e3o, vemos seu desejo imenso de nos proteger sempre contra o inimigo de nossa salva\u00e7\u00e3o. Invoquemos a Imaculada M\u00e3e com confian\u00e7a e amor.<\/p>\n<p>5\u00ba dia \u0096- As m\u00e3os de Maria<b><br \/>\n<\/b>Contemplemos, hoje, Maria desprendendo de suas m\u00e3os raios luminosos. \u201c<em>Estes raios, disse Ela, s\u00e3o a figura das gra\u00e7as \u0093que derramo sobre todos aqueles que mas pedem e aos que trazem com f\u00e9 a minha medalha\u201d<\/em>\u0094. N\u00e3o desperdicemos tantas gra\u00e7as! Pe\u00e7amos, com fervor, humildade e perseveran\u00e7a, pois Maria Imaculada nos alcan\u00e7ar\u00e1.<\/p>\n<p>6\u00ba dia -\u0096 Terceira apari\u00e7\u00e3o<br \/>\nContemplemos Maria aparecendo a Santa Catarina, radiante de luz, cheia de bondade, rodeada de estrelas, mandando cunhar uma medalha e prometendo muitas gra\u00e7as a todos que a trouxerem com devo\u00e7\u00e3o e amor. Guardemos fervorosamente a Santa Medalha, pois, como um escudo, ela nos proteger\u00e1 dos perigos.<\/p>\n<p>7\u00ba dia \u2013 S\u00faplica<br \/>\n\u00d3 Virgem Milagrosa, Rainha Excelsa Imaculada Senhora, sede minha advogada, meu ref\u00fagio e asilo nesta terra, meu consolo nas tristezas e afli\u00e7\u00f5es, minha fortaleza e advogada na hora da morte.<\/p>\n<p>8\u00ba dia \u2013 S\u00faplica<br \/>\n\u00d3 Virgem Imaculada da Medalha Milagrosa, fazei com que esses raios luminosos que irradiam de vossas m\u00e3os virginais, iluminem minha intelig\u00eancia para melhor conhecer o bem, e abrasem meu cora\u00e7\u00e3o vivos sentimentos de f\u00e9, esperan\u00e7a e caridade.<\/p>\n<p>9\u00ba dia \u2013&nbsp;S\u00faplica<br \/>\n\u00d3 M\u00e3e Imaculada, fazei com que a cruz de vossa Medalha brilhe sempre diante de meus olhos, suavize as penas da vida presente e conduza-me \u00e0 vida eterna.<\/p>\n<blockquote><p>Fonte: https:\/\/formacao.cancaonova.com\/espiritualidade\/devocao\/novena\/novena-nossa-senhora-das-gracas\/<\/p><\/blockquote>\n<p>&nbsp;<\/p>\n","protected":false},"excerpt":{"rendered":"<p>Novena Milagrosa de Nossa Senhora das Gra\u00e7as Modo de rezar a novena: 1 \u2013 Ato de contri\u00e7\u00e3o; 2 \u2013 Medita\u00e7\u00e3o do dia; 3 \u2013 S\u00faplica a Nossa Senhora; 4 \u2013 Tr\u00eas Ave-Marias, depois a jaculat\u00f3ria: \u201c\u00d3 Maria concebida sem pecado,&#8230;<\/p>\n","protected":false},"author":4398,"featured_media":0,"comment_status":"open","ping_status":"open","sticky":false,"template":"","format":"standard","meta":{"_mi_skip_tracking":false,"_monsterinsights_sitenote_active":false,"_monsterinsights_sitenote_note":"","_monsterinsights_sitenote_category":0,"footnotes":""},"categories":[13,7531],"tags":[174315],"_links":{"self":[{"href":"https:\/\/blog.cancaonova.com\/evangelizadorperegrino\/wp-json\/wp\/v2\/posts\/2305"}],"collection":[{"href":"https:\/\/blog.cancaonova.com\/evangelizadorperegrino\/wp-json\/wp\/v2\/posts"}],"about":[{"href":"https:\/\/blog.cancaonova.com\/evangelizadorperegrino\/wp-json\/wp\/v2\/types\/post"}],"author":[{"embeddable":true,"href":"https:\/\/blog.cancaonova.com\/evangelizadorperegrino\/wp-json\/wp\/v2\/users\/4398"}],"replies":[{"embeddable":true,"href":"https:\/\/blog.cancaonova.com\/evangelizadorperegrino\/wp-json\/wp\/v2\/comments?post=2305"}],"version-history":[{"count":14,"href":"https:\/\/blog.cancaonova.com\/evangelizadorperegrino\/wp-json\/wp\/v2\/posts\/2305\/revisions"}],"predecessor-version":[{"id":3121,"href":"https:\/\/blog.cancaonova.com\/evangelizadorperegrino\/wp-json\/wp\/v2\/posts\/2305\/revisions\/3121"}],"wp:attachment":[{"href":"https:\/\/blog.cancaonova.com\/evangelizadorperegrino\/wp-json\/wp\/v2\/media?parent=2305"}],"wp:term":[{"taxonomy":"category","embeddable":true,"href":"https:\/\/blog.cancaonova.com\/evangelizadorperegrino\/wp-json\/wp\/v2\/categories?post=2305"},{"taxonomy":"post_tag","embeddable":true,"href":"https:\/\/blog.cancaonova.com\/evangelizadorperegrino\/wp-json\/wp\/v2\/tags?post=2305"}],"curies":[{"name":"wp","href":"https:\/\/api.w.org\/{rel}","templated":true}]}}