{"id":2530,"date":"2017-04-14T18:00:39","date_gmt":"2017-04-14T21:00:39","guid":{"rendered":"http:\/\/blog.cancaonova.com\/evangelizadorperegrino\/?p=2530"},"modified":"2017-04-14T19:36:20","modified_gmt":"2017-04-14T22:36:20","slug":"basilica-do-santo-sepulcro","status":"publish","type":"post","link":"https:\/\/blog.cancaonova.com\/evangelizadorperegrino\/basilica-do-santo-sepulcro\/","title":{"rendered":"A Bas\u00edlica do Santo Sepulcro"},"content":{"rendered":"<p style=\"margin: 0cm;margin-bottom: .0001pt;text-align: justify;line-height: 22.45pt;background: white\"><span style=\"font-size: 13.0pt;font-family: 'Arial','sans-serif';color: navy\">No exterior da Bas\u00edlica do Santo Sepulcro encontramos v\u00e1rias capelas, entre elas \u00e0 esquerda temos a capela de S\u00e3o Tiago para os fi\u00e9is de rito bizantino \u00e1rabe. E \u00e0 direita a capela arm\u00eania de S\u00e3o Jo\u00e3o.<\/span><\/p>\n<p style=\"margin: 0cm;margin-bottom: .0001pt;text-align: justify;line-height: 22.45pt;background: white\"><span style=\"font-size: 13.0pt;font-family: 'Arial','sans-serif';color: navy\">Na entrada da Bas\u00edlica temos um lugar reservado aos porteiros mu\u00e7ulmanos s\u00e3o duas fam\u00edlia. Uma que conserva as chaves e a outra abre as portas do Santo Sepulcro.<\/span><\/p>\n<p style=\"margin: 0cm;margin-bottom: .0001pt;text-align: justify;line-height: 22.45pt;background: white\"><span style=\"font-size: 13.0pt;font-family: 'Arial','sans-serif';color: navy\">Logo \u00e0 frente, entrando na Bas\u00edlica do Santo Sepulcro encontramos a Pedra da Un\u00e7\u00e3o.\u00a0Ela mede 2,70 de comprimento e 1,30 de largura.<\/span><\/p>\n<div id=\"attachment_2024\" style=\"width: 310px\" class=\"wp-caption aligncenter\"><a href=\"http:\/\/blog.cancaonova.com\/evangelizadorperegrino\/files\/2014\/02\/19_02_2014_13_39_04.jpg\"><img loading=\"lazy\" decoding=\"async\" aria-describedby=\"caption-attachment-2024\" class=\"size-medium wp-image-2024\" src=\"http:\/\/blog.cancaonova.com\/evangelizadorperegrino\/files\/2014\/02\/19_02_2014_13_39_04-300x200.jpg\" alt=\"A Pedra da Un\u00e7\u00e3o \u00e9 ungida com azeite e perfumes.\" width=\"300\" height=\"200\" srcset=\"https:\/\/blog.cancaonova.com\/evangelizadorperegrino\/files\/2014\/02\/19_02_2014_13_39_04-300x200.jpg 300w, https:\/\/blog.cancaonova.com\/evangelizadorperegrino\/files\/2014\/02\/19_02_2014_13_39_04.jpg 450w\" sizes=\"(max-width: 300px) 100vw, 300px\" \/><\/a><p id=\"caption-attachment-2024\" class=\"wp-caption-text\">A Pedra da Un\u00e7\u00e3o \u00e9 ungida com azeite e perfumes.<\/p><\/div>\n<p style=\"margin: 0cm;margin-bottom: .0001pt;text-align: justify;line-height: 22.45pt;background: white\"><span style=\"font-size: 13.0pt;font-family: 'Arial','sans-serif';color: navy\">Jos\u00e9 de Arimat\u00e9ia e Nicodemos depois de ter descido o corpo de Jesus da cruz o ungiu, colocando aromas e depois envolveu em um len\u00e7ol branco.<\/span><\/p>\n<p style=\"margin: 0cm;margin-bottom: .0001pt;text-align: justify;line-height: 22.45pt;background: white\"><span style=\"font-size: 13.0pt;font-family: 'Arial','sans-serif';color: navy\">Jesus foi depositado no Santo Sepulcro que fica no meio da bas\u00edlica.<\/span><\/p>\n<p style=\"margin: 0cm;margin-bottom: .0001pt;text-align: justify;line-height: 22.45pt;background: white\"><span style=\"font-size: 13.0pt;font-family: 'Arial','sans-serif';color: navy\">\u00c0 direita da Pedra da Un\u00e7\u00e3o subimos uma escada, acima de 5 metros do pavimento da bas\u00edlica que nos leva a capela da crucifix\u00e3o, o \u201cCalv\u00e1rio\u201d.<\/span><\/p>\n<p style=\"margin: 0cm;margin-bottom: .0001pt;text-align: justify;line-height: 22.45pt;background: white\"><span style=\"font-size: 13.0pt;font-family: 'Arial','sans-serif';color: navy\">Temos a rocha do Calv\u00e1rio que pode ser tocada por uma abertura em baixo do altar.<\/span><\/p>\n<p style=\"margin: 0cm;margin-bottom: .0001pt;text-align: justify;line-height: 22.45pt;background: white\"><span style=\"font-size: 13.0pt;font-family: 'Arial','sans-serif';color: navy\">Neste local a cruz foi elevada, \u00e9 o lugar em que Jesus morreu.<\/span><\/p>\n<p style=\"margin: 0cm;margin-bottom: .0001pt;text-align: justify;line-height: 22.45pt;background: white\"><span style=\"font-size: 13.0pt;font-family: 'Arial','sans-serif';color: navy\">\u00c9 vis\u00edvel a fenda irregular e vertical, sinal do terremoto ocorrido na morte de Cristo.\u00a0Podemos ver a continua\u00e7\u00e3o desta rachadura at\u00e9 a Capela de Ad\u00e3o.<\/span><\/p>\n<div id=\"attachment_2032\" style=\"width: 310px\" class=\"wp-caption aligncenter\"><a href=\"http:\/\/blog.cancaonova.com\/evangelizadorperegrino\/files\/2014\/02\/19_02_2014_15_29_36.jpg\"><img loading=\"lazy\" decoding=\"async\" aria-describedby=\"caption-attachment-2032\" class=\"size-medium wp-image-2032\" src=\"http:\/\/blog.cancaonova.com\/evangelizadorperegrino\/files\/2014\/02\/19_02_2014_15_29_36-300x100.jpg\" alt=\"Segundo lendas antigas do cristianismo, diz que o primeiro homem, Ad\u00e3o foi sepultado nesta Capela. \" width=\"300\" height=\"100\" srcset=\"https:\/\/blog.cancaonova.com\/evangelizadorperegrino\/files\/2014\/02\/19_02_2014_15_29_36-300x100.jpg 300w, https:\/\/blog.cancaonova.com\/evangelizadorperegrino\/files\/2014\/02\/19_02_2014_15_29_36.jpg 450w\" sizes=\"(max-width: 300px) 100vw, 300px\" \/><\/a><p id=\"caption-attachment-2032\" class=\"wp-caption-text\">Segundo lendas antigas do cristianismo, diz que o primeiro homem, Ad\u00e3o foi sepultado nesta Capela.<\/p><\/div>\n<p style=\"margin: 0cm;margin-bottom: .0001pt;text-align: justify;line-height: 22.45pt;background: white\"><span style=\"font-size: 13.0pt;font-family: 'Arial','sans-serif';color: navy\">A Capela de Ad\u00e3o fica em baixo do Calv\u00e1rio, a hist\u00f3ria dos primeiros crist\u00e3os diz que Ad\u00e3o foi sepultado neste local.<\/span><\/p>\n<p style=\"margin: 0cm;margin-bottom: .0001pt;text-align: justify;line-height: 22.45pt;background: white\"><span style=\"font-size: 13.0pt;font-family: 'Arial','sans-serif';color: navy\">Na sexta-feira santa o sangue de Jesus teria descido sobre a cabe\u00e7a de Ad\u00e3o para lavar o seu pecado e o de toda humanidade.<\/span><\/p>\n<p style=\"margin: 0cm;margin-bottom: .0001pt;text-align: justify;line-height: 22.45pt;background: white\">\n","protected":false},"excerpt":{"rendered":"<p>No exterior da Bas\u00edlica do Santo Sepulcro encontramos v\u00e1rias capelas, entre elas \u00e0 esquerda temos a capela de S\u00e3o Tiago para os fi\u00e9is de rito bizantino \u00e1rabe. E \u00e0 direita a capela arm\u00eania de S\u00e3o Jo\u00e3o. Na entrada da Bas\u00edlica&#8230;<\/p>\n","protected":false},"author":4398,"featured_media":0,"comment_status":"open","ping_status":"open","sticky":false,"template":"","format":"standard","meta":{"_mi_skip_tracking":false,"_monsterinsights_sitenote_active":false,"_monsterinsights_sitenote_note":"","_monsterinsights_sitenote_category":0,"footnotes":""},"categories":[13],"tags":[28590,63231],"_links":{"self":[{"href":"https:\/\/blog.cancaonova.com\/evangelizadorperegrino\/wp-json\/wp\/v2\/posts\/2530"}],"collection":[{"href":"https:\/\/blog.cancaonova.com\/evangelizadorperegrino\/wp-json\/wp\/v2\/posts"}],"about":[{"href":"https:\/\/blog.cancaonova.com\/evangelizadorperegrino\/wp-json\/wp\/v2\/types\/post"}],"author":[{"embeddable":true,"href":"https:\/\/blog.cancaonova.com\/evangelizadorperegrino\/wp-json\/wp\/v2\/users\/4398"}],"replies":[{"embeddable":true,"href":"https:\/\/blog.cancaonova.com\/evangelizadorperegrino\/wp-json\/wp\/v2\/comments?post=2530"}],"version-history":[{"count":3,"href":"https:\/\/blog.cancaonova.com\/evangelizadorperegrino\/wp-json\/wp\/v2\/posts\/2530\/revisions"}],"predecessor-version":[{"id":2852,"href":"https:\/\/blog.cancaonova.com\/evangelizadorperegrino\/wp-json\/wp\/v2\/posts\/2530\/revisions\/2852"}],"wp:attachment":[{"href":"https:\/\/blog.cancaonova.com\/evangelizadorperegrino\/wp-json\/wp\/v2\/media?parent=2530"}],"wp:term":[{"taxonomy":"category","embeddable":true,"href":"https:\/\/blog.cancaonova.com\/evangelizadorperegrino\/wp-json\/wp\/v2\/categories?post=2530"},{"taxonomy":"post_tag","embeddable":true,"href":"https:\/\/blog.cancaonova.com\/evangelizadorperegrino\/wp-json\/wp\/v2\/tags?post=2530"}],"curies":[{"name":"wp","href":"https:\/\/api.w.org\/{rel}","templated":true}]}}