{"id":642,"date":"2015-12-26T06:00:42","date_gmt":"2015-12-26T09:00:42","guid":{"rendered":"http:\/\/blog.cancaonova.com\/evangelizadorperegrino\/?p=642"},"modified":"2015-12-14T21:29:23","modified_gmt":"2015-12-15T00:29:23","slug":"ele-nasceu-em-mim","status":"publish","type":"post","link":"https:\/\/blog.cancaonova.com\/evangelizadorperegrino\/ele-nasceu-em-mim\/","title":{"rendered":"Ele nasceu em mim!"},"content":{"rendered":"<div id=\"attachment_643\" style=\"width: 460px\" class=\"wp-caption aligncenter\"><a href=\"http:\/\/blog.cancaonova.com\/evangelizadorperegrino\/files\/2012\/12\/Natividade.jpg\"><img loading=\"lazy\" decoding=\"async\" aria-describedby=\"caption-attachment-643\" class=\"size-full wp-image-643\" src=\"http:\/\/blog.cancaonova.com\/evangelizadorperegrino\/files\/2012\/12\/Natividade.jpg\" alt=\"Local do nascimento de Jesus - Gruta da Natividade\" width=\"450\" height=\"299\" srcset=\"https:\/\/blog.cancaonova.com\/evangelizadorperegrino\/files\/2012\/12\/Natividade.jpg 450w, https:\/\/blog.cancaonova.com\/evangelizadorperegrino\/files\/2012\/12\/Natividade-300x199.jpg 300w\" sizes=\"(max-width: 450px) 100vw, 450px\" \/><\/a><p id=\"caption-attachment-643\" class=\"wp-caption-text\">Local do nascimento de Jesus &#8211; Gruta da Natividade<\/p><\/div>\n<p>Este ano o Natal foi muito especial, ap\u00f3s ter visitado em Bel\u00e9m a gruta da natividade, local onde Jesus nasceu.<\/p>\n<p>Assim que comecei a fazer a novena de Natal o meu cora\u00e7\u00e3o vibrava com cada evangelho que era proclamado, pois eu havia experimentado de forma palp\u00e1vel aqueles lugares.<\/p>\n<p>Primeiro o anuncio do Anjo, local onde Maria disse o sim, depois o encontro com Isabel local da visita, onde foi proclamado o Magnificat, enfim foram nove dias ruminando cada passo da sagrada fam\u00edlia at\u00e9 que Jesus viesse nascer no meio de n\u00f3s.<\/p>\n<p>A cada dia eu dizia em meu cora\u00e7\u00e3o, eu estive aqui!<\/p>\n<p>Na noite de Natal, ao fazer nossas ora\u00e7\u00f5es em fam\u00edlia, pude testemunhar que, Jesus nasceu e este lugar pode ser visitado por todos n\u00f3s.<\/p>\n<p>Esta noite foi \u00fanica para mim, s\u00f3 pensava no que tinha vivido na Terra Santa.<\/p>\n<p><a href=\"http:\/\/blog.cancaonova.com\/evangelizadorperegrino\/files\/2012\/12\/Estrela.jpg\"><img loading=\"lazy\" decoding=\"async\" class=\"alignright size-full wp-image-653\" src=\"http:\/\/blog.cancaonova.com\/evangelizadorperegrino\/files\/2012\/12\/Estrela.jpg\" alt=\"Local do nascimento de Jesus\" width=\"230\" height=\"172\" \/><\/a><\/p>\n<p>Que presente foi para mim, rezar na estrela de Bel\u00e9m onde Ele nasceu, e louvar.<\/p>\n<p>Contemplar cada palavra do evangelho e falar comigo mesma, \u201ceu estive l\u00e1\u201d.<\/p>\n<p>Ver as crian\u00e7as fazendo prociss\u00e3o para colocar o menino Jesus na manjedoura, tornou-se mais especial e quero dividir esta alegria e dizer que, o Natal existe com o nascimento de Jesus e sem Ele tudo torna-se vazio.<\/p>\n<p>Sinto-me mais pr\u00f3xima de Jesus neste Natal e digo que Ele nasceu em mim!<\/p>\n<p>Feliz natal a todos!!<\/p>\n","protected":false},"excerpt":{"rendered":"<p>Este ano o Natal foi muito especial, ap\u00f3s ter visitado em Bel\u00e9m a gruta da natividade, local onde Jesus nasceu. Assim que comecei a fazer a novena de Natal o meu cora\u00e7\u00e3o vibrava com cada evangelho que era proclamado, pois&#8230;<\/p>\n","protected":false},"author":4398,"featured_media":0,"comment_status":"closed","ping_status":"closed","sticky":false,"template":"","format":"standard","meta":{"_mi_skip_tracking":false,"_monsterinsights_sitenote_active":false,"_monsterinsights_sitenote_note":"","_monsterinsights_sitenote_category":0,"footnotes":""},"categories":[15651,23],"tags":[],"_links":{"self":[{"href":"https:\/\/blog.cancaonova.com\/evangelizadorperegrino\/wp-json\/wp\/v2\/posts\/642"}],"collection":[{"href":"https:\/\/blog.cancaonova.com\/evangelizadorperegrino\/wp-json\/wp\/v2\/posts"}],"about":[{"href":"https:\/\/blog.cancaonova.com\/evangelizadorperegrino\/wp-json\/wp\/v2\/types\/post"}],"author":[{"embeddable":true,"href":"https:\/\/blog.cancaonova.com\/evangelizadorperegrino\/wp-json\/wp\/v2\/users\/4398"}],"replies":[{"embeddable":true,"href":"https:\/\/blog.cancaonova.com\/evangelizadorperegrino\/wp-json\/wp\/v2\/comments?post=642"}],"version-history":[{"count":7,"href":"https:\/\/blog.cancaonova.com\/evangelizadorperegrino\/wp-json\/wp\/v2\/posts\/642\/revisions"}],"predecessor-version":[{"id":2706,"href":"https:\/\/blog.cancaonova.com\/evangelizadorperegrino\/wp-json\/wp\/v2\/posts\/642\/revisions\/2706"}],"wp:attachment":[{"href":"https:\/\/blog.cancaonova.com\/evangelizadorperegrino\/wp-json\/wp\/v2\/media?parent=642"}],"wp:term":[{"taxonomy":"category","embeddable":true,"href":"https:\/\/blog.cancaonova.com\/evangelizadorperegrino\/wp-json\/wp\/v2\/categories?post=642"},{"taxonomy":"post_tag","embeddable":true,"href":"https:\/\/blog.cancaonova.com\/evangelizadorperegrino\/wp-json\/wp\/v2\/tags?post=642"}],"curies":[{"name":"wp","href":"https:\/\/api.w.org\/{rel}","templated":true}]}}