{"id":1061,"date":"2007-03-30T09:17:17","date_gmt":"2007-03-30T06:17:17","guid":{"rendered":"http:\/\/blog.cancaonova.com\/felipeaquino\/2007\/03\/30\/a-liturgia-da-semana-santa\/"},"modified":"2007-03-30T09:17:17","modified_gmt":"2007-03-30T06:17:17","slug":"a-liturgia-da-semana-santa","status":"publish","type":"post","link":"https:\/\/blog.cancaonova.com\/felipeaquino\/2007\/03\/30\/a-liturgia-da-semana-santa\/","title":{"rendered":"A liturgia da Semana Santa"},"content":{"rendered":"<p><em><strong><u><span><\/span><span>\u00a0<\/span><\/p>\n<p><\/u><\/strong><\/em><em><strong><span>A LITURGIA DA SEMANA SANTA<\/span><\/strong><\/em><em><strong><u><span><\/span><span>\u00a0<\/span><\/p>\n<p><\/u><\/strong><\/em><em><span><\/span><span>\u00a0\u00a0\u00a0\u00a0\u00a0\u00a0\u00a0\u00a0 <\/span>Na Semana Santa a Igreja celebra os sagrados mist\u00e9rios da Paix\u00e3o, Morte e Ressurrei\u00e7\u00e3o do Senhor, encarnado para no mart\u00edrio da Cruz e na vit\u00f3ria sobre a morte, dar a todos os homens a gra\u00e7a da salva\u00e7\u00e3o. <\/em><em><span>\u00a0<\/p>\n<p><\/span><\/em><em><span>A Semana Santa come\u00e7a com o Domingo de Ramos; e lembra a entrada triunfal de Jesus em Jerusal\u00e9m, aclamado pelos judeus. <\/span><\/em><span><\/span><em><span>A Igreja recorda os louvores da multid\u00e3o proclamando: &#8220;Hosana ao Filho de David. Bendito o que vem em nome do Senhor&#8221;. (Lc 19, 38 &#8211; MT 21, 9). Com este gesto manifestamos nossa f\u00e9<br \/>\nem Jesus Cristo, Rei e Senhor. <\/span><\/em><span>\u00a0<\/p>\n<p><\/span><strong><span>Na <em><span>Quinta-feira Santa <\/span><\/em><\/span><\/strong><em><span>celebramos a Institui\u00e7\u00e3o da Eucaristia. <\/span><\/em><em><span>Neste dia cada Bispo re\u00fane o seu clero e celebra a Missa da renova\u00e7\u00e3o do sacerd\u00f3cio, pois neste dia Jesus instituiu o Sacerd\u00f3cio cat\u00f3lico e a sagrada Eucaristia. \u00c9 feita tamb\u00e9m a b\u00ean\u00e7\u00e3o dos sagrados \u00f3leos, c<\/span><\/em><span>om a <em><span><\/span><span>\u00a0<\/span>b\u00ean\u00e7\u00e3o conjunta dos tr\u00eas \u00f3leos lit\u00fargicos (Batismo, Crisma e Un\u00e7\u00e3o dos Enfermos). <\/em><\/span><em><span>O motivo<\/span><span>\u00a0 <\/span>deve-se ao fato de ser este \u00faltimo dia em que se celebra a missa antes da Vig\u00edlia Pascal. Na Igreja primitiva o Batismo, a Crisma e Primeira Eucaristia acontecia s\u00f3 na Vig\u00edlia Pascal. <\/em><em><span>S\u00e3o aben\u00e7oados os seguintes \u00f3leos:<\/span><\/em><span>\u00a0<\/p>\n<p><\/span><strong><u><span>\u00d3leo do Crisma<\/span><\/u><\/strong><em><span> &#8211; Uma mistura de \u00f3leo e b\u00e1lsamo, significando a plenitude do Esp\u00edrito Santo, revelando que o crist\u00e3o deve irradiar &#8220;o bom perfume de Cristo&#8221;. \u00c9 usado no sacramento da Confirma\u00e7\u00e3o (Crisma), Para viver como adulto na f\u00e9. Este \u00f3leo \u00e9 usado tamb\u00e9m no sacramento do sacerd\u00f3cio (Ordem). A cor que representa esse \u00f3leo \u00e9 o branco ouro. <\/span><\/em><span>\u00a0<\/p>\n<p><\/span><strong><u><span>\u00d3leo dos Catec\u00famenos<\/span><\/u><\/strong><em><span> &#8211; Catec\u00famenos s\u00e3o os que se preparam para receber o Batismo. Este \u00f3leo significa a liberta\u00e7\u00e3o do mal, a for\u00e7a de Deus que penetra no catec\u00fameno, o liberta e prepara para o nascimento pela \u00e1gua e pelo Esp\u00edrito. Sua cor \u00e9 vermelha. <\/span><\/em><span>\u00a0<\/p>\n<p><\/span><strong><u><span>\u00d3leo dos Enfermos<\/span><\/u><\/strong><em><u><span> <\/span><\/u><\/em><em><span>&#8211; \u00c9 usado no sacramento dos enfermos. <\/span><span>\u00a0<\/span>Este \u00f3leo significa a for\u00e7a do Esp\u00edrito de Deus para a prova\u00e7\u00e3o da doen\u00e7a, para o fortalecimento da pessoa para enfrentar a dor e, inclusive a morte, se for vontade de Deus. Sua cor \u00e9 roxa. <\/em><span>\u00a0<\/p>\n<p><\/span><em><strong><u><span>Institui\u00e7\u00e3o da Eucaristia e Cerim\u00f4nia do Lava-p\u00e9s<\/span><\/u><\/strong><\/em><em><span>Com a Missa da Ceia do Senhor, celebrada na tarde ou noite da quinta-feira santa, a Igreja d\u00e1 in\u00edcio ao chamado <strong>Tr\u00edduo Pascal<\/strong> e comemora a \u00daltima Ceia:<\/span><\/em><em><span>\u00a0<\/p>\n<p><\/span><\/em><em><span>1 \u2013 <strong>Institui\u00e7\u00e3o da Sagrada Eucaristia<\/strong>, onde Jesus, na noite em que foi tra\u00eddo, ofereceu a Deus-Pai o seu Corpo e Sangue sob as esp\u00e9cies do P\u00e3o e do Vinho, e os entregou para os Ap\u00f3stolos para que os tomassem, mandando-lhes tamb\u00e9m oferecer aos seus sucessores. <\/span><\/em><em><span>\u00a0<\/p>\n<p><\/span><\/em><em><span>2 \u2013 <strong>Institui\u00e7\u00e3o do Sacerd\u00f3cio \u2013 \u201cFazei isto em mem\u00f3ria de mim\u201d.<\/strong> <\/span><\/em><em><span>Com essas palavras o Senhor instituiu o sacerd\u00f3cio cat\u00f3lico e deu-lhes poder para celebrar a Eucaristia.<\/span><\/em><em><span>\u00a0<\/p>\n<p><\/span><\/em><em><span>3 &#8211; Durante a missa ocorre a cerim\u00f4nia do <strong>Lava-P\u00e9s<\/strong> que lembra o gesto de Jesus na \u00daltima Ceia, quando lavou os p\u00e9s dos seus ap\u00f3stolos. \u00c9 um gesto de humildade e de santidade, um exemplo para os disc\u00edpulos e para a toda a Igreja. \u201cEu vim para servir\u201d.<\/span><\/em><span><\/span><em><span>No final da Missa, faz-se a chamada <strong>Prociss\u00e3o do Translado do Sant\u00edssimo Sacramento <\/strong>ao altar-mor da igreja para uma capela, onde se tem o costume de fazer a adora\u00e7\u00e3o do Sant\u00edssimo durante toda \u00e0 noite. <\/span><\/em><em><span>Ap\u00f3s a Missa o altar \u00e9 desnudado; ele \u00e9 o s\u00edmbolo do Cristo aniquilado, despojado, flagelado e morto por nossos pecados.<\/span><\/em><span>\u00a0<\/p>\n<p><\/span><em><strong><u><span>Sexta-feira Santa<\/span><\/u><\/strong><\/em><em><span>Celebra-se a Paix\u00e3o e Morte de Jesus Cristo. Dia de sil\u00eancio,<\/span><span>\u00a0 <\/span>jejum e ora\u00e7\u00e3o e de profundo respeito diante da morte do Senhor. N\u00e3o se deve trabalhar, se divertir, etc. <\/em><em><span>\u00c0s 15 horas, hor\u00e1rio<br \/>\nem que Jesus foi morto, \u00e9 celebrada a principal cerim\u00f4nia do dia: <strong>a Paix\u00e3o do Senhor<\/strong>. Ela consta de tr\u00eas partes: Liturgia da Palavra, Adora\u00e7\u00e3o da cruz e Comunh\u00e3o eucar\u00edstica. N\u00e3o adoramos a cruz como um objeto de madeira, mas adoramos o Cristo pregado na Cruz. <\/span><\/em><em><span>Depois deste momento n\u00e3o h\u00e1 mais comunh\u00e3o eucar\u00edstica at\u00e9 que seja realizada a celebra\u00e7\u00e3o da P\u00e1scoa, no S\u00e1bado Santo. <\/span><\/em><span>\u00a0<\/p>\n<p><\/span><em><strong><u><span>Of\u00edcio das Trevas <\/span><\/u><\/strong><\/em><em><span>Em alguns lugares \u00e9 realizado este Of\u00edcio. \u00c9 <\/span><span>\u00a0<\/span>um conjunto de leituras, lamenta\u00e7\u00f5es, salmos e preces penitenciais. O nome surgiu por causa da forma que se utilizava antigamente para celebrar o ritual. A Igreja fica \u00e0s escuras tendo somente um candelabro triangular, com velas acesas que se apagam aos poucos durante a cerim\u00f4nia. <\/em><em><span>\u00a0<\/p>\n<p><\/span><\/em><span>\u00a0<\/p>\n<p><\/span><em><strong><u><span>Serm\u00e3o das Sete Palavras (facultativo)<\/span><\/u><\/strong><\/em><u><span><\/span><\/u><em><span>Lembra as sete \u00faltimas palavras de Jesus, no Calv\u00e1rio, antes de sua morte: <\/span><\/em><em><span>&#8220;Pai, perdoa-lhes, pois n\u00e3o sabem o que fazem&#8230;&#8221;, <\/span><\/em><em><span>&#8220;Em verdade te digo: hoje estar\u00e1s comigo no Para\u00edso&#8221;, <\/span><\/em><em><span>&#8220;Mulher, eis a\u00ed o teu filho&#8230; Eis a\u00ed a tua M\u00e3e&#8221;,<\/span><\/em><em><span><\/span><span>\u00a0<\/span>&#8220;Tenho Sede!&#8221;, <\/em><em><span>\u201cMeus Deus, meus Deus, por que me abandonastes?&#8221;, <\/span><\/em><em><span>&#8220;Tudo est\u00e1 consumado!&#8221;,<\/span><\/em><em><span><\/span><span>\u00a0<\/span>&#8220;Pai, em tuas m\u00e3os entrego o meu Esp\u00edrito!&#8221;. <\/em><em><span>Neste dia, n\u00e3o se celebra a Santa Missa. <\/span><\/em><span><\/span><em><span>\u00a0<\/p>\n<p><\/span><\/em><em><span>\u00c0 noite as par\u00f3quias fazem encena\u00e7\u00f5es da Paix\u00e3o de Jesus Cristo com o <strong>Serm\u00e3o da Descida da Cruz <\/strong>e em seguida a <strong>Prociss\u00e3o do Enterro<\/strong>, levando o esquife com a imagem do Senhor morto.<\/span><\/em><span><\/p>\n<p><\/span><em><strong><u><span>S\u00e1bado Santo<\/span><\/u><\/strong><\/em><em><u><span> <\/span><\/u><\/em><em><span>No S\u00e1bado Santo ou S\u00e1bado de Aleluia, a principal celebra\u00e7\u00e3o \u00e9 a <strong>&#8220;Vig\u00edlia Pascal&#8221;. <\/strong>Inicia-se na noite do S\u00e1bado Santo em mem\u00f3ria da noite santa da ressurrei\u00e7\u00e3o gloriosa de Nosso Senhor Jesus Cristo. \u00c9 a chamada &#8220;A m\u00e3e de todas as santas vig\u00edlias&#8221;, porque a Igreja mant\u00e9m-se de vig\u00edlia \u00e0 espera da vit\u00f3ria do Senhor sobre a morte. <\/span><\/em><em><span>\u00a0<\/p>\n<p><\/span><\/em><em><span>Cinco elementos comp\u00f5em a liturgia da Vig\u00edlia Pascal: <\/span><\/em><em><span>1 &#8211; a ben\u00e7\u00e3o do fogo novo e do c\u00edrio pascal; <\/span><\/em><em><span>2 &#8211; a proclama\u00e7\u00e3o da P\u00e1scoa, que \u00e9 um canto de j\u00fabilo anunciando a Ressurrei\u00e7\u00e3o do Senhor; <\/span><\/em><em><span>3 &#8211; a liturgia da Palavra, que \u00e9 uma s\u00e9rie de leituras sobre a hist\u00f3ria da Salva\u00e7\u00e3o; <\/span><\/em><em><span>4 &#8211; a renova\u00e7\u00e3o das promessas do Batismo e, por fim,<\/span><\/em><em><span>5 &#8211; a liturgia Eucar\u00edstica. <\/span><\/em><span>\u00a0<\/p>\n<p><\/span><em><strong><u><span>Domingo de P\u00e1scoa<\/span><\/u><\/strong><\/em><em><span>A palavra p\u00e1scoa vem do hebreu Peseach e significa &#8220;passagem&#8221;. Era vivamente comemorada pelos judeus do Antigo Testamento. <\/span><\/em><span><\/span><em><span>Condenado \u00e0 morte na cruz e sepultado, Jesus ressuscitou tr\u00eas dias ap\u00f3s, num domingo, logo depois da P\u00e1scoa judaica. A ressurrei\u00e7\u00e3o de Jesus Cristo \u00e9 o ponto central e mais importante da f\u00e9 crist\u00e3. Atrav\u00e9s da sua ressurrei\u00e7\u00e3o, Jesus prova que a morte n\u00e3o \u00e9 o fim e que Ele \u00e9, verdadeiramente, o Filho de Deus. O temor dos disc\u00edpulos em raz\u00e3o da morte de Jesus na Sexta-Feira transforma-se em esperan\u00e7a e j\u00fabilo. \u00c9 a partir deste momento que eles adquirem for\u00e7a para continuar anunciando a mensagem do Senhor. S\u00e3o celebradas missas festivas durante todo o domingo. <\/span><\/em><span><\/span><\/p>\n<!-- AddThis Advanced Settings generic via filter on the_content --><!-- AddThis Share Buttons generic via filter on the_content -->","protected":false},"excerpt":{"rendered":"<p>\u00a0 A LITURGIA DA SEMANA SANTA\u00a0 \u00a0\u00a0\u00a0\u00a0\u00a0\u00a0\u00a0\u00a0 Na Semana Santa a Igreja celebra os sagrados mist\u00e9rios da Paix\u00e3o, Morte e Ressurrei\u00e7\u00e3o do Senhor, encarnado para no mart\u00edrio da Cruz e na vit\u00f3ria sobre a morte, dar a todos os homens&#8230;<!-- AddThis Advanced Settings generic via filter on get_the_excerpt --><!-- AddThis Share Buttons generic via filter on get_the_excerpt --><\/p>\n","protected":false},"author":29,"featured_media":0,"comment_status":"open","ping_status":"closed","sticky":false,"template":"","format":"standard","meta":{"_mi_skip_tracking":false,"_monsterinsights_sitenote_active":false,"_monsterinsights_sitenote_note":"","_monsterinsights_sitenote_category":0,"footnotes":""},"categories":[48],"tags":[],"_links":{"self":[{"href":"https:\/\/blog.cancaonova.com\/felipeaquino\/wp-json\/wp\/v2\/posts\/1061"}],"collection":[{"href":"https:\/\/blog.cancaonova.com\/felipeaquino\/wp-json\/wp\/v2\/posts"}],"about":[{"href":"https:\/\/blog.cancaonova.com\/felipeaquino\/wp-json\/wp\/v2\/types\/post"}],"author":[{"embeddable":true,"href":"https:\/\/blog.cancaonova.com\/felipeaquino\/wp-json\/wp\/v2\/users\/29"}],"replies":[{"embeddable":true,"href":"https:\/\/blog.cancaonova.com\/felipeaquino\/wp-json\/wp\/v2\/comments?post=1061"}],"version-history":[{"count":0,"href":"https:\/\/blog.cancaonova.com\/felipeaquino\/wp-json\/wp\/v2\/posts\/1061\/revisions"}],"wp:attachment":[{"href":"https:\/\/blog.cancaonova.com\/felipeaquino\/wp-json\/wp\/v2\/media?parent=1061"}],"wp:term":[{"taxonomy":"category","embeddable":true,"href":"https:\/\/blog.cancaonova.com\/felipeaquino\/wp-json\/wp\/v2\/categories?post=1061"},{"taxonomy":"post_tag","embeddable":true,"href":"https:\/\/blog.cancaonova.com\/felipeaquino\/wp-json\/wp\/v2\/tags?post=1061"}],"curies":[{"name":"wp","href":"https:\/\/api.w.org\/{rel}","templated":true}]}}