{"id":1091,"date":"2007-04-01T10:45:47","date_gmt":"2007-04-01T07:45:47","guid":{"rendered":"http:\/\/blog.cancaonova.com\/felipeaquino\/2007\/04\/01\/um-pedido-ao-jornalista-gilberto-dimenstein\/"},"modified":"2007-04-02T08:23:40","modified_gmt":"2007-04-02T05:23:40","slug":"um-pedido-ao-jornalista-gilberto-dimenstein","status":"publish","type":"post","link":"https:\/\/blog.cancaonova.com\/felipeaquino\/2007\/04\/01\/um-pedido-ao-jornalista-gilberto-dimenstein\/","title":{"rendered":"Um pedido ao jornalista Gilberto Dimenstein"},"content":{"rendered":"<p><span>Caro Dimenstein, <\/span><span>\u00a0<\/span><span><\/span><span><\/span><span>\u00a0<\/span><span>Em 06\/03\/2007, voc\u00ea escreveu na Folha de S\u00e3o Paulo uma mat\u00e9ria intitulada \u201cCoragem, aborto e legaliza\u00e7\u00e3o das drogas\u201d, onde considera o governador do Rio, S\u00e9rgio Cabral, como \u201cum pol\u00edtico corajoso\u201d, defensor do aborto e da libera\u00e7\u00e3o das drogas. (<\/span><span>E-mail: <a href=\"mailto&#58;&#112;&#97;&#x6c;&#x61;&#x76;&#x72;&#x61;&#x64;&#x6f;leitor&#64;&#117;&#111;&#x6c;&#x2e;&#x63;&#x6f;&#x6d;&#x2e;&#x62;&#x72;\">&#x70;a&#x6c;a&#x76;&#114;a&#x64;o&#x6c;&#101;i&#x74;o&#x72;&#64;u&#x6f;l&#x2e;c&#x6f;&#x6d;.&#x62;r<\/a>).<\/span><\/p>\n<p><span>\u00a0<\/span><span>\u00a0<\/span><span>Dimenstein, considero-o um lutador pela educa\u00e7\u00e3o e pela qualidade de vida dos mais pobres, e por isso me assustei tremendamente com o seu artigo apoiando a &#8220;coragem\u201d (para mim covardia) de Sergio Cabral em defesa do aborto e da libera\u00e7\u00e3o das drogas.<\/span><span>\u00a0<\/span><\/p>\n<p><span>Ora Dimenstein, como voc\u00ea pode ser a favor da vida e morte ao mesmo tempo? Abortar uma crian\u00e7a viva no seio da m\u00e3e \u00e9 assassinato; defender isso anula tudo o mais que voc\u00ea faz, n\u00e3o percebeu?<\/span><span>\u00a0<\/span><span><\/span><span>Um pingo de \u00e1gua, por menor que seja, <\/span><span>\u00a0<\/span>\u00e9 \u00e1gua (H2O) como um oceano inteiro; o feto \u00e9 uma vida. Tir\u00e1-la \u00e9 a maior covardia que se pode fazer ao ser humano fraco e indefeso; percebe? Nenhum animal faz isto, nem os venenosos&#8230;<span>\u00a0<\/span><\/p>\n<p><span>O primeiro direito de um ser humano \u00e9 o direito `a VIDA,\u00a0 os outros v\u00eam depois; sem garantir a vida dele, o resto n\u00e3o tem sentido. Abortar \u00e9 uma medida que revela ego\u00edsmo, maldade e comodismo dos que j\u00e1 nasceram, querendo eliminar os nascituros para n\u00e3o lhes fazer &#8220;concorr\u00eancia\u201d nesta vida. Todos os que aprovam e defendem o aborto j\u00e1 tiveram assegurado o direito de nascer.<\/span><span>\u00a0<\/span><span><\/span><span><\/span><span>\u00a0<\/span>Como judeu voc\u00ea sabe que a vida \u00e9 um dom que pertence s\u00f3\u00a0 a Deus, e se o homem assumir o seu comando, ele assume perigosamente o lugar de Deus; e ai adeus paz para ele e para o mundo!<span>\u00a0<\/span><\/p>\n<p><span>Dimenstein, Paulo VI disse um dia que o mundo vai mal porque quer dar solu\u00e7\u00f5es f\u00e1ceis, c\u00f4modas e r\u00e1pidas para problemas dif\u00edceis: aborto, camisinha, p\u00edlulas anticoncepcionais, p\u00edlula do dia seguinte, eutan\u00e1sia, &#8220;casamentos alternativos&#8221;, libera\u00e7\u00e3o das drogas, etc., s\u00e3o solu\u00e7\u00f5es \u201cf\u00e1ceis\u201d, in\u00f3cuas e imorais. Ora, voc\u00ea sabe que ningu\u00e9m consegue curar um c\u00e2ncer apenas dando aspirina para o paciente; \u00e9 preciso muito mais: cirurgia, quimioterapia, tomografias, radioterapia&#8230;<\/span><span>\u00a0<\/span><span><\/span><span>Sei que voc\u00ea \u00e9 um homem de boa vontade e que ama<\/span><span>\u00a0 <\/span>a verdade; ent\u00e3o pe\u00e7o que estude melhor esta quest\u00e3o, sem o pragmatismo moderno que exclui a moral e a lei natural. Pe\u00e7o que leia os testemunhos do Dr. Nathanson, que chefiou a maior clinica abortiva dos EUA,<br \/>\nem Nova Iorque, onde voc\u00ea viveu; e que agora luta contra o aborto no mundo todo; ele se arrependeu amargamente do que fez.<span>\u00a0<\/span><\/p>\n<p><span>Gostaria que, como um homem que procura a verdade, voc\u00ea lesse os depoimentos do Dr. J\u00e9rome Lejeune, o descobridor franc\u00eas da S\u00edndrome de Down, o maior geneticista da Fran\u00e7a nos \u00faltimos tempos, e que foi muito rejeitado por ser contra o aborto.<\/span><span>\u00a0<\/span><span><\/span><span>Por outro lado Dimenstein, liberar as drogas, descriminalizar<\/span><span>\u00a0 <\/span>o seu uso \u00e9 fomentar a destrui\u00e7\u00e3o dos jovens, \u00e9 abdicar do combate a elas; n\u00e3o se pode legalizar o v\u00edcio, legitimar o erro para destru\u00ed-lo. <span>Conhe\u00e7o a sua seriedade; pe\u00e7o que repense essas quest\u00f5es. <\/span><span>\u00a0<\/span><\/p>\n<p><span><\/span><span><\/span><span>Prof. Felipe Aquino \u2013 31 mar\u00e7o 2007<\/span><span>\u00a0<\/span><span><\/span><span><\/span><\/p>\n<!-- AddThis Advanced Settings generic via filter on the_content --><!-- AddThis Share Buttons generic via filter on the_content -->","protected":false},"excerpt":{"rendered":"<p>Caro Dimenstein, \u00a0\u00a0Em 06\/03\/2007, voc\u00ea escreveu na Folha de S\u00e3o Paulo uma mat\u00e9ria intitulada \u201cCoragem, aborto e legaliza\u00e7\u00e3o das drogas\u201d, onde considera o governador do Rio, S\u00e9rgio Cabral, como \u201cum pol\u00edtico corajoso\u201d, defensor do aborto e da libera\u00e7\u00e3o das drogas&#8230;.<!-- AddThis Advanced Settings generic via filter on get_the_excerpt --><!-- AddThis Share Buttons generic via filter on get_the_excerpt --><\/p>\n","protected":false},"author":29,"featured_media":0,"comment_status":"open","ping_status":"closed","sticky":false,"template":"","format":"standard","meta":{"_mi_skip_tracking":false,"_monsterinsights_sitenote_active":false,"_monsterinsights_sitenote_note":"","_monsterinsights_sitenote_category":0,"footnotes":""},"categories":[49],"tags":[],"_links":{"self":[{"href":"https:\/\/blog.cancaonova.com\/felipeaquino\/wp-json\/wp\/v2\/posts\/1091"}],"collection":[{"href":"https:\/\/blog.cancaonova.com\/felipeaquino\/wp-json\/wp\/v2\/posts"}],"about":[{"href":"https:\/\/blog.cancaonova.com\/felipeaquino\/wp-json\/wp\/v2\/types\/post"}],"author":[{"embeddable":true,"href":"https:\/\/blog.cancaonova.com\/felipeaquino\/wp-json\/wp\/v2\/users\/29"}],"replies":[{"embeddable":true,"href":"https:\/\/blog.cancaonova.com\/felipeaquino\/wp-json\/wp\/v2\/comments?post=1091"}],"version-history":[{"count":0,"href":"https:\/\/blog.cancaonova.com\/felipeaquino\/wp-json\/wp\/v2\/posts\/1091\/revisions"}],"wp:attachment":[{"href":"https:\/\/blog.cancaonova.com\/felipeaquino\/wp-json\/wp\/v2\/media?parent=1091"}],"wp:term":[{"taxonomy":"category","embeddable":true,"href":"https:\/\/blog.cancaonova.com\/felipeaquino\/wp-json\/wp\/v2\/categories?post=1091"},{"taxonomy":"post_tag","embeddable":true,"href":"https:\/\/blog.cancaonova.com\/felipeaquino\/wp-json\/wp\/v2\/tags?post=1091"}],"curies":[{"name":"wp","href":"https:\/\/api.w.org\/{rel}","templated":true}]}}