{"id":1221,"date":"2007-04-06T10:09:10","date_gmt":"2007-04-06T07:09:10","guid":{"rendered":"http:\/\/blog.cancaonova.com\/felipeaquino\/2007\/04\/06\/parlamentares-que-votarem-a-favor-do-aborto-serao-excomungados-da-igreja-automaticamente\/"},"modified":"2007-04-06T20:45:48","modified_gmt":"2007-04-06T17:45:48","slug":"parlamentares-que-votarem-a-favor-do-aborto-serao-excomungados-da-igreja-automaticamente","status":"publish","type":"post","link":"https:\/\/blog.cancaonova.com\/felipeaquino\/2007\/04\/06\/parlamentares-que-votarem-a-favor-do-aborto-serao-excomungados-da-igreja-automaticamente\/","title":{"rendered":"Parlamentares que votarem a favor do aborto ser\u00e3o excomungados da Igreja  automaticamente"},"content":{"rendered":"<p><span><\/span><span><\/span><span><\/span><\/p>\n<p><span><\/span><span><\/span><span>O bispo-auxiliar da Arquidiocese do M\u00e9xico Marcelino Hern\u00e1ndez declarou ontem (05 abril 07) que os legisladores que votarem a favor da legaliza\u00e7\u00e3o do aborto na Cidade do M\u00e9xico ser\u00e3o automaticamente excomungados assim que ocorrer a primeira interrup\u00e7\u00e3o de gravidez respaldada por lei. <\/span><span>\u00a0<\/span><\/p>\n<p><span>Segundo reportagem publicada pelo jornal mexicano &#8220;El Sol&#8221; (05 abril 07), duas em cada dez mexicanas j\u00e1 abortaram. Anualmente, s\u00e3o feitos cem mil abortos no M\u00e9xico &#8211; em m\u00e9dia, 273 por dia e um a cada 7,5 minutos. (fonte: Folha de SP 06 de abril de 2007)<u><\/u><\/span><span>\u00a0<\/span><span><\/span><span>O Bispo explicou que, para a excomunh\u00e3o, n\u00e3o \u00e9 necess\u00e1rio nenhum procedimento can\u00f4nico. &#8220;Eles pr\u00f3prios se excomungar\u00e3o.&#8221; Isto est\u00e1 previsto no <strong>C\u00f3digo de Direito Can\u00f4nico da Igreja<\/strong>, que coloca o aborto nos casos de excomunh\u00e3o autom\u00e1tica. O C\u00e2non <\/span><span>1398 diz: \u201cQuem provoca aborto, seguindo-se o efeito, incorre em excomunh\u00e3o \u201clatae sententiae\u201d. <\/span><span>\u00a0<\/span><\/p>\n<p><span>Em nota colocada no C\u00f3digo, o doutor<br \/>\nem Direito Can\u00f4nico, Pe, Jesus Hortal, adverte que: \u201cA excomunh\u00e3o atinge tamb\u00e9m os que realizam o aborto no caso de estupro da mulher, de deformidades do feto, ou de perigo de vida da m\u00e3e. E atinge por igual a todos os que, a ci\u00eancia e consci\u00eancia, interv\u00eam no processo abortivo, quer com a coopera\u00e7\u00e3o material (m\u00e9dicos, enfermeiras, parteiras etc.), quer com a coopera\u00e7\u00e3o moral verdadeiramente eficaz (como o marido, o amante ou o pai que amea\u00e7am a mulher, obrigando-a a submeter-se ao procedimento abortivo). <u><\/u><\/span><span>\u00a0<\/span><span><\/span><span>As conseq\u00fc\u00eancias da excomunh\u00e3o s\u00e3o grandes. O C\u00f3digo diz no C\u00e2non 1331: <\/span><span>\u00a7 1. Ao excomungado pro\u00edbe-se:<\/span><span>1\u00b0 &#8211; ter qualquer participa\u00e7\u00e3o ministerial na celebra\u00e7\u00e3o do sacrif\u00edcio da Eucaristia ou em quaisquer outras cerim\u00f4nias de culto;<\/span><span>2\u00b0 &#8211; celebrar sacramentos ou sacramentais e receber os sacramentos;<\/span><span>3\u00b0 &#8211; exercer quaisquer of\u00edcios, minist\u00e9rios ou encargos eclesi\u00e1sticos ou praticar atos de regime.<\/span><span>\u00a0<\/span><\/p>\n<p><span>A Tradi\u00e7\u00e3o da Igreja, confirmada pelo Conc\u00edlio Vaticano II, e o Magist\u00e9rio da Igreja consideram o aborto um \u201ccrime abomin\u00e1vel\u201d. Na \u201c<strong>Evangelium Vitae\u201d<\/strong>, o Papa Jo\u00e3o Paulo II afirma: \u201cDentre todos os crimes que o homem pode realizar contra a vida, o aborto provocado apresenta caracter\u00edsticas que o tornam particularmente grave e abjur\u00e1vel\u201d (EV, 58)<\/span><span>\u00a0<\/span><span><\/span><span>Prof. Felipe Aquino \u2013 07 abril 07<\/span><span>\u00a0&#8211; <a href=\"http:\/\/www.cleofas.com.br\/\">www.cleofas.com.br<\/a><\/span><\/p>\n<p><span><\/span><\/p>\n<p><span><\/span><span><\/span><span><\/span><span><\/span><span><\/span><\/p>\n<!-- AddThis Advanced Settings generic via filter on the_content --><!-- AddThis Share Buttons generic via filter on the_content -->","protected":false},"excerpt":{"rendered":"<p>O bispo-auxiliar da Arquidiocese do M\u00e9xico Marcelino Hern\u00e1ndez declarou ontem (05 abril 07) que os legisladores que votarem a favor da legaliza\u00e7\u00e3o do aborto na Cidade do M\u00e9xico ser\u00e3o automaticamente excomungados assim que ocorrer a primeira interrup\u00e7\u00e3o de gravidez respaldada&#8230;<!-- AddThis Advanced Settings generic via filter on get_the_excerpt --><!-- AddThis Share Buttons generic via filter on get_the_excerpt --><\/p>\n","protected":false},"author":29,"featured_media":0,"comment_status":"open","ping_status":"closed","sticky":false,"template":"","format":"standard","meta":{"_mi_skip_tracking":false,"_monsterinsights_sitenote_active":false,"_monsterinsights_sitenote_note":"","_monsterinsights_sitenote_category":0,"footnotes":""},"categories":[49],"tags":[],"_links":{"self":[{"href":"https:\/\/blog.cancaonova.com\/felipeaquino\/wp-json\/wp\/v2\/posts\/1221"}],"collection":[{"href":"https:\/\/blog.cancaonova.com\/felipeaquino\/wp-json\/wp\/v2\/posts"}],"about":[{"href":"https:\/\/blog.cancaonova.com\/felipeaquino\/wp-json\/wp\/v2\/types\/post"}],"author":[{"embeddable":true,"href":"https:\/\/blog.cancaonova.com\/felipeaquino\/wp-json\/wp\/v2\/users\/29"}],"replies":[{"embeddable":true,"href":"https:\/\/blog.cancaonova.com\/felipeaquino\/wp-json\/wp\/v2\/comments?post=1221"}],"version-history":[{"count":0,"href":"https:\/\/blog.cancaonova.com\/felipeaquino\/wp-json\/wp\/v2\/posts\/1221\/revisions"}],"wp:attachment":[{"href":"https:\/\/blog.cancaonova.com\/felipeaquino\/wp-json\/wp\/v2\/media?parent=1221"}],"wp:term":[{"taxonomy":"category","embeddable":true,"href":"https:\/\/blog.cancaonova.com\/felipeaquino\/wp-json\/wp\/v2\/categories?post=1221"},{"taxonomy":"post_tag","embeddable":true,"href":"https:\/\/blog.cancaonova.com\/felipeaquino\/wp-json\/wp\/v2\/tags?post=1221"}],"curies":[{"name":"wp","href":"https:\/\/api.w.org\/{rel}","templated":true}]}}