{"id":16408,"date":"2015-03-04T15:15:56","date_gmt":"2015-03-04T18:15:56","guid":{"rendered":"http:\/\/blog.cancaonova.com\/felipeaquino\/2015\/03\/04\/devocao-a-sagrada-face-de-cristo\/"},"modified":"2015-03-04T15:15:56","modified_gmt":"2015-03-04T18:15:56","slug":"devocao-a-sagrada-face-de-cristo","status":"publish","type":"post","link":"https:\/\/blog.cancaonova.com\/felipeaquino\/2015\/03\/04\/devocao-a-sagrada-face-de-cristo\/","title":{"rendered":"Devo\u00e7\u00e3o \u00e0 Sagrada Face de Cristo"},"content":{"rendered":"<p style=\"text-align: justify\"><a href=\"http:\/\/blog.cancaonova.com\/felipeaquino\/files\/2015\/03\/Santa-Face.jpg\"><img loading=\"lazy\" decoding=\"async\" class=\"alignleft wp-image-16409 size-medium\" src=\"http:\/\/blog.cancaonova.com\/felipeaquino\/files\/2015\/03\/Santa-Face-190x300.jpg\" alt=\"Santa Face\" width=\"190\" height=\"300\" srcset=\"https:\/\/blog.cancaonova.com\/felipeaquino\/files\/2015\/03\/Santa-Face-190x300.jpg 190w, https:\/\/blog.cancaonova.com\/felipeaquino\/files\/2015\/03\/Santa-Face.jpg 287w\" sizes=\"(max-width: 190px) 100vw, 190px\" \/><\/a>Esta santa devo\u00e7\u00e3o teve origem com a impress\u00e3o milagrosa do Rosto de Cristo no len\u00e7o de Ver\u00f4nica, uma tradi\u00e7\u00e3o muito respeitada na Igreja. O Papa Bento XVI fez quest\u00e3o de venerar o V\u00e9u de Ver\u00f4nica na cidade de Manoppello na It\u00e1lia, em setembro de 2006. Durante sua visita ao santu\u00e1rio, Bento XVI foi o primeiro Papa a poder novamente venerar a rel\u00edquia, meio mil\u00eanio ap\u00f3s seu desaparecimento da Bas\u00edlica de S\u00e3o Pedro.<!--more--><\/p>\n<p style=\"text-align: justify\">Esta devo\u00e7\u00e3o cresceu muito tamb\u00e9m por causa da import\u00e2ncia que a Divina Face teve na vida de Santa Teresinha do Menino Jesus e da Sagrada Face. Outro fato que fortaleceu a devo\u00e7\u00e3o foram os surpreendentes estudos da figura de JESUS no santo Sud\u00e1rio de Turim; al\u00e9m das revela\u00e7\u00f5es \u00e0 Irm\u00e3 M. Pierina de Micheli (\u20201945), a mensageira da Sagrada Face dos \u00faltimos tempos.<\/p>\n<p style=\"text-align: justify\">Em maio de 1938, a Virgem Sant\u00edssima mostrou (em vis\u00e3o m\u00edstica) \u00e0 Irm\u00e3 Pierina, um escapul\u00e1rio formado de dois paninhos. Num ela viu a Face de JESUS com as palavras ao redor: \u201cIlumina, Domine, vultum tuum super nos\u201d (\u201cSenhor, fazei resplandecer a Vossa Face sobre n\u00f3s\u201d). No outro estavam escritas em volta de uma h\u00f3stia as palavras: \u201cMane nobiscum, domine\u201d (Senhor ficai conosco). Lentamente Nossa Senhora se aproximou e disse:<\/p>\n<p style=\"text-align: justify\">\u201cEscuta bem e transmite ao teu confessor que este escapul\u00e1rio \u00e9 uma arma de defesa, escudo de fortaleza e penhor de miseric\u00f3rdia que JESUS quer dar ao mundo nestes tempos de sensualidade e de \u00f3dio contra DEUS e a Igreja. S\u00e3o poucos os verdadeiros ap\u00f3stolos. \u00c9 necess\u00e1rio um rem\u00e9dio divino e este rem\u00e9dio \u00e9 a FACE de meu Filho.<\/p>\n<p style=\"text-align: justify\">Todos aqueles que usarem o escapul\u00e1rio, e sendo lhes poss\u00edvel, cada ter\u00e7a feira visitar o Sant\u00edssimo Sacramento fazendo \u201cUma Hora Santa\u201d, para reparar os ultrajes que recebeu e continua recebendo meu Filho, cada dia, no Sacramento Eucar\u00edstico, ser\u00e3o fortificados na F\u00e9, estar\u00e3o prontos para defend\u00ea-la e h\u00e3o de suportar todas as dificuldades internas e externas. Al\u00e9m disso morrer\u00e3o serenamente sob o olhar de meu Filho\u201d.<\/p>\n<p style=\"text-align: justify\">Semanas mais tarde JESUS apareceu tamb\u00e9m e disse:<\/p>\n<p style=\"text-align: justify\">\u201cQuero que Minha FACE seja honrada com uma festa pr\u00f3pria na Ter\u00e7a-feira da Quinquag\u00e9sima (ter\u00e7a-feira de carnaval) e que esta\u00a0festa seja preparada por uma novena durante a qual todos os fi\u00e9is fa\u00e7am Comigo repara\u00e7\u00e3o\u201d.<\/p>\n<p style=\"text-align: justify\">Em vez de fazer escapul\u00e1rios a Irm\u00e3 Pierina mandou cunhar medalhas. Preocupada por isso recorreu \u00e0 Nossa Senhora que novamente lhe apareceu dizendo:<\/p>\n<p style=\"text-align: justify\">\u201cMinha filha, n\u00e3o se preocupe, pois, o escapul\u00e1rio \u00e9 substitu\u00eddo pela medalha com todas as promessas e favores. S\u00f3 resta difundi-la mais ainda. Ora, interessa-me muito a festa da Sagrada FACE de meu Filho. Diga ao Papa que esta festa muito me interessa\u201d.<\/p>\n<p style=\"text-align: justify\">Irm\u00e3 M. Pierina falou tr\u00eas vezes ao Papa e o Sumo Pont\u00edfice, ciente do pedido do C\u00e9u, n\u00e3o se fez esperar. No dia 15 de mar\u00e7o de 1957, havendo j\u00e1 aprovado a propaga\u00e7\u00e3o da medalha, facultou a celebra\u00e7\u00e3o da festa, isto \u00e9, aos Beneditinos Sivestrinos de Roma. Em 10 de janeiro de 1959 o Papa Jo\u00e3o XXIII concedeu a mesma licen\u00e7a, a todos os Bispos do Brasil.<\/p>\n<p style=\"text-align: justify\">Para merecer as gra\u00e7as prometidas \u00e9 necess\u00e1rio:<\/p>\n<p style=\"text-align: justify\">Usar a medalha, contemplar com amor, muitas vezes a Sagrada FACE, zelar pela devo\u00e7\u00e3o, fazendo a Hora Santa, nas Ter\u00e7as-feiras, promover anualmente a novena em prepara\u00e7\u00e3o \u00e0 festa na ter\u00e7a-feira de carnaval, e seguindo o exemplo dos grandes devotos da Sagrada FACE, ler e meditar diariamente o Novo Testamento. Todos os dias rezar:<\/p>\n<p style=\"text-align: justify\">5 Pai Nossos; 5 Ave Marias; 5 Gl\u00f3rias; em honra das cinco chagas de Nosso Senhor JESUS CRISTO, rezando tamb\u00e9m a ora\u00e7\u00e3o composta por Pio IX, e a aspira\u00e7\u00e3o que a segue:<\/p>\n<p style=\"text-align: justify\">\u201c\u00d3 meu JESUS, lan\u00e7ai sobre n\u00f3s um olhar de miseric\u00f3rdia! Volvei Vossa Face para cada um de n\u00f3s, como fizestes \u00e0 Ver\u00f4nica, n\u00e3o para que A vejamos com os olhos corporais, pois n\u00e3o o merecemos. Mas volvei-A para os nossos cora\u00e7\u00f5es, a fim de que, amparados sempre em V\u00f3s, possamos haurir nesta fonte inesgot\u00e1vel, as for\u00e7as necess\u00e1rias para nos entregarmos ao combate que temos que sustentar. Am\u00e9m.<\/p>\n<p style=\"text-align: justify\">Senhor, mostrai-nos a Vossa Face e seremos salvos!\u201d<\/p>\n<p style=\"text-align: justify\">Nota: No livro ORA\u00c7\u00d5ES DE TODOS OS TEMPOS DA IGREJA (Ed. Cl\u00e9ofas) h\u00e1 outras ora\u00e7\u00f5es desta devo\u00e7\u00e3o: A Ladainha da Sagrada Face; a Ora\u00e7\u00e3o de Consagra\u00e7\u00e3o \u00e0 Sagrada Face; Novena \u00e0 Sagrada Face; e outras ora\u00e7\u00f5es.<\/p>\n<p style=\"text-align: justify\">Prof. Felipe Aquino<\/p>\n<!-- AddThis Advanced Settings generic via filter on the_content --><!-- AddThis Share Buttons generic via filter on the_content -->","protected":false},"excerpt":{"rendered":"<p>Esta santa devo\u00e7\u00e3o teve origem com a impress\u00e3o milagrosa do Rosto de Cristo no len\u00e7o de Ver\u00f4nica, uma tradi\u00e7\u00e3o muito respeitada na Igreja. O Papa Bento XVI fez quest\u00e3o de venerar o V\u00e9u de Ver\u00f4nica na cidade de Manoppello na&#8230;<!-- AddThis Advanced Settings generic via filter on get_the_excerpt --><!-- AddThis Share Buttons generic via filter on get_the_excerpt --><\/p>\n","protected":false},"author":29,"featured_media":0,"comment_status":"open","ping_status":"open","sticky":false,"template":"","format":"standard","meta":{"_mi_skip_tracking":false,"_monsterinsights_sitenote_active":false,"_monsterinsights_sitenote_note":"","_monsterinsights_sitenote_category":0,"footnotes":""},"categories":[621],"tags":[8631,173501,25752,131227,173502],"_links":{"self":[{"href":"https:\/\/blog.cancaonova.com\/felipeaquino\/wp-json\/wp\/v2\/posts\/16408"}],"collection":[{"href":"https:\/\/blog.cancaonova.com\/felipeaquino\/wp-json\/wp\/v2\/posts"}],"about":[{"href":"https:\/\/blog.cancaonova.com\/felipeaquino\/wp-json\/wp\/v2\/types\/post"}],"author":[{"embeddable":true,"href":"https:\/\/blog.cancaonova.com\/felipeaquino\/wp-json\/wp\/v2\/users\/29"}],"replies":[{"embeddable":true,"href":"https:\/\/blog.cancaonova.com\/felipeaquino\/wp-json\/wp\/v2\/comments?post=16408"}],"version-history":[{"count":1,"href":"https:\/\/blog.cancaonova.com\/felipeaquino\/wp-json\/wp\/v2\/posts\/16408\/revisions"}],"predecessor-version":[{"id":16410,"href":"https:\/\/blog.cancaonova.com\/felipeaquino\/wp-json\/wp\/v2\/posts\/16408\/revisions\/16410"}],"wp:attachment":[{"href":"https:\/\/blog.cancaonova.com\/felipeaquino\/wp-json\/wp\/v2\/media?parent=16408"}],"wp:term":[{"taxonomy":"category","embeddable":true,"href":"https:\/\/blog.cancaonova.com\/felipeaquino\/wp-json\/wp\/v2\/categories?post=16408"},{"taxonomy":"post_tag","embeddable":true,"href":"https:\/\/blog.cancaonova.com\/felipeaquino\/wp-json\/wp\/v2\/tags?post=16408"}],"curies":[{"name":"wp","href":"https:\/\/api.w.org\/{rel}","templated":true}]}}