{"id":16560,"date":"2015-05-14T14:38:48","date_gmt":"2015-05-14T17:38:48","guid":{"rendered":"http:\/\/blog.cancaonova.com\/felipeaquino\/?p=16560"},"modified":"2015-05-14T14:38:48","modified_gmt":"2015-05-14T17:38:48","slug":"quando-sera-a-vitoria-final-da-igreja","status":"publish","type":"post","link":"https:\/\/blog.cancaonova.com\/felipeaquino\/2015\/05\/14\/quando-sera-a-vitoria-final-da-igreja\/","title":{"rendered":"Quando ser\u00e1 a vit\u00f3ria final da Igreja?"},"content":{"rendered":"<p style=\"text-align: justify\"><a href=\"http:\/\/blog.cancaonova.com\/felipeaquino\/files\/2015\/05\/rome-236885_640.jpg\"><img loading=\"lazy\" decoding=\"async\" class=\" size-medium wp-image-16561 alignleft\" src=\"http:\/\/blog.cancaonova.com\/felipeaquino\/files\/2015\/05\/rome-236885_640-300x199.jpg\" alt=\"rome-236885_640\" width=\"300\" height=\"199\" srcset=\"https:\/\/blog.cancaonova.com\/felipeaquino\/files\/2015\/05\/rome-236885_640-300x199.jpg 300w, https:\/\/blog.cancaonova.com\/felipeaquino\/files\/2015\/05\/rome-236885_640.jpg 640w\" sizes=\"(max-width: 300px) 100vw, 300px\" \/><\/a>A realiza\u00e7\u00e3o da Igreja se dar\u00e1 plenamente somente na eternidade. O Conc\u00edlio Vaticano II afirmou que: \u201c\u00c9 no fim dos tempos que ser\u00e1 gloriosamente consumada [a Igreja], quando, segundo se l\u00ea nos Santos Padres, todos os justos, desde Ad\u00e3o, do justo Abel at\u00e9 o \u00faltimo eleito, ser\u00e3o congregados junto ao Pai na Igreja universal\u201d (LG,2).<\/p>\n<p style=\"text-align: justify\"><!--more--><\/p>\n<p style=\"text-align: justify\">\u201cA Igreja \u00e0 qual somos todos chamados em Jesus Cristo&#8230; s\u00f3 ser\u00e1 consumada na gl\u00f3ria celeste, quando chegar o tempo da restaura\u00e7\u00e3o de todas as coisas; e, como o g\u00eanero humano, tamb\u00e9m o mundo inteiro, que est\u00e1 intimamente unido ao homem e por ele atinge o seu fim, ser\u00e1 totalmente renovado em Cristo\u201d (LG,48).<\/p>\n<p style=\"text-align: justify\"><strong>Muitas passagens das Escrituras mostram isso:<\/strong><\/p>\n<p style=\"text-align: justify\">\u201cEnviar\u00e1 ele o Cristo que vos foi destinado, Jesus, aquele que o c\u00e9u deve conservar at\u00e9 os tempos da restaura\u00e7\u00e3o universal, da qual falou Deus pela boca dos seus santos profetas\u201d (At 3,21).<\/p>\n<p style=\"text-align: justify\">Quando de sua vinda gloriosa, Cristo inaugurar\u00e1 o seu Reino definitivo e toda a cria\u00e7\u00e3o ser\u00e1 renovada.<\/p>\n<p style=\"text-align: justify\">\u201cDepois, vir\u00e1 o fim, quando entregar o Reino a Deus, ao Pai, depois de haver destru\u00eddo todo principado, toda potestade e toda domina\u00e7\u00e3o. Porque \u00e9 necess\u00e1rio que ele reine, at\u00e9 que ponha todos os inimigos debaixo\u00a0 de seus p\u00e9s&#8230; E, quando tudo lhe estiver sujeito, ent\u00e3o tamb\u00e9m o pr\u00f3prio Filho render\u00e1 homenagem \u00e0quele que lhe sujeitou todas as coisas, a fim de que Deus seja tudo em todos\u201d( 1Cor 15,24-28).<\/p>\n<p style=\"text-align: justify\">S\u00e3o Paulo nos ensina que este \u00e9 o \u201cmisterioso\u201d des\u00edgnio da vontade do Pai na plenitude dos tempos: \u201cReunir em Cristo todas as coisas que est\u00e3o na terra e no c\u00e9u\u201d (Ef 1,10).<\/p>\n<p style=\"text-align: justify\">S\u00e3o Pedro fala, n\u00e3o do fim do mundo, mas da \u201crenova\u00e7\u00e3o\u201d do mundo e da gloria da Igreja: \u201cN\u00f3s, por\u00e9m, segundo sua promessa, esperamos novos c\u00e9us e uma nova terra, nos quais habitar\u00e1 a justi\u00e7a\u201d (2Pe 3,10-13).O profeta Isaias j\u00e1 tinha dito: \u201cEis que fa\u00e7o novos c\u00e9us e nova terra; e ningu\u00e9m mais se recordar\u00e1 das coisas passadas; elas j\u00e1 n\u00e3o voltar\u00e3o \u00e0 mente\u201d. (Is 65,16). \u201cVi um c\u00e9u novo e uma terra nova, pois o primeiro c\u00e9u e a primeira terra haviam desaparecido\u201d (Ap 21,1).<\/p>\n<p style=\"text-align: justify\"><strong>\u00c9 interessante notar o que Jesus disse aos ap\u00f3stolos:<\/strong><\/p>\n<p style=\"text-align: justify\">\u201cNo dia da \u2018renova\u00e7\u00e3o\u2019 do mundo, quando o Filho do homem estiver sentado no trono da gl\u00f3ria&#8230;\u201d (Mt 19,28)<\/p>\n<p style=\"text-align: justify\">Com rela\u00e7\u00e3o \u00e0 data em que acontecer\u00e1 a renova\u00e7\u00e3o do mundo e a inaugura\u00e7\u00e3o definitiva do Reino de Deus, ningu\u00e9m sabe e n\u00e3o deve especular a respeito. Muitos se enganaram sobre isto e levaram muitos outros ao engano e ao desespero. At\u00e9 grandes santos da Igreja erraram neste ponto. Podemos citar por exemplo, S. Hip\u00f3lito de Roma (\u2020235) &#8211; chegou a afirmar que o final do mundo seria no ano 500&#8230; Santo Irineu (\u2020202)\u00a0 &#8211; confirmava a tese de Barnab\u00e9, de que o final seria no ano 6000 ap\u00f3s a cria\u00e7\u00e3o do mundo&#8230; S. Gaud\u00eancio de Br\u00e9scia (\u2020405) &#8211; indicava o ano 7000 ap\u00f3s a cria\u00e7\u00e3o.<\/p>\n<p style=\"text-align: justify\">No s\u00e9culo V, com a queda de Roma (476), S. Jeronimo (\u2020420), S. Jo\u00e3o Cris\u00f3stomo (\u2020407), S.Le\u00e3o Magno (\u2020461), defendiam que face \u00e0 queda de Roma, o fim do mundo estava pr\u00f3ximo&#8230; No s\u00e9culo VI e VII, S. Greg\u00f3rio Magno (\u2020604) afirmava como pr\u00f3xima a vinda de Cristo&#8230;<\/p>\n<p style=\"text-align: justify\">Muitas vezes as profecias sobre a vinda de Cristo iminente s\u00e3o sugeridas pela necessidade que temos de encontrar uma \u201csa\u00edda\u201d para os tempos dif\u00edceis em que se vive. Por isso a Igreja \u00e9 muito cautelosa nesse ponto, e sempre nos lembra:<\/p>\n<p style=\"text-align: justify\">\u201cN\u00e3o toca a v\u00f3s ter conhecimento dos tempos e momentos que o Pai fixou por sua pr\u00f3pria autoridade\u201d (At 1,7).<\/p>\n<p style=\"text-align: justify\">\u201cQuanto \u00e0quele dia e \u00e0quela hora, ningu\u00e9m os conhece, nem mesmo os anjos do c\u00e9u, nem mesmo o Filho, mas, sim, o Pai s\u00f3\u201d (Mc 13,32).<\/p>\n<p style=\"text-align: justify\">O Magist\u00e9rio da Igreja quer que se respeite essa vontade de Deus de deixar oculta aos homens essa data. No Conc\u00edlio Universal de Latr\u00e3o V, em 1516, foi decretado:<\/p>\n<p style=\"text-align: justify\">\u201cMandamos a todos os que est\u00e3o, ou futuramente estar\u00e3o incumbidos da prega\u00e7\u00e3o, que de modo nenhum presumam afirmar ou apregoar determinada \u00e9poca para os males vindouros para a vinda do Anticristo ou para o dia do ju\u00edzo. Com efeito, a Verdade diz:\u00a0\u00a0 \u201cN\u00e3o toca a v\u00f3s ter conhecimento dos tempos e momentos que o Pai fixou por Sua pr\u00f3pria autoridade. Consta que os que at\u00e9 hoje ousaram afirmar tais coisas mentiram, e, por causa deles, n\u00e3o pouco sofreu a autoridade daqueles que pregam com retid\u00e3o. Ningu\u00e9m ouse predizer o futuro apelando para a Sagrada Escritura, nem afirmar o que quer que seja, como se o tivesse recebido do Esp\u00edrito Santo ou de revela\u00e7\u00e3o particular, nem ouse apoiar-se sobre conjecturas v\u00e3s ou despropositadas. Cada\u00a0 qual\u00a0 deve,\u00a0 segundo\u00a0 o preceito divino, pregar o Evangelho a toda a criatura, aprender a detestar o v\u00edcio, recomendar e ensinar a pr\u00e1tica das virtudes,\u00a0 a\u00a0 paz e a caridade m\u00fatuas, t\u00e3o recomendadas por nosso Redentor\u201d.<\/p>\n<p style=\"text-align: justify\">Em 1318, o Papa Jo\u00e3o XXII, condenando os erros dos chamados Fraticelli disse: \u201cH\u00e1 muitas outras coisas que esses homens presun\u00e7osos descrevem como que em sonho a respeito do curso\u00a0 dos tempos e do fim do mundo, muitas\u00a0 coisas a\u00a0 respeito da vinda do Anticristo, que lhes parece estar \u00e0s portas, e que eles\u00a0 anunciam com vaidade lament\u00e1vel. Declaramos que tais coisas\u00a0 s\u00e3o, em\u00a0 parte,\u00a0 fren\u00e9ticas,\u00a0 em parte doentias, em parte fabulosas. Por isso n\u00f3s os condenamos com os seus autores em vez de as divulgar ou refutar\u201d (Curso de Escatologia &#8211; D. Estev\u00e3o Bettencourt, p\u00e1gs. 123 \/ 124).<\/p>\n<p><strong>Prof. Felipe Aquino<\/strong><\/p>\n<!-- AddThis Advanced Settings generic via filter on the_content --><!-- AddThis Share Buttons generic via filter on the_content -->","protected":false},"excerpt":{"rendered":"<p>A realiza\u00e7\u00e3o da Igreja se dar\u00e1 plenamente somente na eternidade. O Conc\u00edlio Vaticano II afirmou que: \u201c\u00c9 no fim dos tempos que ser\u00e1 gloriosamente consumada [a Igreja], quando, segundo se l\u00ea nos Santos Padres, todos os justos, desde Ad\u00e3o, do&#8230;<!-- AddThis Advanced Settings generic via filter on get_the_excerpt --><!-- AddThis Share Buttons generic via filter on get_the_excerpt --><\/p>\n","protected":false},"author":29,"featured_media":0,"comment_status":"open","ping_status":"open","sticky":false,"template":"","format":"standard","meta":{"_mi_skip_tracking":false,"_monsterinsights_sitenote_active":false,"_monsterinsights_sitenote_note":"","_monsterinsights_sitenote_category":0,"footnotes":""},"categories":[36],"tags":[179369,18524,179354,17909,173561],"_links":{"self":[{"href":"https:\/\/blog.cancaonova.com\/felipeaquino\/wp-json\/wp\/v2\/posts\/16560"}],"collection":[{"href":"https:\/\/blog.cancaonova.com\/felipeaquino\/wp-json\/wp\/v2\/posts"}],"about":[{"href":"https:\/\/blog.cancaonova.com\/felipeaquino\/wp-json\/wp\/v2\/types\/post"}],"author":[{"embeddable":true,"href":"https:\/\/blog.cancaonova.com\/felipeaquino\/wp-json\/wp\/v2\/users\/29"}],"replies":[{"embeddable":true,"href":"https:\/\/blog.cancaonova.com\/felipeaquino\/wp-json\/wp\/v2\/comments?post=16560"}],"version-history":[{"count":1,"href":"https:\/\/blog.cancaonova.com\/felipeaquino\/wp-json\/wp\/v2\/posts\/16560\/revisions"}],"predecessor-version":[{"id":16562,"href":"https:\/\/blog.cancaonova.com\/felipeaquino\/wp-json\/wp\/v2\/posts\/16560\/revisions\/16562"}],"wp:attachment":[{"href":"https:\/\/blog.cancaonova.com\/felipeaquino\/wp-json\/wp\/v2\/media?parent=16560"}],"wp:term":[{"taxonomy":"category","embeddable":true,"href":"https:\/\/blog.cancaonova.com\/felipeaquino\/wp-json\/wp\/v2\/categories?post=16560"},{"taxonomy":"post_tag","embeddable":true,"href":"https:\/\/blog.cancaonova.com\/felipeaquino\/wp-json\/wp\/v2\/tags?post=16560"}],"curies":[{"name":"wp","href":"https:\/\/api.w.org\/{rel}","templated":true}]}}