{"id":16627,"date":"2017-01-30T10:21:29","date_gmt":"2017-01-30T12:21:29","guid":{"rendered":"http:\/\/blog.cancaonova.com\/felipeaquino\/?p=16627"},"modified":"2017-01-30T10:31:19","modified_gmt":"2017-01-30T12:31:19","slug":"16627","status":"publish","type":"post","link":"https:\/\/blog.cancaonova.com\/felipeaquino\/2017\/01\/30\/16627\/","title":{"rendered":"\u00c9 no sofrimento que se descobre o sentido do casamento"},"content":{"rendered":"<p style=\"text-align: justify\"><a href=\"http:\/\/blog.cancaonova.com\/felipeaquino\/files\/2015\/06\/boy-and-girl-couple-holding-hands-love-favim-com-595607.jpg\"><img loading=\"lazy\" decoding=\"async\" class=\" size-medium wp-image-16628 alignleft\" src=\"http:\/\/blog.cancaonova.com\/felipeaquino\/files\/2015\/06\/boy-and-girl-couple-holding-hands-love-favim-com-595607-300x200.jpg\" alt=\"boy-and-girl-couple-holding-hands-love-favim-com-595607\" width=\"300\" height=\"200\" srcset=\"https:\/\/blog.cancaonova.com\/felipeaquino\/files\/2015\/06\/boy-and-girl-couple-holding-hands-love-favim-com-595607-300x200.jpg 300w, https:\/\/blog.cancaonova.com\/felipeaquino\/files\/2015\/06\/boy-and-girl-couple-holding-hands-love-favim-com-595607.jpg 500w\" sizes=\"(max-width: 300px) 100vw, 300px\" \/><\/a>Minha esposa teve c\u00e2ncer durante seis anos at\u00e9 falecer. Dos quarenta anos de casados, este foi o per\u00edodo mais doloroso de nossa vida, mas tamb\u00e9m o mais rico espiritualmente, onde vivemos de \u201cpuro amor\u201d, nada mais.<\/p>\n<p style=\"text-align: justify\">No dia 25 de setembro de 2005, dia de meu anivers\u00e1rio, eu voltava de Cachoeira para Lorena; meu celular tocou e eu vi que era ela, a Zila me chamando. Atendi. Com muita calma ela me contou que tinha feito uma mamografia e que foi acusado um tumor cancer\u00edgeno em uma de suas mamas. Meu sangue gelou! A gente acha que isso nunca vai acontecer com a gente ou perto de n\u00f3s. Mas s\u00e3o os des\u00edgnios de Deus.<\/p>\n<p style=\"text-align: justify\"><!--more--><\/p>\n<p style=\"text-align: justify\">A partir dai come\u00e7ou uma luta que durou seis anos at\u00e9 o seu desfecho. Foi uma longa hist\u00f3ria de f\u00e9, amor, luta, sacrif\u00edcios, ora\u00e7\u00f5es&#8230; Ela passou por uma longa cirurgia em S\u00e3o Paulo, onde foram retirados mais de dez n\u00f3dulos cancer\u00edgenos comprometidos pelo c\u00e2ncer. A nossa filha m\u00e9dica, que acompanhou tudo, sabia da gravidade. Quando ela me contou, eu percebi que o caso era grave, mas a gente parece que faz for\u00e7a para n\u00e3o acreditar.<\/p>\n<p style=\"text-align: justify\">\u00c9 nessas horas que Deus p\u00f5e em cheque a nossa f\u00e9; muitas vezes eu j\u00e1 tinha repetido em muitas palestras que: \u201cTudo concorre para o bem dos que amam a Deus, daqueles que s\u00e3o seus eleitos, segundo os seus des\u00edgnios\u201d (Rom 8,28). E mais: \u201cVivei sempre contentes, orai sem cessar. Em todas as circunst\u00e2ncias, dai gra\u00e7as, porque esta \u00e9 a vosso respeito a vontade de Deus a vosso respeito em Cristo Jesus\u201d (1 Tes 5,16-18).<\/p>\n<p style=\"text-align: justify\"><a href=\"http:\/\/loja.cleofas.com.br\/foram-40-anos\" target=\"_blank\"><img loading=\"lazy\" decoding=\"async\" class=\"wp-image-67320 alignright\" src=\"http:\/\/cleofas.com.br\/wp-content\/uploads\/2015\/12\/foram_40_anos.png\" alt=\"foram_40_anos\" width=\"199\" height=\"199\" \/><\/a>Chega um momento que a gente n\u00e3o tem mais que ensinar isso para os outros, mas para n\u00f3s mesmos, e tem que viver, tem de mostrar a Deus a coer\u00eancia de nossa f\u00e9. Na ora\u00e7\u00e3o da missa do 7\u00ba domingo depois de Pentecostes a gente l\u00ea: \u201c\u00d3 Deus, a Provid\u00eancia divina nunca falha!\u201d Mas ser\u00e1 que a gente cr\u00ea nisso? Santa Teresa dizia: \u201cDeus tudo sabe, tudo pode, e me ama.\u201d Quantas vezes eu j\u00e1 tinha lido isso!<\/p>\n<p style=\"text-align: justify\">\u00c9 a hora da f\u00e9. S\u00e3o Paulo disse que \u201co Justo vive da f\u00e9\u201d (Rom 1, 17); \u201csem f\u00e9 \u00e9 imposs\u00edvel agradar a Deus\u201d (Hb 11,6). O profeta Isa\u00edas disse que \u201cOs meus caminhos n\u00e3o s\u00e3o os vossos caminhos e o vosso modo de agir n\u00e3o \u00e9 o meu, diz o Senhor.\u201d (Is 55,8).<\/p>\n<p style=\"text-align: justify\">A f\u00e9 faz a gente compreender que quando Deus permite que a dor nos atinja \u00e9 porque Ele precisa arrancar do jardim de nossa alma a erva daninha que a pode mata-la. E Ele n\u00e3o pode permitir isso, pois tem ci\u00fame de n\u00f3s, nos ama loucamente, n\u00e3o aceita nos perder. No fundo Ele faz a mesma coisa que eu fazia quando levava meus filhinhos chorando para tomar uma inje\u00e7\u00e3o no bumbum; ou quando eu o levava ao hospital para dar pontos doloridos no corte do queixo.<\/p>\n<p style=\"text-align: justify\">O sofrimento \u00e9 um mist\u00e9rio, um enigma, entrou na nossa hist\u00f3ria por causa do pecado. \u201cO sal\u00e1rio do pecado \u00e9 a morte\u201d (Rom 6,23). Mas Jesus, fez aquilo que parecia imposs\u00edvel, \u201ctransformou o sofrimento em mat\u00e9ria prima da salva\u00e7\u00e3o\u201d quando o abra\u00e7ou radicalmente na Cruz. N\u00e3o compreendemos bem as coisas, nem mesmo o que \u00e9 a felicidade. Mas, se Deus \u00e9 meu Pai, aconte\u00e7a o que acontecer, que terei a temer?<\/p>\n<p>Depois da longa cirurgia de quatro horas da Zila, vieram seis longos anos de quimioterapia e radioterapia. Um dia, logo nos primeiros dias do tratamento, ela me disse: \u201ceu n\u00e3o vou morrer, n\u00e3o, fique tranquilo, eu sei que voc\u00ea n\u00e3o sabe viver sem mim\u201d. Algumas vezes eu tive de esconder dela para derramar as l\u00e1grimas; nunca deixei que ela visse. Mas ela n\u00e3o abaixava a cabe\u00e7a n\u00e3o, seus cabelos ca\u00edram, mas ela n\u00e3o deixou a vida cair. Continuou o seu trabalho na Editora Cl\u00e9ofas como se nada tivesse acontecido. Passei a am\u00e1-la e cuidar dela como nunca tinha feito.<\/p>\n<p>Mas \u00e9 nessas horas que a gente agradece a Deus por ter uma boa fam\u00edlia; os filhos e eu, o genro e as noras, abra\u00e7amos esta sua luta como se fosse de cada um de n\u00f3s; essa \u00e9 a parte consoladora de tudo. Sou muito grato a Deus por tudo isso. Nos seis anos que ela lutou n\u00e3o teve tr\u00e9guas; a quimioterapia em S\u00e3o Paulo se repetia a cada quinze dias rotineiramente. O c\u00e2ncer que j\u00e1 tinha alcan\u00e7ado a met\u00e1stase, passava de um lugar para outro. Do seio migrou para os ossos, dos ossos para o f\u00edgado, do f\u00edgado para n\u00e3o sei mais onde&#8230; at\u00e9 tomar o c\u00e9rebro e os pulm\u00f5es; foi o fim.<\/p>\n<p><strong>Leia tamb\u00e9m:\u00a0<\/strong><a href=\"http:\/\/cleofas.com.br\/o-verdadeiro-sentido-do-casamento\/\" target=\"_blank\">O verdadeiro sentido do casamento<\/a><\/p>\n<p><a href=\"http:\/\/cleofas.com.br\/os-5-ingredientes-do-casamento-feliz\/\" target=\"_blank\">Os 5 ingredientes do casamento feliz<\/a><\/p>\n<p><a href=\"http:\/\/cleofas.com.br\/por-que-o-amor-e-para-sempre\/\" target=\"_blank\">Por que o amor \u00e9 para sempre?<\/a><\/p>\n<p><a href=\"http:\/\/cleofas.com.br\/o-que-e-o-amor\/\" target=\"_blank\">O que \u00e9 o amor?<\/a><\/p>\n<p style=\"text-align: justify\">Mas n\u00f3s fic\u00e1vamos impressionados com a sua resist\u00eancia; dificilmente a quimioterapia, longa e pesada, derrubava a sua imunidade. Poucas vezes precisou de antibi\u00f3ticos para vencer uma infec\u00e7\u00e3o ou algo parecido. Nada mudou em sua vida; n\u00e3o teve depress\u00e3o e nem medo da morte, embora soubesse da gravidade; tocava a vida normalmente como se fosse viver muitos anos.<\/p>\n<p style=\"text-align: justify\">\u00c9 claro que ela tinha seus momentos de irrita\u00e7\u00e3o, coitada, e com todo o direito. Mas nunca a vi culpar a Deus ou se queixar dele. Ao contr\u00e1rio, a vi dar gra\u00e7as a Deus por muitas coisas: os netos que ela tanto amava, os filhos, a n\u00f3s todos. N\u00e3o deixou de fazer uma festa sequer como gostava de fazer nos anivers\u00e1rios.<\/p>\n<p style=\"text-align: justify\">Ela amava a vida, por isso viveu at\u00e9 o seu \u00faltimo dia. Antes de partir para a eternidade, ela ficou internada por cerca de um m\u00eas em S\u00e3o Paulo. N\u00f3s nos revezamos com ela; sempre dois em sua companhia. Precisou colocar um \u201cstent\u201d na garganta porque o c\u00e2ncer fechou o es\u00f4fago e ela n\u00e3o conseguia mais comer; precisou fazer radioterapia no c\u00e9rebro porque a quimioterapia n\u00e3o chegava l\u00e1. N\u00e3o reclamava de nada.<\/p>\n<p style=\"text-align: justify\">Este m\u00eas foi para mim como que um m\u00eas de retiro espiritual. Como Deus \u00e9 bom! No hospital h\u00e1 uma bela capela com o Sant\u00edssimo Sacramento no Sacr\u00e1rio o dia todo; e Missa todos os dias. Eu dividia meu tempo entre o quarto dela e a capela. Pude rezar muito por ela, gra\u00e7as a Deus; \u00e9 o melhor que a gente pode fazer nestas horas. A f\u00e9 me sustentou e sustentou a todos n\u00f3s.<\/p>\n<p style=\"text-align: justify\">Na noite em que faleceu, 19 de setembro de 2012, uma semana antes de meu anivers\u00e1rio, eu fui \u00e0 Missa \u00e0s 18.00 horas com o Mateus. Voltamos para o quarto um pouco antes da 19 horas. E eu fiquei sozinho com ela, porque os filhos estavam na sala de espera com um parente que chegou ao hospital. Sozinho com ela eu rezei mais uma vez o Ter\u00e7o da Miseric\u00f3rdia, da Irm\u00e3 Santa Faustina. Em seguida, segurando em sua m\u00e3o eu fiz esta ora\u00e7\u00e3o:<\/p>\n<p style=\"text-align: justify\"><a href=\"http:\/\/loja.cleofas.com.br\/sereis-uma-so-carne\" target=\"_blank\"><img loading=\"lazy\" decoding=\"async\" class=\"wp-image-62620 alignright\" src=\"http:\/\/cleofas.com.br\/wp-content\/uploads\/2016\/05\/sereis_uma_so_carne.png\" alt=\"sereis_uma_so_carne\" width=\"199\" height=\"199\" \/><\/a>\u201cSenhor Jesus, o Senhor est\u00e1 comigo aqui agora pela Eucaristia em minha alma; se ela est\u00e1 pronta para ir para o Senhor, se estiver preparada, a leve, pois est\u00e1 sofrendo. Eu a entrego e agrade\u00e7o por esses quarenta anos que vivemos juntos&#8230;\u201d<\/p>\n<p style=\"text-align: justify\">T\u00e3o logo eu terminei esta ora\u00e7\u00e3o, sua respira\u00e7\u00e3o foi diminuindo e ela se foi para Deus. Eram 19.05 horas. Acho que ela n\u00e3o quis que os filhos a vissem partir&#8230;<\/p>\n<p style=\"text-align: justify\">Eu tinha pedido a Nossa Senhora que ela partisse em um dia de uma de suas festas. E que isso fosse para mim um sinal. Pois bem, depois que ela se foi, pude verificar que o dia 19 de setembro \u00e9 dia de Nossa Senhora de La Salette. Nunca dei tanto valor a nosso casamento!<\/p>\n<p style=\"text-align: justify\">Deus quis que a sua Missa de s\u00e9timo dia fosse exatamente no dia de meu anivers\u00e1rio! Tudo isso pode parecer tr\u00e1gico, mas para mim foi sinal do amor de Deus. Nesta data eu pude agradecer a Deus pelos meus 63 anos e tamb\u00e9m pelos 40 anos que Ele deu-me ela como um raro presente. A leitura da Missa neste dia era a do Eclesiastes que dizia: \u201cPara tudo h\u00e1 um tempo, para cada coisa h\u00e1 um momento debaixo dos c\u00e9us: tempo para nascer, e tempo para morrer; tempo para plantar, e tempo para arrancar o que foi plantado; tempo para matar, e tempo para sarar; tempo para demolir, e tempo para construir; tempo para chorar, e tempo para rir&#8230;\u201d (Ecl 3,1-8). Deus seja louvado!<\/p>\n<p style=\"text-align: justify\"><strong>Prof. Felipe Aquino<\/strong><\/p>\n<!-- AddThis Advanced Settings generic via filter on the_content --><!-- AddThis Share Buttons generic via filter on the_content -->","protected":false},"excerpt":{"rendered":"<p>Minha esposa teve c\u00e2ncer durante seis anos at\u00e9 falecer. Dos quarenta anos de casados, este foi o per\u00edodo mais doloroso de nossa vida, mas tamb\u00e9m o mais rico espiritualmente, onde vivemos de \u201cpuro amor\u201d, nada mais. No dia 25 de&#8230;<!-- AddThis Advanced Settings generic via filter on get_the_excerpt --><!-- AddThis Share Buttons generic via filter on get_the_excerpt --><\/p>\n","protected":false},"author":29,"featured_media":0,"comment_status":"open","ping_status":"open","sticky":false,"template":"","format":"standard","meta":{"_mi_skip_tracking":false,"_monsterinsights_sitenote_active":false,"_monsterinsights_sitenote_note":"","_monsterinsights_sitenote_category":0,"footnotes":""},"categories":[3001,3811],"tags":[38,50059,2551,261,126855],"_links":{"self":[{"href":"https:\/\/blog.cancaonova.com\/felipeaquino\/wp-json\/wp\/v2\/posts\/16627"}],"collection":[{"href":"https:\/\/blog.cancaonova.com\/felipeaquino\/wp-json\/wp\/v2\/posts"}],"about":[{"href":"https:\/\/blog.cancaonova.com\/felipeaquino\/wp-json\/wp\/v2\/types\/post"}],"author":[{"embeddable":true,"href":"https:\/\/blog.cancaonova.com\/felipeaquino\/wp-json\/wp\/v2\/users\/29"}],"replies":[{"embeddable":true,"href":"https:\/\/blog.cancaonova.com\/felipeaquino\/wp-json\/wp\/v2\/comments?post=16627"}],"version-history":[{"count":4,"href":"https:\/\/blog.cancaonova.com\/felipeaquino\/wp-json\/wp\/v2\/posts\/16627\/revisions"}],"predecessor-version":[{"id":17899,"href":"https:\/\/blog.cancaonova.com\/felipeaquino\/wp-json\/wp\/v2\/posts\/16627\/revisions\/17899"}],"wp:attachment":[{"href":"https:\/\/blog.cancaonova.com\/felipeaquino\/wp-json\/wp\/v2\/media?parent=16627"}],"wp:term":[{"taxonomy":"category","embeddable":true,"href":"https:\/\/blog.cancaonova.com\/felipeaquino\/wp-json\/wp\/v2\/categories?post=16627"},{"taxonomy":"post_tag","embeddable":true,"href":"https:\/\/blog.cancaonova.com\/felipeaquino\/wp-json\/wp\/v2\/tags?post=16627"}],"curies":[{"name":"wp","href":"https:\/\/api.w.org\/{rel}","templated":true}]}}