{"id":17015,"date":"2015-11-25T08:52:40","date_gmt":"2015-11-25T10:52:40","guid":{"rendered":"http:\/\/blog.cancaonova.com\/felipeaquino\/?p=17015"},"modified":"2015-11-25T08:52:40","modified_gmt":"2015-11-25T10:52:40","slug":"voce-conhece-a-historia-da-medalha-milagrosa","status":"publish","type":"post","link":"https:\/\/blog.cancaonova.com\/felipeaquino\/2015\/11\/25\/voce-conhece-a-historia-da-medalha-milagrosa\/","title":{"rendered":"Voc\u00ea conhece a hist\u00f3ria da Medalha Milagrosa?"},"content":{"rendered":"<p style=\"text-align: justify\"><em><strong><a href=\"http:\/\/blog.cancaonova.com\/felipeaquino\/files\/2015\/11\/medalha.jpg\"><img loading=\"lazy\" decoding=\"async\" class=\"size-medium wp-image-17016 alignleft\" src=\"http:\/\/blog.cancaonova.com\/felipeaquino\/files\/2015\/11\/medalha-300x290.jpg\" alt=\"medalha\" width=\"300\" height=\"290\" srcset=\"https:\/\/blog.cancaonova.com\/felipeaquino\/files\/2015\/11\/medalha-300x290.jpg 300w, https:\/\/blog.cancaonova.com\/felipeaquino\/files\/2015\/11\/medalha.jpg 800w\" sizes=\"(max-width: 300px) 100vw, 300px\" \/><\/a>\u00d3 Maria concebida sem pecado, rogai por n\u00f3s que recorremos a V\u00f3s!<\/strong><\/em><\/p>\n<p style=\"text-align: justify\">Pois bem, aconteceu em Paris, na Rua De Lubac, em 1830. Nossa Senhora apareceu a uma jovem freira- Santa Catarina de Labour\u00e9, que pertencia a Congrega\u00e7\u00e3o fundada por S\u00e3o Vicente de Paulo. Santa Catarina j\u00e1 tinha recebido anteriormente alguns sinais de Nossa Senhora.<\/p>\n<p style=\"text-align: justify\">Eis que a Virgem lhe apareceu na Capela, sobre o globo terrestre e com as m\u00e3os estendidas de onde sa\u00edam raios luminosos. Nossa Senhora mesma disse que eram as gra\u00e7as que ela queria distribuir \u00e0s pessoas.<!--more--><a href=\"http:\/\/loja.cleofas.com.br\/salve-santa-rainha.html\" target=\"_blank\"><img loading=\"lazy\" decoding=\"async\" class=\"  wp-image-46193 alignright\" src=\"http:\/\/cleofas.com.br\/wp-content\/uploads\/2014\/10\/salve_rainha_menor.png\" alt=\"salve_rainha_menor\" width=\"110\" height=\"164\" \/><\/a><\/p>\n<p style=\"text-align: justify\">Santa Catarina notou que alguns raios estavam apagados; Nossa Senhora lhe explicou que eram as gra\u00e7as que ela queria distribuir, mas que as pessoas n\u00e3o lhe pediam.<\/p>\n<p style=\"text-align: justify\">Nossa Senhora se fez circundar por uma ora\u00e7\u00e3o escrita em letras de ouro: &#8220;\u00d3 Maria concebida sem pecado, rogai por n\u00f3s que recorremos a V\u00f3s&#8221;, e mandou que Catarina fizesse cunhar esta imagem numa medalha, e prometeu que quem a usassem receberia dela muitas gra\u00e7as. Depois de algumas resist\u00eancias, foram cunhadas 20 mil medalhas. Foram tantas gra\u00e7as recebidas pelas pessoas que a Medalha foi chamada de Medalha Milagrosa.<br \/>\nUma peste terr\u00edvel atingiu a Fran\u00e7a, e muitas pessoas morreram rapidamente: Os que usaram a Medalha n\u00e3o morreram!<\/p>\n<p style=\"text-align: justify\"><strong>Leia tamb\u00e9m:\u00a0<\/strong><a href=\"http:\/\/cleofas.com.br\/devocao-a-medalha-milagrosa\/\" target=\"_blank\">Devo\u00e7\u00e3o a Medalha Milagrosa<\/a><\/p>\n<p style=\"text-align: justify\">\u00c9 interessante lembrar que Nossa Senhora, veio dizer que Ela \u00e9 Imaculada, concebida sem o pecado original. Este dogma foi proclamado solenemente pelo Papa Pio IX em 1854. E depois, em 1858, Nossa Senhora apareceu a Santa Bernadete de Soubirous, em Lourdes, e lhe disse:&#8221; &#8220;Je sui le Imaculee Concepcion&#8221; (Eu sou a Imaculada Concei\u00e7\u00e3o).<\/p>\n<p style=\"text-align: justify\">Um caso que ficou muito famoso foi o da convers\u00e3o do grande judeu Afonso Ratisbona. N\u00e3o era cat\u00f3lico, mas era amigo de um franc\u00eas que lhe deu uma Medalha Milagrosa. Ratisbona, mesmo sem aderir a f\u00e9, come\u00e7ou a usar a medalha milagrosa. No quarto dia, olhando para um quadro de Nossa Senhora, sentiu uma abrupta mudan\u00e7a no modo de pensar. Tornou-se crist\u00e3o, pediu o batismo, e alguns meses depois entrou no semin\u00e1rio para se tornar sacerdote. Foi um grande sacerdote.<img loading=\"lazy\" decoding=\"async\" class=\"  wp-image-45911 alignright\" src=\"http:\/\/cleofas.com.br\/wp-content\/uploads\/2014\/07\/cpa_ora_es_de_todos_os_tempos_da_igreja.jpg\" alt=\"cpa_ora_es_de_todos_os_tempos_da_igreja\" width=\"110\" height=\"164\" \/><\/p>\n<p style=\"text-align: justify\">Nossa Senhora continua com os bra\u00e7os abertos e com as m\u00e3os estendidas. Vamos a Ela buscar as gra\u00e7as que tanto necessitamos!<\/p>\n<p style=\"text-align: justify\"><strong>Prof. Felipe Aquino<\/strong><\/p>\n<!-- AddThis Advanced Settings generic via filter on the_content --><!-- AddThis Share Buttons generic via filter on the_content -->","protected":false},"excerpt":{"rendered":"<p>\u00d3 Maria concebida sem pecado, rogai por n\u00f3s que recorremos a V\u00f3s! Pois bem, aconteceu em Paris, na Rua De Lubac, em 1830. Nossa Senhora apareceu a uma jovem freira- Santa Catarina de Labour\u00e9, que pertencia a Congrega\u00e7\u00e3o fundada por&#8230;<!-- AddThis Advanced Settings generic via filter on get_the_excerpt --><!-- AddThis Share Buttons generic via filter on get_the_excerpt --><\/p>\n","protected":false},"author":29,"featured_media":0,"comment_status":"open","ping_status":"open","sticky":false,"template":"","format":"standard","meta":{"_mi_skip_tracking":false,"_monsterinsights_sitenote_active":false,"_monsterinsights_sitenote_note":"","_monsterinsights_sitenote_category":0,"footnotes":""},"categories":[451],"tags":[3,231,25825,26220],"_links":{"self":[{"href":"https:\/\/blog.cancaonova.com\/felipeaquino\/wp-json\/wp\/v2\/posts\/17015"}],"collection":[{"href":"https:\/\/blog.cancaonova.com\/felipeaquino\/wp-json\/wp\/v2\/posts"}],"about":[{"href":"https:\/\/blog.cancaonova.com\/felipeaquino\/wp-json\/wp\/v2\/types\/post"}],"author":[{"embeddable":true,"href":"https:\/\/blog.cancaonova.com\/felipeaquino\/wp-json\/wp\/v2\/users\/29"}],"replies":[{"embeddable":true,"href":"https:\/\/blog.cancaonova.com\/felipeaquino\/wp-json\/wp\/v2\/comments?post=17015"}],"version-history":[{"count":1,"href":"https:\/\/blog.cancaonova.com\/felipeaquino\/wp-json\/wp\/v2\/posts\/17015\/revisions"}],"predecessor-version":[{"id":17017,"href":"https:\/\/blog.cancaonova.com\/felipeaquino\/wp-json\/wp\/v2\/posts\/17015\/revisions\/17017"}],"wp:attachment":[{"href":"https:\/\/blog.cancaonova.com\/felipeaquino\/wp-json\/wp\/v2\/media?parent=17015"}],"wp:term":[{"taxonomy":"category","embeddable":true,"href":"https:\/\/blog.cancaonova.com\/felipeaquino\/wp-json\/wp\/v2\/categories?post=17015"},{"taxonomy":"post_tag","embeddable":true,"href":"https:\/\/blog.cancaonova.com\/felipeaquino\/wp-json\/wp\/v2\/tags?post=17015"}],"curies":[{"name":"wp","href":"https:\/\/api.w.org\/{rel}","templated":true}]}}