{"id":17169,"date":"2016-01-26T11:55:56","date_gmt":"2016-01-26T13:55:56","guid":{"rendered":"http:\/\/blog.cancaonova.com\/felipeaquino\/?p=17169"},"modified":"2016-01-27T14:03:13","modified_gmt":"2016-01-27T16:03:13","slug":"as-devocoes-da-igreja-para-cada-mes-do-ano","status":"publish","type":"post","link":"https:\/\/blog.cancaonova.com\/felipeaquino\/2016\/01\/26\/as-devocoes-da-igreja-para-cada-mes-do-ano\/","title":{"rendered":"As devo\u00e7\u00f5es da Igreja para cada m\u00eas do Ano"},"content":{"rendered":"<p><a href=\"http:\/\/cleofas.com.br\/wp-content\/uploads\/2016\/01\/orando-1.jpg\" rel=\"attachment wp-att-54460\"><img loading=\"lazy\" decoding=\"async\" class=\"alignleft wp-image-54460\" src=\"http:\/\/cleofas.com.br\/wp-content\/uploads\/2016\/01\/orando-1.jpg\" alt=\"orando\" width=\"472\" height=\"315\" \/><\/a>A Igreja procura santificar o ano todo celebrando a cada dia os Santos do dia, ou as festa e solenidades especiais. Mas tamb\u00e9m a cada m\u00eas do ano a Igreja dedica uma devo\u00e7\u00e3o particular. A escolha dessa devo\u00e7\u00e3o mensal \u00e9 feita com base em algum acontecimento hist\u00f3rico ou alguma celebra\u00e7\u00e3o lit\u00fargica especial.<!--more--><\/p>\n<p>Essas devo\u00e7\u00f5es surgiram espontaneamente ao longo da vida da Igreja, e nem sempre \u00e9 poss\u00edvel se determinar exatamente a data e o local de sua origem. E isto pode mudar de um pa\u00eds para o outro, dentro da unidade da Igreja respeitando a saud\u00e1vel diversidade; especialmente as diferen\u00e7as culturais do Ocidente e do Oriente cat\u00f3licos. No livro \u201cOra\u00e7\u00f5es de todos os tempos da Igreja\u201d (Ed. Cl\u00e9ofas, 1998) voc\u00ea encontra ora\u00e7\u00f5es para todas essas devo\u00e7\u00f5es.<\/p>\n<p><strong>Conhe\u00e7a algumas delas:<\/strong><\/p>\n<p>Em <strong>JANEIRO<\/strong> a devo\u00e7\u00e3o \u00e9 dedicada o <strong><a href=\"http:\/\/cleofas.com.br\/quando-a-igreja-celebra-a-festa-do-nome-de-jesus\/\" target=\"_blank\">Sant\u00edssimo Nome de Jesus<\/a><\/strong>, porque oito dias ap\u00f3s o Natal, S\u00e3o Jos\u00e9 o circuncidou dando-lhe o sagrado nome. A Igreja celebra oito dias ap\u00f3s o Natal, em 2 janeiro, de acordo com o &#8220;Diret\u00f3rio da Liturgia&#8221; da CNBB, a festa do Sant\u00edssimo Nome de Jesus. O anjo disse a Maria: \u201cN\u00e3o temas, Maria, pois encontraste gra\u00e7a diante de Deus. Eis que conceber\u00e1s e dar\u00e1s \u00e0 luz um filho, e lhe por\u00e1s o nome de Jesus&#8221; (Lc 1, 30-31). Por causa das festas em Janeiro que pertencem a inf\u00e2ncia de Cristo, Janeiro tamb\u00e9m se tornou o m\u00eas dedicado a Santa Inf\u00e2ncia de Jesus.<\/p>\n<p><strong>FEVEREIRO<\/strong> \u00e9 o m\u00eas da <strong><a href=\"http:\/\/cleofas.com.br\/imitemos-a-familia-de-nazare\/\" target=\"_blank\">Sagrada Fam\u00edlia<\/a><\/strong> porque ap\u00f3s as celebra\u00e7\u00f5es do Natal, a Igreja a venera. Foi na Sagrada Fam\u00edlia que Jesus viveu toda a a sua vida antes de come\u00e7ar a sua vida p\u00fablica para a salva\u00e7\u00e3o a humanidade. Ali ele aprendeu as coisas santas, trabalhou com m\u00e3os humanas, obedeceu a Seus pais e se preparou para a grande miss\u00e3o. Olhando para a Sagrada Fam\u00edlia a Igreja deseja que os casais e filhos aprendam a viver segundo a vontade de Deus. \u201cO mundo seria bem melhor se o Natal n\u00e3o fosse um dia, se as m\u00e3es fossem Maria e os pais fossem Jos\u00e9\u201d. Embora o come\u00e7o da Quaresma mude de acordo com o calend\u00e1rio civil, uma boa parte de Fevereiro nos d\u00e1 um espa\u00e7o de tempo entre as celebra\u00e7\u00f5es do Natal e do foco maior na vida p\u00fablica e no minist\u00e9rio de Jesus, que ocorre na Quaresma.<\/p>\n<p><strong><a href=\"http:\/\/loja.cleofas.com.br\/para-entender-e-celebrar-a-liturgia.html\" target=\"_blank\" rel=\"attachment wp-att-54461\"><img loading=\"lazy\" decoding=\"async\" class=\" wp-image-54461 alignright\" src=\"http:\/\/cleofas.com.br\/wp-content\/uploads\/2016\/01\/cpa_para_entender_e_celebrar_a_liturgia_1.jpg\" alt=\"cpa_para_entender_e_celebrar_a_liturgia_1\" width=\"111\" height=\"164\" \/><\/a>MAR\u00c7O<\/strong> \u00e9 o m\u00eas da devo\u00e7\u00e3o a <strong><a href=\"http:\/\/cleofas.com.br\/o-culto-a-sao-jose\/\" target=\"_blank\">S\u00e3o Jos\u00e9<\/a><\/strong>, porque a sua festa maior \u00e9 no dia 19 de mar\u00e7o: S\u00e3o Jos\u00e9, o esposo da Virgem; o homem justo que teve a honra e a gl\u00f3ria de se escolhido por Deus para ser o pai legal, nutr\u00edcio, de Seu Filho feito homem. Coube a Jos\u00e9 dar-lhe o nome de Jesus. Neste m\u00eas a Igreja nos convida a olhar para este modelo de pai amoroso, esposo fiel e casto, trabalhador dedicado; pronto a fazer, sem demora a vontade de Deus. A Igreja lhe presta um culto de \u201cprotodulia\u201d (primeira venera\u00e7\u00e3o).<\/p>\n<p>H\u00e1 muitas ora\u00e7\u00f5es dedicadas a S\u00e3o Jos\u00e9, a Ladainha em sua honra, o Ter\u00e7o de S\u00e3o Jos\u00e9, etc.. Santa Teresa de \u00c1vila disse que sempre que lhe fazia um pedido a S\u00e3o Jos\u00e9, em uma de suas festas (19 de mar\u00e7o ou 1 de maio), nunca deixou de ser atendida. Todos os seus Carmelos renovados tiveram o nome de S\u00e3o Jos\u00e9.<\/p>\n<p>O m\u00eas de <strong>ABRIL<\/strong> \u00e9 dedicado a <strong><a href=\"http:\/\/cleofas.com.br\/a-presenca-real-de-cristo-na-eucaristia\/\" target=\"_blank\">Eucaristia<\/a>\u00a0<\/strong>e ao <strong><a href=\"http:\/\/cleofas.com.br\/quem-e-o-espirito-santo-2\/\" target=\"_blank\">Divino Esp\u00edrito Santo<\/a><\/strong>. Quase sempre o Dia da P\u00e1scoa cai em abril; e, mesmo quando cai em Mar\u00e7o, o per\u00edodo pascal de 40 dias continua em abril. A Eucaristia \u00e9 o centro da vida da Igreja. Ela \u00e9 o Sacrif\u00edcio de Cristo que se atualiza (torna-se presente) no altar, na celebra\u00e7\u00e3o da santa Missa; e Alimento (banquete) do Cordeiro que se d\u00e1 como alimento espiritual. \u00c9 a maior prova de amor de Jesus para conosco. Al\u00e9m da Missa, Ele permanece em estado de v\u00edtima oferecida permanentemente ao Pai em nossos Sacr\u00e1rios, para nos socorrer em todas as necessidades e estar sempre conosco. \u201cTendo amado os seus que estavam no mundo, amou-os at\u00e9 o fim\u201d (Jo 13,1).<\/p>\n<p><strong>MAIO<\/strong> \u00e9 o m\u00eas da <strong><a href=\"http:\/\/cleofas.com.br\/tudo-por-jesus-nada-sem-maria\/\" target=\"_blank\">Virgem Maria<\/a><\/strong> porque \u00e9 repleto de Suas Festas: 13 de maio (Na. Sa. de F\u00e1tima), Visita\u00e7\u00e3o (31 de maio); e por ser ela M\u00e3e de Deus e nossa, o mundo crist\u00e3o comemora o Dia das M\u00e3es no segundo domingo de maio, rogando-lhe que defenda, proteja e auxilie todas as m\u00e3es em sua dif\u00edcil miss\u00e3o. A devo\u00e7\u00e3o a Virgem Maria quer destacar o papel fundamental dela de Medianeira de todas as gra\u00e7as, intercessora permanente do povo de Deus, modelo para as m\u00e3es crist\u00e3s, pura e santa, sempre pronta e disposta a fazer a vontade de Deus. \u00c9 o m\u00eas por excel\u00eancia para as noivas se casarem e consagrarem seus casamentos a Ela, \u00e9 o m\u00eas de rezar o Ros\u00e1rio e a Sua bela Ladainha lauretana.<\/p>\n<p><strong>JUNHO<\/strong> \u00e9 o m\u00eas do <strong><a href=\"http:\/\/cleofas.com.br\/meditando-sobre-o-sagrado-coracao-de-jesus\/\" target=\"_blank\">Sagrado Cora\u00e7\u00e3o de Jesus<\/a><\/strong>. Uma devo\u00e7\u00e3o que come\u00e7ou por volta do ano 1620 quando Jesus a pediu a Santa Margarida Maria Alacoque. Foi divulgada no mundo por S\u00e3o Claudio de La Colombiere, que era diretor espiritual da Santa. Era um tempo em que havia uma perigosa heresia chamada jansenismo, que impedia os cat\u00f3licos de Comungarem com frequ\u00eancia e incutia medo de Deus nas pessoas. A devo\u00e7\u00e3o ao Sagrado Cora\u00e7\u00e3o quer mostrar um Jesus humano, misericordioso, pronto a perdoar como o Pai do filho pr\u00f3digo; e que encoraja a participa\u00e7\u00e3o na Adora\u00e7\u00e3o a Eucaristia e a receber a Sagrada Comunh\u00e3o na primeira sexta-feira de cada m\u00eas. Conhecemos a bela Ladainha do Sagrado Cora\u00e7\u00e3o de Jesus e in\u00fameras ora\u00e7\u00f5es compostas pelos santos.<\/p>\n<p><strong>JULHO<\/strong> \u00e9 dedicado ao <strong><a href=\"http:\/\/cleofas.com.br\/o-precioso-sangue-de-cristo\/\" target=\"_blank\">Precios\u00edssimo Sangue de Nosso Senhor<\/a><\/strong>; e a festa espec\u00edfica \u00e9 no primeiro Domingo do m\u00eas. O Sangue de Jesus \u00e9 o \u201cpre\u00e7o da nossa salva\u00e7\u00e3o\u201d. A piedade crist\u00e3 sempre manifestou, atrav\u00e9s dos s\u00e9culos, especial devo\u00e7\u00e3o ao Sangue de Cristo derramado para a remiss\u00e3o dos pecados de todo o g\u00eanero humano, e atravessando a hist\u00f3ria at\u00e9 hoje com Sua presen\u00e7a real no Sacramento da Eucaristia. O Papa S\u00e3o Jo\u00e3o Paulo II, em sua Carta Apost\u00f3lica \u201cAngelus Domini\u201d, frisou o convite de Jo\u00e3o XXIII sobre o valor infinito daquele Sangue, do qual \u201cuma s\u00f3 gota pode salvar o mundo inteiro de qualquer culpa\u201d.<\/p>\n<p><strong>AGOSTO<\/strong> \u00e9 o m\u00eas dedicado \u00e0s <strong><a href=\"http:\/\/cleofas.com.br\/oracao-pelas-vocacoes\/\" target=\"_blank\">voca\u00e7\u00f5es<\/a><\/strong> no Brasil. Em cada semana do m\u00eas a Igreja destaca uma modalidade delas: a voca\u00e7\u00e3o sacerdotal, matrimonial, religiosa e os leigos. A voca\u00e7\u00e3o define a vida religiosa da pessoa, e \u00e9 dada por Deus a cada um. Em Sua bondade e sabedoria, Deus distribui Seus dons a cada um como lhe apraz; o importante \u00e9 que cada um descubra a sua voca\u00e7\u00e3o, e nela se realize fazendo o bem a todos. Especialmente \u00e9 tempo dos jovens rezarem pedindo a Deus o discernimento para o caminho a seguir. De modo especial os leigos devem assumir a sua miss\u00e3o no mundo, como \u201csal da terra e luz do mundo\u201d; fi\u00e9is aos ensinamentos da Igreja, levando o Evangelho a todas as realidades temporais.<\/p>\n<p><strong>SETEMBRO<\/strong> no Brasil \u00e9 o m\u00eas da <strong><a href=\"http:\/\/cleofas.com.br\/a-igreja-catolica-e-a-biblia\/\" target=\"_blank\">B\u00edblia<\/a><\/strong>, com a finalidade de que o povo cat\u00f3lico se aproxime mais dela, a leia e medite, a conhe\u00e7a e aprofunde os seus conhecimentos b\u00edblicos, promovendo cursos b\u00edblicos, etc.. N\u00e3o \u00e9 sem raz\u00e3o que S\u00e3o Pedro disse: &#8220;Antes de tudo, sabei que nenhuma profecia da Escritura \u00e9 de interpreta\u00e7\u00e3o pessoal porque jamais uma profecia foi proferida por efeito de uma vontade humana. Homens inspirados pelo Esp\u00edrito Santo falaram da parte de Deus&#8221; (2 Pd 1,20-21). A Carta aos Hebreus nos lembra de que que &#8220;a palavra de Deus \u00e9 viva, eficaz, mais penetrante do que uma espada de dois gumes, e atinge at\u00e9 \u00e0 divis\u00e3o da alma e do corpo, das juntas e medulas, e discerne os pensamentos e inten\u00e7\u00f5es do cora\u00e7\u00e3o&#8221; (Hb 4,12).<\/p>\n<p><strong><a href=\"http:\/\/loja.cleofas.com.br\/oracoes-de-todos-os-tempos-da-igreja.html\" target=\"_blank\" rel=\"attachment wp-att-54462\"><img loading=\"lazy\" decoding=\"async\" class=\"wp-image-54462 alignright\" src=\"http:\/\/cleofas.com.br\/wp-content\/uploads\/2016\/01\/cpa_ora_es_de_todos_os_tempos_da_igreja.jpg\" alt=\"cpa_ora_es_de_todos_os_tempos_da_igreja\" width=\"111\" height=\"165\" \/><\/a>OUTUBRO<\/strong> \u00e9 o m\u00eas do santo <strong><a href=\"http:\/\/cleofas.com.br\/o-rosario-na-historia\/\" target=\"_blank\">Ros\u00e1rio<\/a><\/strong> e das <strong><a href=\"http:\/\/cleofas.com.br\/o-grande-mes-das-missoes\/\" target=\"_blank\">Miss\u00f5es<\/a><\/strong>. Santo Ros\u00e1rio porque a Europa crist\u00e3 se viu livre da amea\u00e7a mu\u00e7ulmana que queria destruir o cristianismo, no ano 1571; mas foram vencidos pelas for\u00e7as crist\u00e3s na Batalha de Lepanto, no mar da Gr\u00e9cia. O Papa S\u00e3o Pio V pediu aos ex\u00e9rcitos crist\u00e3os que levassem a \u201carma do Ros\u00e1rio\u201d. Como a grande e milagrosa vit\u00f3ria se deu no dia 7 de outubro, o Papa instituiu neste dia a Festa de Nossa Senhora do Santo Ros\u00e1rio. O m\u00eas das miss\u00f5es \u00e9 um devo\u00e7\u00e3o para estimular ainda mais a miss\u00e3o evangelizadora que Cristo confiou \u00e0 Igreja. Mandou que seus disc\u00edpulos fossem pelo mundo todo, pregando o Evangelho e batizando a todos.<\/p>\n<p><strong>NOVEMBRO<\/strong> \u00e9 m\u00eas dedicado \u00e0s<strong> <a href=\"http:\/\/cleofas.com.br\/as-indulgencias-pelas-almas-do-purgatorio\/\" target=\"_blank\">almas do Purgat\u00f3rio<\/a><\/strong>. O Dia de Finados, no dia 2 de Novembro, \u00e9 dedicado \u00e0s ora\u00e7\u00f5es por todos os fi\u00e9is falecidos. O Papa Paulo VI, na \u201cConstitui\u00e7\u00e3o das Indulg\u00eancias\u201d, de 1967, estabeleceu indulg\u00eancias parciais e plen\u00e1rias pelas almas do purgat\u00f3rio, e determinou a semana de 1 a 8 de novembro como a semana das almas, em que podemos lucrar indulg\u00eancias plen\u00e1rias a elas mediante uma visita ao cemit\u00e9rio para rezar por elas, tendo se confessado, comungado e rezado pelo Papa (Pai Nossa, Ave Maria, Gl\u00f3ria ao Pai). As almas, por elas mesmas n\u00e3o podem conseguir sua purifica\u00e7\u00e3o; dependem de nossas ora\u00e7\u00f5es, missas, esmolas, penit\u00eancias, etc., por elas.<\/p>\n<p><strong>DEZEMBRO<\/strong> \u00e9 o m\u00eas do<strong> <a href=\"http:\/\/cleofas.com.br\/advento-preparacao-para-a-festa-do-natal-de-jesus\/\" target=\"_blank\">Advento<\/a><\/strong> e do <strong><a href=\"http:\/\/cleofas.com.br\/2512-natal-do-senhor\/\" target=\"_blank\">Natal<\/a><\/strong>. S\u00e3o quatro semanas de prepara\u00e7\u00e3o para a vinda de Cristo no Natal. Arma-se a \u201ccoroa do Advento\u201d, com uma vela acessa a cada domingo, meditando esse tempo de gra\u00e7a. \u00c9 um tempo prop\u00edcio para prepara\u00e7\u00e3o espiritual e piedosa para celebrar o Natal e tamb\u00e9m a segunda e definitiva vinda do Senhor. \u00c9 o tempo do Pres\u00e9pio, que nos ajuda a meditar este grande mist\u00e9rio da Encarna\u00e7\u00e3o do Verbo, que \u201cse fez pobre para nos enriquecer\u201d, como disse S\u00e3o Paulo.<\/p>\n<p><strong>Prof. Felipe Aquino<\/strong><\/p>\n<!-- AddThis Advanced Settings generic via filter on the_content --><!-- AddThis Share Buttons generic via filter on the_content -->","protected":false},"excerpt":{"rendered":"<p>A Igreja procura santificar o ano todo celebrando a cada dia os Santos do dia, ou as festa e solenidades especiais. Mas tamb\u00e9m a cada m\u00eas do ano a Igreja dedica uma devo\u00e7\u00e3o particular. A escolha dessa devo\u00e7\u00e3o mensal \u00e9&#8230;<!-- AddThis Advanced Settings generic via filter on get_the_excerpt --><!-- AddThis Share Buttons generic via filter on get_the_excerpt --><\/p>\n","protected":false},"author":29,"featured_media":0,"comment_status":"open","ping_status":"open","sticky":false,"template":"","format":"standard","meta":{"_mi_skip_tracking":false,"_monsterinsights_sitenote_active":false,"_monsterinsights_sitenote_note":"","_monsterinsights_sitenote_category":0,"footnotes":""},"categories":[3001,32,48],"tags":[19624,7261,10211,179354,18697,134432,179493],"_links":{"self":[{"href":"https:\/\/blog.cancaonova.com\/felipeaquino\/wp-json\/wp\/v2\/posts\/17169"}],"collection":[{"href":"https:\/\/blog.cancaonova.com\/felipeaquino\/wp-json\/wp\/v2\/posts"}],"about":[{"href":"https:\/\/blog.cancaonova.com\/felipeaquino\/wp-json\/wp\/v2\/types\/post"}],"author":[{"embeddable":true,"href":"https:\/\/blog.cancaonova.com\/felipeaquino\/wp-json\/wp\/v2\/users\/29"}],"replies":[{"embeddable":true,"href":"https:\/\/blog.cancaonova.com\/felipeaquino\/wp-json\/wp\/v2\/comments?post=17169"}],"version-history":[{"count":1,"href":"https:\/\/blog.cancaonova.com\/felipeaquino\/wp-json\/wp\/v2\/posts\/17169\/revisions"}],"predecessor-version":[{"id":17170,"href":"https:\/\/blog.cancaonova.com\/felipeaquino\/wp-json\/wp\/v2\/posts\/17169\/revisions\/17170"}],"wp:attachment":[{"href":"https:\/\/blog.cancaonova.com\/felipeaquino\/wp-json\/wp\/v2\/media?parent=17169"}],"wp:term":[{"taxonomy":"category","embeddable":true,"href":"https:\/\/blog.cancaonova.com\/felipeaquino\/wp-json\/wp\/v2\/categories?post=17169"},{"taxonomy":"post_tag","embeddable":true,"href":"https:\/\/blog.cancaonova.com\/felipeaquino\/wp-json\/wp\/v2\/tags?post=17169"}],"curies":[{"name":"wp","href":"https:\/\/api.w.org\/{rel}","templated":true}]}}