{"id":1811,"date":"2007-05-28T15:09:00","date_gmt":"2007-05-28T12:09:00","guid":{"rendered":"http:\/\/blog.cancaonova.com\/felipeaquino\/2007\/05\/28\/o-espirito-santo-papa-joao-paulo-ii\/"},"modified":"2008-04-04T20:04:55","modified_gmt":"2008-04-04T17:04:55","slug":"o-espirito-santo-papa-joao-paulo-ii","status":"publish","type":"post","link":"https:\/\/blog.cancaonova.com\/felipeaquino\/2007\/05\/28\/o-espirito-santo-papa-joao-paulo-ii\/","title":{"rendered":"O Esp\u00edrito Santo - Papa Jo\u00e3o Paulo II"},"content":{"rendered":"<p><a href=\"http:\/\/www.shoppingcleofas.com.br\/catalogo\/produtos.phtml?qy1=ksYVdSZmNISnZ%3Cp%3E%3Cp%3E%3Cp%3E%3Cp%3E%3Cp%3E%3Cp%3EaSFYwYnowek5EVT0=\"><\/a><\/p>\n<p align=\"center\"><a href=\"http:\/\/www.shoppingcleofas.com.br\/catalogo\/produtos.phtml?qy1=s8YVdSZmNISnZaSFYwYnowek5EVT0=\"><img decoding=\"async\" src=\"http:\/\/www.shoppingcleofas.com.br\/data\/catalogo\/9\/345_1.png\" alt=\"Capa O Esp?rito Santo\" align=\"top\" border=\"0\" \/><\/a><\/p>\n<p align=\"center\">&nbsp;<\/p>\n<p align=\"center\"><strong>O Esp\u00edrito Santo<br \/>\nPapa Jo\u00e3o Paulo II<br \/>\n<em>&#8211; 34 catequeses sobre o esp\u00edrito santo &#8211;<\/em><\/strong><\/p>\n<p>Ningu\u00e9m melhor do que o Santo Padre para nos ensinar sobre a Pessoa e a Obra do Consolador, que o assiste muito de perto no governo da Igreja.<\/p>\n<p>Nessas Catequeses ele enfoca temas important\u00edssimos como a Obra do Esp\u00edrito em toda a Hist\u00f3ria da Salva\u00e7\u00e3o, na vida de Jesus, na vida da Igreja, na Evangeliza\u00e7\u00e3o, no ecumenismo, na santifica\u00e7\u00e3o pessoal de cada fiel, de modo especial na vida das pessoas consagradas; e os carismas e os minist\u00e9rios suscitados pelo Esp\u00edrito na Igreja para a sua edifica\u00e7\u00e3o.<\/p>\n<p>O Esp\u00edrito Santo \u00e9 a alma da Igreja e a alma da alma de cada crist\u00e3o. S\u00e3o Paulo chega a dizer que \u201cquem n\u00e3o possui o Esp\u00edrito de Cristo n\u00e3o lhe pertence\u201d (cf. Rom 8,9).<\/p>\n<p><strong>Ficha T\u00e9cnica<\/strong><br \/>\nISBN: 85-88158-13-2<br \/>\nAno: 2003<br \/>\nEdi\u00e7\u00e3o: 2<br \/>\nN\u00famero de p\u00e1ginas: 144<br \/>\nIdioma: Portugu\u00eas BR<br \/>\nAcabamento: Brochura<br \/>\nFormato: 14\u00d721 cm<\/p>\n<p><strong><a href=\"http:\/\/www.cleofas.com.br\/divulgacao\/sumO_ESPIRITO_SANTO.pdf\">[+ Ver sum\u00e1rio e introdu\u00e7\u00e3o]<\/a><\/strong><\/p>\n<!-- AddThis Advanced Settings generic via filter on the_content --><!-- AddThis Share Buttons generic via filter on the_content -->","protected":false},"excerpt":{"rendered":"<p>&nbsp; O Esp\u00edrito Santo Papa Jo\u00e3o Paulo II &#8211; 34 catequeses sobre o esp\u00edrito santo &#8211; Ningu\u00e9m melhor do que o Santo Padre para nos ensinar sobre a Pessoa e a Obra do Consolador, que o assiste muito de perto&#8230;<!-- AddThis Advanced Settings generic via filter on get_the_excerpt --><!-- AddThis Share Buttons generic via filter on get_the_excerpt --><\/p>\n","protected":false},"author":29,"featured_media":0,"comment_status":"open","ping_status":"closed","sticky":false,"template":"","format":"standard","meta":{"_mi_skip_tracking":false,"_monsterinsights_sitenote_active":false,"_monsterinsights_sitenote_note":"","_monsterinsights_sitenote_category":0,"footnotes":""},"categories":[57],"tags":[],"_links":{"self":[{"href":"https:\/\/blog.cancaonova.com\/felipeaquino\/wp-json\/wp\/v2\/posts\/1811"}],"collection":[{"href":"https:\/\/blog.cancaonova.com\/felipeaquino\/wp-json\/wp\/v2\/posts"}],"about":[{"href":"https:\/\/blog.cancaonova.com\/felipeaquino\/wp-json\/wp\/v2\/types\/post"}],"author":[{"embeddable":true,"href":"https:\/\/blog.cancaonova.com\/felipeaquino\/wp-json\/wp\/v2\/users\/29"}],"replies":[{"embeddable":true,"href":"https:\/\/blog.cancaonova.com\/felipeaquino\/wp-json\/wp\/v2\/comments?post=1811"}],"version-history":[{"count":0,"href":"https:\/\/blog.cancaonova.com\/felipeaquino\/wp-json\/wp\/v2\/posts\/1811\/revisions"}],"wp:attachment":[{"href":"https:\/\/blog.cancaonova.com\/felipeaquino\/wp-json\/wp\/v2\/media?parent=1811"}],"wp:term":[{"taxonomy":"category","embeddable":true,"href":"https:\/\/blog.cancaonova.com\/felipeaquino\/wp-json\/wp\/v2\/categories?post=1811"},{"taxonomy":"post_tag","embeddable":true,"href":"https:\/\/blog.cancaonova.com\/felipeaquino\/wp-json\/wp\/v2\/tags?post=1811"}],"curies":[{"name":"wp","href":"https:\/\/api.w.org\/{rel}","templated":true}]}}