{"id":18459,"date":"2017-10-31T15:38:33","date_gmt":"2017-10-31T17:38:33","guid":{"rendered":"http:\/\/blog.cancaonova.com\/felipeaquino\/?p=18459"},"modified":"2017-10-31T15:38:33","modified_gmt":"2017-10-31T17:38:33","slug":"o-que-e-a-festa-de-halloween-2","status":"publish","type":"post","link":"https:\/\/blog.cancaonova.com\/felipeaquino\/2017\/10\/31\/o-que-e-a-festa-de-halloween-2\/","title":{"rendered":"O que \u00e9 a Festa de Halloween?"},"content":{"rendered":"<p><em><strong><a href=\"http:\/\/blog.cancaonova.com\/felipeaquino\/files\/2017\/10\/halloween-pixabay.jpg\"><img loading=\"lazy\" decoding=\"async\" class=\"size-medium wp-image-18460 alignleft\" src=\"http:\/\/blog.cancaonova.com\/felipeaquino\/files\/2017\/10\/halloween-pixabay-300x210.jpg\" alt=\"\" width=\"300\" height=\"210\" srcset=\"https:\/\/blog.cancaonova.com\/felipeaquino\/files\/2017\/10\/halloween-pixabay-300x210.jpg 300w, https:\/\/blog.cancaonova.com\/felipeaquino\/files\/2017\/10\/halloween-pixabay-768x538.jpg 768w, https:\/\/blog.cancaonova.com\/felipeaquino\/files\/2017\/10\/halloween-pixabay.jpg 960w\" sizes=\"(max-width: 300px) 100vw, 300px\" \/><\/a>O Halloween \u00e9 uma festa comum nos EUA e Europa e \u00e9 celebrada no dia 31 de Outubro, de origem pag\u00e3.<\/strong><\/em><!--more--><\/p>\n<p><strong>Leia tamb\u00e9m:<\/strong>&nbsp;<a href=\"http:\/\/cleofas.com.br\/halloween-e-satanismo\/\" target=\"_blank\" rel=\"noopener\">Halloween e Satanismo<\/a><\/p>\n<p><a href=\"http:\/\/cleofas.com.br\/halloween-e-uma-brincadeira-inofensiva-de-forma-alguma-responde-exorcista\/\" target=\"_blank\" rel=\"noopener\">Halloween \u00e9 uma brincadeira inofensiva? De forma alguma, responde exorcista<\/a><\/p>\n<p><a href=\"http:\/\/cleofas.com.br\/oito-coisas-que-voce-deve-saber-sobre-o-halloween-antes-de-fantasiar-seu-filho\/\" target=\"_blank\" rel=\"noopener\">Oito coisas que voc\u00ea deve saber sobre o Halloween antes de fantasiar seu filho<\/a><\/p>\n<p><a href=\"http:\/\/cleofas.com.br\/10-sugestoes-para-celebrar-os-santos-e-esquecer-o-halloween\/\" target=\"_blank\" rel=\"noopener\">10 sugest\u00f5es para celebrar os Santos e \u201cesquecer\u201d o Halloween<\/a><\/p>\n<p><a href=\"http:\/\/cleofas.com.br\/e-a-festa-do-halloween-eb\/\" target=\"_blank\" rel=\"noopener\">E a festa do Halloween? EB<\/a><\/p>\n<p>A comemora\u00e7\u00e3o veio dos antigos Celtas, um povo que habitava a Gr\u00e3-Bretanha (Inglaterra, Esc\u00f3cia, Irlanda) a mais de 2000 anos atr\u00e1s, vindos da \u00c1sia. Os Celtas realizavam a colheita nessa \u00e9poca do ano, e, segundo um antigo ritual de sua religi\u00e3o druida, os esp\u00edritos das pessoas mortas voltariam \u00e0 Terra durante a noite, no \u00faltimo dia do ano, que para eles era o dia 31 de outubro e queriam, entre outras coisas, se alimentar e assustar as pessoas. Acreditavam tamb\u00e9m no aparecimento das bruxas, mulheres que tinham vida sexual com dem\u00f4nios e que faziam muito mal \u00e0s pessoas, ao gado, \u00e0s planta\u00e7\u00f5es, etc.<\/p>\n<p><strong><a href=\"https:\/\/loja.cleofas.com.br\/falsas-doutrinas-seitas-e-religioes\" target=\"_blank\" rel=\"noopener\"><img loading=\"lazy\" decoding=\"async\" class=\" wp-image-62607 alignright\" src=\"http:\/\/cleofas.com.br\/wp-content\/uploads\/2016\/03\/falsas_doutrinas.png\" alt=\"\" width=\"190\" height=\"190\"\/><\/a>Assista tamb\u00e9m:<\/strong>&nbsp;<a href=\"http:\/\/cleofas.com.br\/catolico-pode-celebrar-halloween\/\" target=\"_blank\" rel=\"noopener\">Cat\u00f3lico pode celebrar Halloween?<\/a><\/p>\n<p>Com isso, os Celtas costumavam se vestir com m\u00e1scaras assustadoras para afastar estes esp\u00edritos e as bruxas. Esse epis\u00f3dio era conhecido como o \u201cSamhaim\u201d. Com o passar do tempo, os crist\u00e3os chegaram \u00e0 Gr\u00e3-Bretanha, converteram os Celtas especialmente com o trabalho de S\u00e3o Patr\u00edcio no s\u00e9culo IV e S\u00e3o Columbano no s\u00e9culo VI. Com isso, a Igreja Cat\u00f3lica transformou este ritual pag\u00e3o, em uma festa religiosa. Ela passou a ser celebrada nesta mesma \u00e9poca e, ao inv\u00e9s de honrar esp\u00edritos e for\u00e7as ocultas, o povo rec\u00e9m catequizado, deveria honrar os santos, da\u00ed veio o \u201cAll Hallows Day\u201d: o \u201cDia de Todos os Santos\u201d. Mas, a tradi\u00e7\u00e3o entre estes povos continuou, e al\u00e9m de celebrarem o Dia de Todos os Santos, eles celebravam tamb\u00e9m a noite da v\u00e9spera do Dia de Todos os Santos com as m\u00e1scaras assustadoras e com comida. A noite era chamada de \u201cAll Hallows Evening\u201d, abreviando-se, veio o Halloween.<\/p>\n<p><strong>Retirado do livro: &#8220;Falsas Doutrinas &#8211; Seitas e Religi\u00f5es&#8221;.&nbsp;Prof. Felipe Aquino (Org.). Ed. Cl\u00e9ofas.<\/strong><\/p>\n<!-- AddThis Advanced Settings generic via filter on the_content --><!-- AddThis Share Buttons generic via filter on the_content -->","protected":false},"excerpt":{"rendered":"<p>O Halloween \u00e9 uma festa comum nos EUA e Europa e \u00e9 celebrada no dia 31 de Outubro, de origem pag\u00e3.<!-- AddThis Advanced Settings generic via filter on get_the_excerpt --><!-- AddThis Share Buttons generic via filter on get_the_excerpt --><\/p>\n","protected":false},"author":29,"featured_media":0,"comment_status":"open","ping_status":"open","sticky":false,"template":"","format":"standard","meta":{"_mi_skip_tracking":false,"_monsterinsights_sitenote_active":false,"_monsterinsights_sitenote_note":"","_monsterinsights_sitenote_category":0,"footnotes":""},"categories":[4],"tags":[69531,91092,154950,16541,172336,9131,184561],"_links":{"self":[{"href":"https:\/\/blog.cancaonova.com\/felipeaquino\/wp-json\/wp\/v2\/posts\/18459"}],"collection":[{"href":"https:\/\/blog.cancaonova.com\/felipeaquino\/wp-json\/wp\/v2\/posts"}],"about":[{"href":"https:\/\/blog.cancaonova.com\/felipeaquino\/wp-json\/wp\/v2\/types\/post"}],"author":[{"embeddable":true,"href":"https:\/\/blog.cancaonova.com\/felipeaquino\/wp-json\/wp\/v2\/users\/29"}],"replies":[{"embeddable":true,"href":"https:\/\/blog.cancaonova.com\/felipeaquino\/wp-json\/wp\/v2\/comments?post=18459"}],"version-history":[{"count":1,"href":"https:\/\/blog.cancaonova.com\/felipeaquino\/wp-json\/wp\/v2\/posts\/18459\/revisions"}],"predecessor-version":[{"id":18461,"href":"https:\/\/blog.cancaonova.com\/felipeaquino\/wp-json\/wp\/v2\/posts\/18459\/revisions\/18461"}],"wp:attachment":[{"href":"https:\/\/blog.cancaonova.com\/felipeaquino\/wp-json\/wp\/v2\/media?parent=18459"}],"wp:term":[{"taxonomy":"category","embeddable":true,"href":"https:\/\/blog.cancaonova.com\/felipeaquino\/wp-json\/wp\/v2\/categories?post=18459"},{"taxonomy":"post_tag","embeddable":true,"href":"https:\/\/blog.cancaonova.com\/felipeaquino\/wp-json\/wp\/v2\/tags?post=18459"}],"curies":[{"name":"wp","href":"https:\/\/api.w.org\/{rel}","templated":true}]}}