{"id":18492,"date":"2017-11-23T15:08:50","date_gmt":"2017-11-23T17:08:50","guid":{"rendered":"http:\/\/blog.cancaonova.com\/felipeaquino\/?p=18492"},"modified":"2017-11-23T15:08:50","modified_gmt":"2017-11-23T17:08:50","slug":"o-testemunho-de-8-criancas-que-alcancaram-a-santidade","status":"publish","type":"post","link":"https:\/\/blog.cancaonova.com\/felipeaquino\/2017\/11\/23\/o-testemunho-de-8-criancas-que-alcancaram-a-santidade\/","title":{"rendered":"O testemunho de 8 crian\u00e7as que alcan\u00e7aram a santidade"},"content":{"rendered":"<p><em><strong><a href=\"http:\/\/blog.cancaonova.com\/felipeaquino\/files\/2017\/11\/JoselitoDomingoFatima_TemploSJSRWikipedia_201117.jpg\"><img loading=\"lazy\" decoding=\"async\" class=\"size-medium wp-image-18493 alignleft\" src=\"http:\/\/blog.cancaonova.com\/felipeaquino\/files\/2017\/11\/JoselitoDomingoFatima_TemploSJSRWikipedia_201117-300x167.jpg\" alt=\"\" width=\"300\" height=\"167\" srcset=\"https:\/\/blog.cancaonova.com\/felipeaquino\/files\/2017\/11\/JoselitoDomingoFatima_TemploSJSRWikipedia_201117-300x167.jpg 300w, https:\/\/blog.cancaonova.com\/felipeaquino\/files\/2017\/11\/JoselitoDomingoFatima_TemploSJSRWikipedia_201117.jpg 680w\" sizes=\"(max-width: 300px) 100vw, 300px\" \/><\/a>A idade n\u00e3o \u00e9 um impedimento para alcan\u00e7ar a santidade e isso \u00e9 o que demostraram estas oito crian\u00e7as que se destacaram pelo seu testemunho de piedade, fidelidade e amor a Deus.<\/strong><\/em><!--more--><\/p>\n<p><a href=\"http:\/\/cleofas.com.br\/papa-francisco-santidade-de-pastorinhos-de-fatima-nao-e-consequencia-das-aparicoes\/\" target=\"_blank\" rel=\"noopener\"><strong>Santos Jacinta e Francisco Marto<\/strong><\/a><\/p>\n<p><a href=\"https:\/\/loja.cleofas.com.br\/sede-santos\" target=\"_blank\" rel=\"noopener\"><img loading=\"lazy\" decoding=\"async\" class=\" wp-image-62846 alignright\" src=\"http:\/\/cleofas.com.br\/wp-content\/uploads\/2016\/10\/sede_santos.png\" alt=\"\" width=\"190\" height=\"190\"\/><\/a>Junto com sua prima L\u00facia, Jacinta e Francisco Marto testemunharam as apari\u00e7\u00f5es da Virgem Maria em Portugal de 13 de maio a 13 de outubro de 1917. Eles tinham 9 e 7 anos, respectivamente.<\/p>\n<p>Durante esses acontecimentos, os pastorinhos suportaram com coragem as cal\u00fanias e as persegui\u00e7\u00f5es e realizaram v\u00e1rias mortifica\u00e7\u00f5es. O pequeno Francisco passava muito tempo diante do sacr\u00e1rio, rezava para consolar Deus pelos pecados da humanidade, enquanto Jacinta ia \u00e0 Missa todos os dias e oferecia a comunh\u00e3o pelos pecadores.<\/p>\n<p>Jacinta e Francisco ficaram doentes com pneumonia br\u00f4nquica durante uma epidemia na regi\u00e3o. Ele morreu em 1919 e sua irm\u00e3 um ano depois.<\/p>\n<p><strong>Leia tamb\u00e9m:&nbsp;<\/strong><a href=\"http:\/\/cleofas.com.br\/e-preciso-ser-crianca\/\" target=\"_blank\" rel=\"noopener\">\u00c9 preciso ser crian\u00e7a!<\/a><\/p>\n<p><a href=\"http:\/\/cleofas.com.br\/todos-os-cristaos-sao-chamados-a-viver-a-santidade\/\" target=\"_blank\" rel=\"noopener\">Todos os crist\u00e3os s\u00e3o chamados a viver a santidade<\/a><\/p>\n<p><a href=\"http:\/\/cleofas.com.br\/a-santidade-e-a-vocacao-do-cristao\/\" target=\"_blank\" rel=\"noopener\">A santidade \u00e9 a voca\u00e7\u00e3o do crist\u00e3o<\/a><\/p>\n<p><a href=\"http:\/\/cleofas.com.br\/voce-deseja-alcancar-a-santidade\/\" target=\"_blank\" rel=\"noopener\">Voc\u00ea deseja alcan\u00e7ar a santidade?<\/a><\/p>\n<p><a href=\"http:\/\/cleofas.com.br\/o-segredo-da-santidade-de-s-domingos-savio\/\" target=\"_blank\" rel=\"noopener\"><strong>S\u00e3o Domingos S\u00e1vio<\/strong><\/a><\/p>\n<p>S\u00e3o Domingos S\u00e1vio queria ser sacerdote desde pequeno e, depois de conhecer Dom Bosco, entrou no Orat\u00f3rio de S\u00e3o Francisco de Sales, em Turim, It\u00e1lia.<\/p>\n<p>O menino se destacou pela sua intensa vida espiritual, sua alegria e a sua vontade de ajudar os outros, especialmente a sua fam\u00edlia. Ele costumava dizer com frequ\u00eancia: \u201cQuero ser santo!\u201d.<\/p>\n<p>Ficou doente e, a pedido dos m\u00e9dicos, teve que deixar o orat\u00f3rio e voltar para a sua casa. Antes de morrer, em 9 de mar\u00e7o de 1857, disse: \u201cQue coisa t\u00e3o formosa vejo!\u201d. Faltavam poucas semanas para completar 15 anos.<\/p>\n<p><a href=\"http:\/\/cleofas.com.br\/7-coisas-que-deve-saber-sobre-sao-jose-sanchez-del-rio\/\" target=\"_blank\" rel=\"noopener\"><strong>S\u00e3o Jos\u00e9 Sanchez del Rio<\/strong><\/a><\/p>\n<p>S\u00e3o Jos\u00e9 S\u00e1nchez del R\u00edo foi uma crian\u00e7a que, por amor a Jesus, se uniu aos Cristeros, um grupo armado de milhares de cat\u00f3licos que defenderam a sua f\u00e9 durante a persegui\u00e7\u00e3o religiosa perpetrada no M\u00e9xico, na segunda d\u00e9cada do s\u00e9culo XX.<\/p>\n<p>\u201cJoselito\u201d, como \u00e9 conhecido em seu pa\u00eds, serviu aos Cristeros \u2013 que inicialmente n\u00e3o quiseram aceit\u00e1-lo porque era jovem e pelo perigo ao qual estaria exposto \u2013 como porta-estandarte da imagem da Virgem de Guadalupe, mas n\u00e3o chegou a participar ativamente nos confrontos armados.<\/p>\n<p>Quando tinha 14 anos, foi torturado e assassinado em 10 de fevereiro de 1928 pelos oficiais do governo de Plutarco El\u00edas Calles, porque se recusou a renunciar a sua f\u00e9.<\/p>\n<p><a href=\"http:\/\/cleofas.com.br\/0607-santa-maria-goretti\/\" target=\"_blank\" rel=\"noopener\"><strong>Santa Maria Goretti<\/strong><\/a><\/p>\n<p>Santa Maria Goretti cresceu em uma fam\u00edlia pobre em bens materiais, mas rica na f\u00e9.<\/p>\n<p>Quando tinha apenas 11 anos, foi apunhalada por Alessandro Serenelli, um jovem de 19 anos, porque se negou a ter rela\u00e7\u00f5es sexuais com ele.<\/p>\n<p>Em 6 de julho de 1902, antes de morrer, ela perdoou o seu assassino, que foi preso. Enquanto estava na pris\u00e3o, Alessandro se arrependeu do seu crime. Quando saiu, foi procurar a m\u00e3e de Maria para pedir-lhe perd\u00e3o.<\/p>\n<p>Alguns anos depois, colaborou dando o seu testemunho para a causa da beatifica\u00e7\u00e3o de Maria. Tamb\u00e9m foi admitido na ordem terceira de S\u00e3o Francisco.<\/p>\n<p><strong>Santos Crist\u00f3bal, Antonio e Juan, filhos dos m\u00e1rtires de Tlaxcala<\/strong><\/p>\n<p><a href=\"https:\/\/loja.cleofas.com.br\/ensinamentos-dos-santos\" target=\"_blank\" rel=\"noopener\"><img loading=\"lazy\" decoding=\"async\" class=\" wp-image-67276 alignright\" src=\"http:\/\/cleofas.com.br\/wp-content\/uploads\/2015\/01\/ensinamentos_dos_santos2.png\" alt=\"\" width=\"190\" height=\"190\"\/><\/a>Os santos Crist\u00f3bal, Antonio e Juan, foram assassinados por \u00f3dio \u00e0 f\u00e9 no M\u00e9xico, entre 1527 e 1529. Eles s\u00e3o considerados os primeiros m\u00e1rtires da Am\u00e9rica.<\/p>\n<p>Crist\u00f3bal era filho do cacique Acxotecatl e conhecia a f\u00e9 cat\u00f3lica gra\u00e7as ao trabalho evangelizador que os frades franciscanos realizavam na regi\u00e3o entre 1524 e 1527. Depois de ser batizado, trabalhou pela convers\u00e3o da sua fam\u00edlia, mas seu pai ficou com raiva. Morreu aos 12 anos devido aos golpes e queimaduras perpetrados pelo seu pai.<\/p>\n<p>Antonio e Juan receberam a forma\u00e7\u00e3o dos franciscanos e dominicanos. Ambos tentaram erradicar a adora\u00e7\u00e3o de \u00eddolos no seu povoado Tizatlan e nas aldeias pr\u00f3ximas. Foram descobertos pelos habitantes de Cuautinch\u00e1n, que os assassinar\u00e3o com golpes.<\/p>\n<p><strong>Fonte:<\/strong>&nbsp;<a href=\"http:\/\/www.acidigital.com\/noticias\/o-testemunho-de-8-criancas-que-alcancaram-a-santidade-15709\/\" target=\"_blank\" rel=\"noopener\">http:\/\/www.acidigital.com\/noticias\/o-testemunho-de-8-criancas-que-alcancaram-a-santidade-15709\/<\/a><\/p>\n<!-- AddThis Advanced Settings generic via filter on the_content --><!-- AddThis Share Buttons generic via filter on the_content -->","protected":false},"excerpt":{"rendered":"<p>A idade n\u00e3o \u00e9 um impedimento para alcan\u00e7ar a santidade e isso \u00e9 o que demostraram estas oito crian\u00e7as que se destacaram pelo seu testemunho de piedade, fidelidade e amor a Deus.<!-- AddThis Advanced Settings generic via filter on get_the_excerpt --><!-- AddThis Share Buttons generic via filter on get_the_excerpt --><\/p>\n","protected":false},"author":29,"featured_media":0,"comment_status":"open","ping_status":"open","sticky":false,"template":"","format":"standard","meta":{"_mi_skip_tracking":false,"_monsterinsights_sitenote_active":false,"_monsterinsights_sitenote_note":"","_monsterinsights_sitenote_category":0,"footnotes":""},"categories":[3001,271],"tags":[15792,184578,145420,261,184579,33384,7931,93934,184576],"_links":{"self":[{"href":"https:\/\/blog.cancaonova.com\/felipeaquino\/wp-json\/wp\/v2\/posts\/18492"}],"collection":[{"href":"https:\/\/blog.cancaonova.com\/felipeaquino\/wp-json\/wp\/v2\/posts"}],"about":[{"href":"https:\/\/blog.cancaonova.com\/felipeaquino\/wp-json\/wp\/v2\/types\/post"}],"author":[{"embeddable":true,"href":"https:\/\/blog.cancaonova.com\/felipeaquino\/wp-json\/wp\/v2\/users\/29"}],"replies":[{"embeddable":true,"href":"https:\/\/blog.cancaonova.com\/felipeaquino\/wp-json\/wp\/v2\/comments?post=18492"}],"version-history":[{"count":1,"href":"https:\/\/blog.cancaonova.com\/felipeaquino\/wp-json\/wp\/v2\/posts\/18492\/revisions"}],"predecessor-version":[{"id":18494,"href":"https:\/\/blog.cancaonova.com\/felipeaquino\/wp-json\/wp\/v2\/posts\/18492\/revisions\/18494"}],"wp:attachment":[{"href":"https:\/\/blog.cancaonova.com\/felipeaquino\/wp-json\/wp\/v2\/media?parent=18492"}],"wp:term":[{"taxonomy":"category","embeddable":true,"href":"https:\/\/blog.cancaonova.com\/felipeaquino\/wp-json\/wp\/v2\/categories?post=18492"},{"taxonomy":"post_tag","embeddable":true,"href":"https:\/\/blog.cancaonova.com\/felipeaquino\/wp-json\/wp\/v2\/tags?post=18492"}],"curies":[{"name":"wp","href":"https:\/\/api.w.org\/{rel}","templated":true}]}}