{"id":18582,"date":"2018-01-10T14:16:13","date_gmt":"2018-01-10T16:16:13","guid":{"rendered":"http:\/\/blog.cancaonova.com\/felipeaquino\/?p=18582"},"modified":"2018-01-10T14:16:13","modified_gmt":"2018-01-10T16:16:13","slug":"o-dia-em-que-santo-antonio-pregou-e-os-cardeais-experimentaram-algo-extraordinario","status":"publish","type":"post","link":"https:\/\/blog.cancaonova.com\/felipeaquino\/2018\/01\/10\/o-dia-em-que-santo-antonio-pregou-e-os-cardeais-experimentaram-algo-extraordinario\/","title":{"rendered":"O dia em que Santo Ant\u00f4nio pregou e os cardeais experimentaram algo extraordin\u00e1rio"},"content":{"rendered":"<p><em><strong><a href=\"http:\/\/blog.cancaonova.com\/felipeaquino\/files\/2018\/01\/13796349715_0e39b2211a_b.jpg\"><img loading=\"lazy\" decoding=\"async\" class=\"size-medium wp-image-18583 alignleft\" src=\"http:\/\/blog.cancaonova.com\/felipeaquino\/files\/2018\/01\/13796349715_0e39b2211a_b-300x164.jpg\" alt=\"\" width=\"300\" height=\"164\" srcset=\"https:\/\/blog.cancaonova.com\/felipeaquino\/files\/2018\/01\/13796349715_0e39b2211a_b-300x164.jpg 300w, https:\/\/blog.cancaonova.com\/felipeaquino\/files\/2018\/01\/13796349715_0e39b2211a_b-768x421.jpg 768w, https:\/\/blog.cancaonova.com\/felipeaquino\/files\/2018\/01\/13796349715_0e39b2211a_b.jpg 1024w\" sizes=\"(max-width: 300px) 100vw, 300px\" \/><\/a>Naquele dia todos ficaram muito admirados como se estivesse repetido o milagre das l\u00ednguas no dia de Pentecostes&#8230;<\/strong><\/em><\/p>\n<p>O Papa Greg\u00f3rio IX (1227-1240) conhecia bem a Ordem de S\u00e3o Francisco, e com ele muitos cardeais tinham o desejo de ouvir as prega\u00e7\u00f5es de Santo Ant\u00f4nio.<!--more--><\/p>\n<p>Os \u201cFioretti\u201d, que \u00e9 uma cole\u00e7\u00e3o de relatos miraculosos de S\u00e3o Francisco e dos seus frades, conta algo que aconteceu em Roma. Santo Ant\u00f4nio pregou certa vez em um Consist\u00f3rio (reuni\u00e3o de cardeais) para cardeais do mundo todo (gregos, latinos, eslavos, francos, ingleses e outros).<\/p>\n<p><strong>Leia tamb\u00e9m:<\/strong>&nbsp;<a href=\"http:\/\/cleofas.com.br\/existe-santo-casamenteiro\/\" target=\"_blank\" rel=\"noopener\">Existe santo casamenteiro?<\/a><\/p>\n<p><a href=\"http:\/\/cleofas.com.br\/10-ensinamentos-de-santo-antonio-de-padua-doutor-da-igreja\/\" target=\"_blank\" rel=\"noopener\">10 Ensinamentos de Santo Ant\u00f4nio de P\u00e1dua, doutor da Igreja<\/a><\/p>\n<p><a href=\"http:\/\/cleofas.com.br\/um-milagre-na-infancia-de-santo-antonio\/\" target=\"_blank\" rel=\"noopener\">Um milagre na inf\u00e2ncia de Santo Ant\u00f4nio<\/a><\/p>\n<p><a href=\"http:\/\/cleofas.com.br\/santo-antonio-e-o-milagre-dos-peixes\/\" target=\"_blank\" rel=\"noopener\">Santo Ant\u00f4nio e o milagre dos peixes<\/a><\/p>\n<p>Cheio do Esp\u00edrito Santo, ele apresentou a Palavra de Deus t\u00e3o claramente, com muita prud\u00eancia, piedade, clareza e compreens\u00e3o, de modo que todos os ouvintes entenderam todas as palavras dele em suas diversas l\u00ednguas maternas, como se ele tivesse falado na l\u00edngua materna de cada um deles. Todos ficaram muito admirados como se estivesse repetido o milagre das l\u00ednguas no dia de Pentecostes. E um perguntava ao outro: \u201cEle n\u00e3o \u00e9 espanhol?\u201d. O pr\u00f3prio Papa disse que: \u201cVerdadeiramente este \u00e9 a Arca do Testamento e o escr\u00ednio da Sagrada Escritura\u201d.<\/p>\n<p><a href=\"https:\/\/loja.cleofas.com.br\/santo-antonio-arca-do-evangelho-\" target=\"_blank\" rel=\"noopener\"><img loading=\"lazy\" decoding=\"async\" class=\" wp-image-75990 alignright\" src=\"http:\/\/cleofas.com.br\/wp-content\/uploads\/2016\/06\/Santo_Ant\u00f6nio.png\" alt=\"\" width=\"190\" height=\"190\"\/><\/a>Ali\u00e1s, Santo Ant\u00f4nio dizia que: \u201cFala em v\u00e1rias l\u00ednguas quem est\u00e1 repleto do Esp\u00edrito Santo. As diversas l\u00ednguas s\u00e3o o testemunho que devemos dar a favor de Cristo, a saber, humildade, pobreza, paci\u00eancia e obedi\u00eancia. Quando os outros virem em n\u00f3s essas virtudes, estaremos n\u00f3s falando a eles. Nossa linguagem \u00e9 penetrante quando \u00e9 nosso agir que fala. Nossa vida est\u00e1 t\u00e3o cheia de belas palavras e t\u00e3o vazia de boas obras!\u201d.<\/p>\n<p>N\u00e3o foi por um acaso que lhe chamaram de \u201cArca do Evangelho\u201d&#8230;<\/p>\n<p>Este foi mais um dos muitos prod\u00edgios realizados por Santo Ant\u00f4nio durante sua vida. Voc\u00ea pode conhecer outros no livro:&nbsp;<a href=\"https:\/\/loja.cleofas.com.br\/santo-antonio-arca-do-evangelho-\" target=\"_blank\" rel=\"noopener\">Santo Ant\u00f4nio \u2013 Arca do Evangelho \u2013<\/a><\/p>\n<p><strong>Retirado do livro: \u201cSanto Ant\u00f4nio \u2013 Arca do Evangelho -\u201d. Prof. Felipe Aquino. Ed. Cl\u00e9ofas.<\/strong><\/p>\n<!-- AddThis Advanced Settings generic via filter on the_content --><!-- AddThis Share Buttons generic via filter on the_content -->","protected":false},"excerpt":{"rendered":"<p>Naquele dia todos ficaram muito admirados como se estivesse repetido o milagre das l\u00ednguas no dia de Pentecostes&#8230; O Papa Greg\u00f3rio IX (1227-1240) conhecia bem a Ordem de S\u00e3o Francisco, e com ele muitos cardeais tinham o desejo de ouvir&#8230;<!-- AddThis Advanced Settings generic via filter on get_the_excerpt --><!-- AddThis Share Buttons generic via filter on get_the_excerpt --><\/p>\n","protected":false},"author":29,"featured_media":0,"comment_status":"open","ping_status":"open","sticky":false,"template":"","format":"standard","meta":{"_mi_skip_tracking":false,"_monsterinsights_sitenote_active":false,"_monsterinsights_sitenote_note":"","_monsterinsights_sitenote_category":0,"footnotes":""},"categories":[57,271],"tags":[184605,18400,16136,17187,19209],"_links":{"self":[{"href":"https:\/\/blog.cancaonova.com\/felipeaquino\/wp-json\/wp\/v2\/posts\/18582"}],"collection":[{"href":"https:\/\/blog.cancaonova.com\/felipeaquino\/wp-json\/wp\/v2\/posts"}],"about":[{"href":"https:\/\/blog.cancaonova.com\/felipeaquino\/wp-json\/wp\/v2\/types\/post"}],"author":[{"embeddable":true,"href":"https:\/\/blog.cancaonova.com\/felipeaquino\/wp-json\/wp\/v2\/users\/29"}],"replies":[{"embeddable":true,"href":"https:\/\/blog.cancaonova.com\/felipeaquino\/wp-json\/wp\/v2\/comments?post=18582"}],"version-history":[{"count":1,"href":"https:\/\/blog.cancaonova.com\/felipeaquino\/wp-json\/wp\/v2\/posts\/18582\/revisions"}],"predecessor-version":[{"id":18584,"href":"https:\/\/blog.cancaonova.com\/felipeaquino\/wp-json\/wp\/v2\/posts\/18582\/revisions\/18584"}],"wp:attachment":[{"href":"https:\/\/blog.cancaonova.com\/felipeaquino\/wp-json\/wp\/v2\/media?parent=18582"}],"wp:term":[{"taxonomy":"category","embeddable":true,"href":"https:\/\/blog.cancaonova.com\/felipeaquino\/wp-json\/wp\/v2\/categories?post=18582"},{"taxonomy":"post_tag","embeddable":true,"href":"https:\/\/blog.cancaonova.com\/felipeaquino\/wp-json\/wp\/v2\/tags?post=18582"}],"curies":[{"name":"wp","href":"https:\/\/api.w.org\/{rel}","templated":true}]}}