{"id":1871,"date":"2007-06-11T21:03:25","date_gmt":"2007-06-11T18:03:25","guid":{"rendered":"http:\/\/blog.cancaonova.com\/felipeaquino\/2007\/06\/11\/relacao-dos-santos-e-beatos-da-igreja\/"},"modified":"2014-05-26T14:37:06","modified_gmt":"2014-05-26T17:37:06","slug":"relacao-dos-santos-e-beatos-da-igreja","status":"publish","type":"post","link":"https:\/\/blog.cancaonova.com\/felipeaquino\/2007\/06\/11\/relacao-dos-santos-e-beatos-da-igreja\/","title":{"rendered":"Rela\u00e7\u00e3o dos Santos e Beatos da Igreja"},"content":{"rendered":"<p align=\"center\"><a href=\"http:\/\/loja.cleofas.com.br\/relac-o-dos-santos-e-beatos.html\" target=\"_blank\"><img loading=\"lazy\" decoding=\"async\" class=\"aligncenter size-full wp-image-15697\" alt=\"cpa_rela_o_de_santos_e_beatos\" src=\"http:\/\/blog.cancaonova.com\/felipeaquino\/files\/2007\/06\/cpa_rela_o_de_santos_e_beatos.jpg\" width=\"175\" height=\"260\" \/><\/a><\/p>\n<p align=\"center\"><strong>Rela\u00e7\u00e3o dos Santos e Beatos da Igreja<\/strong><\/p>\n<p align=\"center\">&#8211; Em ordem alfab\u00e9tica e por dia do ano &#8211;<\/p>\n<p align=\"center\">&#8211; Incluindo os Santos padroeiros e protetores das profiss\u00f5es &#8211;<\/p>\n<p align=\"center\">\n<p align=\"left\">A Igreja j\u00e1 canonizou milhares de Santos e Santas; neste livro voc\u00ea encontrar\u00e1 a rela\u00e7\u00e3o de cerca de 4700 mais importantes e mais conhecidos, com o dia de sua celebra\u00e7\u00e3o lit\u00fargica, tanto em ordem alfab\u00e9tica como pelo dia do ano.<\/p>\n<p>O livro inclu\u00ed tamb\u00e9m a rela\u00e7\u00e3o dos santos protetores e dos padroeiros das profiss\u00f5es.<\/p>\n<p>\u00c9 uma obra valiosa para voc\u00ea conhecer um pouco mais os Santos, rezar a eles, e escolher o nome deles para as crian\u00e7as a serem batizadas, conforme recomenda a Igreja.<\/p>\n<p><strong>Ficha T\u00e9cnica<\/strong><br \/>\nISBN: 85-858815826-4<br \/>\nAno: 2007<br \/>\nEdi\u00e7\u00e3o: 2<br \/>\nN\u00famero de p\u00e1ginas: 200<br \/>\nIdioma: Portugu\u00eas BR<br \/>\nAcabamento: Brochura<br \/>\nFormato: 14\u00d721 cm<\/p>\n<p><strong><a href=\"http:\/\/www.cleofas.com.br\/divulgacao\/sumRELACAO_DOS_SANTOS.pdf\">[+ Ver sum\u00e1rio e introdu\u00e7\u00e3o]<\/a><\/strong><\/p>\n<!-- AddThis Advanced Settings generic via filter on the_content --><!-- AddThis Share Buttons generic via filter on the_content -->","protected":false},"excerpt":{"rendered":"<p>Rela\u00e7\u00e3o dos Santos e Beatos da Igreja &#8211; Em ordem alfab\u00e9tica e por dia do ano &#8211; &#8211; Incluindo os Santos padroeiros e protetores das profiss\u00f5es &#8211; A Igreja j\u00e1 canonizou milhares de Santos e Santas; neste livro voc\u00ea encontrar\u00e1&#8230;<!-- AddThis Advanced Settings generic via filter on get_the_excerpt --><!-- AddThis Share Buttons generic via filter on get_the_excerpt --><\/p>\n","protected":false},"author":29,"featured_media":0,"comment_status":"open","ping_status":"closed","sticky":false,"template":"","format":"standard","meta":{"_mi_skip_tracking":false,"_monsterinsights_sitenote_active":false,"_monsterinsights_sitenote_note":"","_monsterinsights_sitenote_category":0,"footnotes":""},"categories":[57],"tags":[],"_links":{"self":[{"href":"https:\/\/blog.cancaonova.com\/felipeaquino\/wp-json\/wp\/v2\/posts\/1871"}],"collection":[{"href":"https:\/\/blog.cancaonova.com\/felipeaquino\/wp-json\/wp\/v2\/posts"}],"about":[{"href":"https:\/\/blog.cancaonova.com\/felipeaquino\/wp-json\/wp\/v2\/types\/post"}],"author":[{"embeddable":true,"href":"https:\/\/blog.cancaonova.com\/felipeaquino\/wp-json\/wp\/v2\/users\/29"}],"replies":[{"embeddable":true,"href":"https:\/\/blog.cancaonova.com\/felipeaquino\/wp-json\/wp\/v2\/comments?post=1871"}],"version-history":[{"count":2,"href":"https:\/\/blog.cancaonova.com\/felipeaquino\/wp-json\/wp\/v2\/posts\/1871\/revisions"}],"predecessor-version":[{"id":15698,"href":"https:\/\/blog.cancaonova.com\/felipeaquino\/wp-json\/wp\/v2\/posts\/1871\/revisions\/15698"}],"wp:attachment":[{"href":"https:\/\/blog.cancaonova.com\/felipeaquino\/wp-json\/wp\/v2\/media?parent=1871"}],"wp:term":[{"taxonomy":"category","embeddable":true,"href":"https:\/\/blog.cancaonova.com\/felipeaquino\/wp-json\/wp\/v2\/categories?post=1871"},{"taxonomy":"post_tag","embeddable":true,"href":"https:\/\/blog.cancaonova.com\/felipeaquino\/wp-json\/wp\/v2\/tags?post=1871"}],"curies":[{"name":"wp","href":"https:\/\/api.w.org\/{rel}","templated":true}]}}