{"id":18847,"date":"2018-05-08T11:31:03","date_gmt":"2018-05-08T14:31:03","guid":{"rendered":"http:\/\/blog.cancaonova.com\/felipeaquino\/?p=18847"},"modified":"2018-05-08T11:31:03","modified_gmt":"2018-05-08T14:31:03","slug":"como-os-leigos-podem-ajudar-na-construcao-do-reino-de-deus","status":"publish","type":"post","link":"https:\/\/blog.cancaonova.com\/felipeaquino\/2018\/05\/08\/como-os-leigos-podem-ajudar-na-construcao-do-reino-de-deus\/","title":{"rendered":"Como os leigos podem ajudar na constru\u00e7\u00e3o do Reino de Deus?"},"content":{"rendered":"<p><em><strong><a href=\"http:\/\/blog.cancaonova.com\/felipeaquino\/files\/2018\/05\/familiacruz.jpg\"><img loading=\"lazy\" decoding=\"async\" class=\"size-medium wp-image-18848 alignleft\" src=\"http:\/\/blog.cancaonova.com\/felipeaquino\/files\/2018\/05\/familiacruz-300x300.jpg\" alt=\"\" width=\"300\" height=\"300\" srcset=\"https:\/\/blog.cancaonova.com\/felipeaquino\/files\/2018\/05\/familiacruz-300x300.jpg 300w, https:\/\/blog.cancaonova.com\/felipeaquino\/files\/2018\/05\/familiacruz-150x150.jpg 150w, https:\/\/blog.cancaonova.com\/felipeaquino\/files\/2018\/05\/familiacruz.jpg 500w\" sizes=\"(max-width: 300px) 100vw, 300px\" \/><\/a>Os leigos s\u00e3o todos os crist\u00e3os, exceto os membros das Sagradas Ordens ou do estado religioso; os que foram incorporados a Cristo pelo Batismo, que formam o Povo de Deus, e que participam da fun\u00e7\u00e3o sacerdotal, prof\u00e9tica e r\u00e9gia de Cristo.<\/strong><\/em><\/p>\n<p>Os leigos est\u00e3o na linha mais avan\u00e7ada da vida da Igreja, no mundo secular e precisam ter uma consci\u00eancia clara, n\u00e3o somente de pertencerem \u00e0 Igreja, mas de \u201cserem\u201d Igreja.<!--more--><\/p>\n<p>O leigo tem como voca\u00e7\u00e3o pr\u00f3pria, estabelecer o Reino de Deus exercendo fun\u00e7\u00f5es no mundo, no trabalho, na cultura, na pol\u00edtica, etc., ordenando-as segundo o Plano e a vontade de Deus. Cristo os chama a ser \u201csal da terra e luz do mundo\u201d. O leigo chega aonde o sacerdote n\u00e3o chega. Ele deve levar a luz de Cristo aos ambientes de trevas, de pecado, de injusti\u00e7a, de viol\u00eancia, etc.. Assim, no mundo do trabalho, levando tudo a Deus, o leigo contribui para o louvor do Criador, se santifica e santifica o trabalho. Ele constr\u00f3i o mundo pelo labor, e assim coloca na obra de Deus a sua assinatura. Torna-se co-criador com Deus.<\/p>\n<p><a href=\"https:\/\/loja.cleofas.com.br\/a-alma-de-todo-apostolado\" target=\"_blank\" rel=\"noopener noreferrer\"><img loading=\"lazy\" decoding=\"async\" class=\" wp-image-62856 alignright\" src=\"http:\/\/cleofas.com.br\/wp-content\/uploads\/2015\/10\/alma_apostolado.png\" alt=\"\" width=\"190\" height=\"190\"\/><\/a>O Conc\u00edlio Vaticano II resgatou a atividade do leigo na Igreja: \u201cOs leigos que forem capazes e que se formarem para isto podem tamb\u00e9m dar sua colabora\u00e7\u00e3o na forma\u00e7\u00e3o catequ\u00e9tica, no ensino das ci\u00eancias sagradas e atuar nos meios de comunica\u00e7\u00e3o social\u201d (CIC, \u00a7906).<\/p>\n<p>Antes do Vaticano II o leigo n\u00e3o era um pregador; hoje \u00e9 comum um leigo estar pregando em Encontros, r\u00e1dios, televis\u00f5es, retiros, catequese, etc..<\/p>\n<p>Todos os leigos s\u00e3o encarregados por Deus do apostolado em virtude do Batismo e da Confirma\u00e7\u00e3o. Diz o Catecismo que \u201celes t\u00eam a obriga\u00e7\u00e3o e gozam do direito, individualmente ou agrupados em associa\u00e7\u00f5es, de trabalhar para que a mensagem divina da salva\u00e7\u00e3o seja conhecida e recebida por todos os homens e por toda a terra&#8230; Nas comunidades eclesiais, a a\u00e7\u00e3o deles \u00e9 t\u00e3o necess\u00e1ria que sem ela o apostolado dos pastores n\u00e3o pode, o mais das vezes, obter seu pleno efeito\u201d (CIC, \u00a7900).<\/p>\n<p>\u201cOs leigos podem tamb\u00e9m sentir-se chamados ou vir a ser chamados para colaborar com os pr\u00f3prios pastores no servi\u00e7o da Igreja, exercendo minist\u00e9rios bem diversificados, segundo a gra\u00e7a e os carismas que o Senhor quiser depositar neles.&#8221; (CIC, \u00a7. 910)<\/p>\n<p>Os leigos podem cooperar juridicamente no exerc\u00edcio do poder de governo da Igreja, participando nos conc\u00edlios particulares, nos s\u00ednodos diocesanos nos conselhos pastorais; do exerc\u00edcio do encargo pastoral de uma par\u00f3quia; da colabora\u00e7\u00e3o nos conselhos de assuntos econ\u00f4micos; da participa\u00e7\u00e3o nos tribunais eclesi\u00e1sticos etc. (CIC, \u00a7911)<\/p>\n<p><strong>Leia tamb\u00e9m:&nbsp;<\/strong><a href=\"http:\/\/cleofas.com.br\/a-vocacao-dos-leigos\/\" target=\"_blank\" rel=\"noopener noreferrer\">A voca\u00e7\u00e3o dos leigos<\/a><\/p>\n<p><a href=\"http:\/\/cleofas.com.br\/leigosas-discipulosas-missionariosas\/\" target=\"_blank\" rel=\"noopener noreferrer\">Leigos(as): Disc\u00edpulos(as) Mission\u00e1rios(as)<\/a><\/p>\n<p><a href=\"http:\/\/cleofas.com.br\/um-leigo-pode-ler-o-evangelho-na-missa\/\" target=\"_blank\" rel=\"noopener noreferrer\">Um leigo pode ler o Evangelho na Missa?<\/a><\/p>\n<p><a href=\"http:\/\/cleofas.com.br\/e-preciso-trabalhar-pelo-reino-de-deus\/\" target=\"_blank\" rel=\"noopener noreferrer\">\u00c9 preciso trabalhar pelo Reino de Deus<\/a><\/p>\n<p><strong>&nbsp;O C\u00f3digo de Direito Can\u00f4nico d\u00e1 ao leigo o direito e o dever de dar a sua opini\u00e3o aos pastores:<\/strong><\/p>\n<p>&#8220;De acordo com a ci\u00eancia, a compet\u00eancia e o prest\u00edgio de que gozam, t\u00eam o direito e, \u00e0s vezes, at\u00e9 o dever de manifestar aos pastores sagrados a pr\u00f3pria opini\u00e3o sobre o que afeta o bem da Igreja e, ressalvando a integridade da f\u00e9 e dos costumes e a rever\u00eancia para com os pastores, e levando em conta a utilidade comum e a dignidade das pessoas, deem a conhecer essa sua opini\u00e3o tamb\u00e9m aos outros fi\u00e9is. (CIC, \u00a7907; C\u00e2non 212,3).<\/p>\n<p>Assim, os leigos devem se manifestar aos outros e aos pastores, quando observa que algo errado se passa na Igreja: ensinamentos discordantes com o Magist\u00e9rio da Igreja, conduta incorreta de pessoas do clero, etc.<\/p>\n<p>Os leigos devem impregnar as realidades sociais, pol\u00edticas, econ\u00f4micas, com as exig\u00eancias da doutrina crist\u00e3. Os papas t\u00eam chamado os leigos a atuar especialmente na pol\u00edtica, que \u00e9 boa, a arte do bem comum. O que n\u00e3o presta \u00e9 a politicagem e o politiqueiro.<\/p>\n<p>O Papa Francisco disse que \u201ca pol\u00edtica anda suja\u201d porque os crist\u00e3os se afastaram dela e n\u00e3o a impregnaram com o Evangelho. E pede que dela participem. Muitos crist\u00e3os leigos pecam por omiss\u00e3o pol\u00edtica. Quantos crist\u00e3os d\u00e3o seu voto a pessoas que n\u00e3o s\u00e3o id\u00f4neas, que n\u00e3o comungam com os valores crist\u00e3os! Muitos leigos ainda \u201cvendem\u201d o seu voto e a sua consci\u00eancia, por um favor recebido.<\/p>\n<p><a href=\"https:\/\/loja.cleofas.com.br\/o-que-e-a-doutrina-social-da-igreja\" target=\"_blank\" rel=\"noopener noreferrer\"><img loading=\"lazy\" decoding=\"async\" class=\" wp-image-62791 alignright\" src=\"http:\/\/cleofas.com.br\/wp-content\/uploads\/2014\/08\/o_que_e_doutrina_social_da_igreja.png\" alt=\"\" width=\"190\" height=\"190\"\/><\/a>Jo\u00e3o Paulo II, na \u201cChristifidelis laici\u201d, disse que \u201cos fi\u00e9is leigos n\u00e3o podem absolutamente abdicar da participa\u00e7\u00e3o na \u201cpol\u00edtica\u201d, destinada a promover o bem comum&#8230;\u201d (n.42).<\/p>\n<p>O Papa Bento XVI pediu: &#8220;Reitero a necessidade e urg\u00eancia de forma\u00e7\u00e3o evang\u00e9lica e acompanhamento pastoral de uma nova gera\u00e7\u00e3o de cat\u00f3licos envolvidos na pol\u00edtica, que sejam coerentes com a f\u00e9 professada&#8230; e paix\u00e3o pelo servi\u00e7o ao bem comum.&#8221;(Discurso ao CPL, Vaticano, 15 de novembro de 2008).<\/p>\n<p>Mas, para que o leigo realize esta miss\u00e3o t\u00e3o importante na Igreja, ele tem de ser bem formado em sua f\u00e9, conhecendo bem a doutrina ensinada pelo Magist\u00e9rio da Igreja, especialmente o Catecismo, e ter uma vida espiritual sadia, com participa\u00e7\u00e3o nos sacramentos, medita\u00e7\u00e3o da Palavra de Deus, vida de ora\u00e7\u00e3o, medita\u00e7\u00e3o, participa\u00e7\u00e3o na pastoral, penit\u00eancia e caridade. Enfim, buscar uma vida de santidade.<\/p>\n<p><strong>Prof. Felipe Aquino<\/strong><\/p>\n<!-- AddThis Advanced Settings generic via filter on the_content --><!-- AddThis Share Buttons generic via filter on the_content -->","protected":false},"excerpt":{"rendered":"<p>Os leigos s\u00e3o todos os crist\u00e3os, exceto os membros das Sagradas Ordens ou do estado religioso; os que foram incorporados a Cristo pelo Batismo, que formam o Povo de Deus, e que participam da fun\u00e7\u00e3o sacerdotal, prof\u00e9tica e r\u00e9gia de&#8230;<!-- AddThis Advanced Settings generic via filter on get_the_excerpt --><!-- AddThis Share Buttons generic via filter on get_the_excerpt --><\/p>\n","protected":false},"author":29,"featured_media":0,"comment_status":"open","ping_status":"open","sticky":false,"template":"","format":"standard","meta":{"_mi_skip_tracking":false,"_monsterinsights_sitenote_active":false,"_monsterinsights_sitenote_note":"","_monsterinsights_sitenote_category":0,"footnotes":""},"categories":[4],"tags":[16060,17222,16058,17806,191405],"_links":{"self":[{"href":"https:\/\/blog.cancaonova.com\/felipeaquino\/wp-json\/wp\/v2\/posts\/18847"}],"collection":[{"href":"https:\/\/blog.cancaonova.com\/felipeaquino\/wp-json\/wp\/v2\/posts"}],"about":[{"href":"https:\/\/blog.cancaonova.com\/felipeaquino\/wp-json\/wp\/v2\/types\/post"}],"author":[{"embeddable":true,"href":"https:\/\/blog.cancaonova.com\/felipeaquino\/wp-json\/wp\/v2\/users\/29"}],"replies":[{"embeddable":true,"href":"https:\/\/blog.cancaonova.com\/felipeaquino\/wp-json\/wp\/v2\/comments?post=18847"}],"version-history":[{"count":1,"href":"https:\/\/blog.cancaonova.com\/felipeaquino\/wp-json\/wp\/v2\/posts\/18847\/revisions"}],"predecessor-version":[{"id":18849,"href":"https:\/\/blog.cancaonova.com\/felipeaquino\/wp-json\/wp\/v2\/posts\/18847\/revisions\/18849"}],"wp:attachment":[{"href":"https:\/\/blog.cancaonova.com\/felipeaquino\/wp-json\/wp\/v2\/media?parent=18847"}],"wp:term":[{"taxonomy":"category","embeddable":true,"href":"https:\/\/blog.cancaonova.com\/felipeaquino\/wp-json\/wp\/v2\/categories?post=18847"},{"taxonomy":"post_tag","embeddable":true,"href":"https:\/\/blog.cancaonova.com\/felipeaquino\/wp-json\/wp\/v2\/tags?post=18847"}],"curies":[{"name":"wp","href":"https:\/\/api.w.org\/{rel}","templated":true}]}}