{"id":18906,"date":"2018-06-04T09:46:55","date_gmt":"2018-06-04T12:46:55","guid":{"rendered":"http:\/\/blog.cancaonova.com\/felipeaquino\/?p=18906"},"modified":"2019-06-05T11:25:16","modified_gmt":"2019-06-05T14:25:16","slug":"qual-a-origem-da-devocao-ao-sagrado-coracao-de-jesus","status":"publish","type":"post","link":"https:\/\/blog.cancaonova.com\/felipeaquino\/2018\/06\/04\/qual-a-origem-da-devocao-ao-sagrado-coracao-de-jesus\/","title":{"rendered":"Qual a origem da devo\u00e7\u00e3o ao Sagrado Cora\u00e7\u00e3o de Jesus?"},"content":{"rendered":"<p>A devo\u00e7\u00e3o ao Sagrado Cora\u00e7\u00e3o de Jesus \u00e9 muito antiga; os padres da Igreja j\u00e1 falavam dela, pois tudo brota daquele Cora\u00e7\u00e3o \u201cmanso e humilde\u201d que por n\u00f3s foi transpassado pela lan\u00e7a do soldado Longuinho, na Cruz do Calv\u00e1rio. Dele saiu sangue e \u00e1gua, s\u00edmbolos do Batismo e da Eucaristia, e tamb\u00e9m da Igreja, Esposa de Cristo, que nasce do lado aberto do novo Ad\u00e3o, como Eva nasceu do lado aberto do primeiro.<\/p>\n<p><a href=\"http:\/\/blog.cancaonova.com\/felipeaquino\/files\/2018\/06\/1600X1200-Junho-m\u00eas-dedicado-ao-Sagrado-Cora\u00e7\u00e3o-de-Jesus.jpg\"><img loading=\"lazy\" decoding=\"async\" class=\"alignnone size-medium wp-image-19784\" src=\"http:\/\/blog.cancaonova.com\/felipeaquino\/files\/2018\/06\/1600X1200-Junho-m\u00eas-dedicado-ao-Sagrado-Cora\u00e7\u00e3o-de-Jesus-300x225.jpg\" alt=\"\" width=\"300\" height=\"225\" srcset=\"https:\/\/blog.cancaonova.com\/felipeaquino\/files\/2018\/06\/1600X1200-Junho-m\u00eas-dedicado-ao-Sagrado-Cora\u00e7\u00e3o-de-Jesus-300x225.jpg 300w, https:\/\/blog.cancaonova.com\/felipeaquino\/files\/2018\/06\/1600X1200-Junho-m\u00eas-dedicado-ao-Sagrado-Cora\u00e7\u00e3o-de-Jesus-768x576.jpg 768w, https:\/\/blog.cancaonova.com\/felipeaquino\/files\/2018\/06\/1600X1200-Junho-m\u00eas-dedicado-ao-Sagrado-Cora\u00e7\u00e3o-de-Jesus.jpg 1600w\" sizes=\"(max-width: 300px) 100vw, 300px\" \/><\/a><\/p>\n<h2>Santa Margarida Maria Alacoque<\/h2>\n<p>Ap\u00f3s uma fase de eclipse, esta devo\u00e7\u00e3o ganhou novo impulso ap\u00f3s as vis\u00f5es de Santa Margarida Maria Alacoque (1647-1690), difundidas por seu confessor S\u00e3o Claude de la Colombi\u00e8re (1673-1675).<\/p>\n<p>Era uma \u00e9poca dif\u00edcil, onde havia uma heresia chamada Jansenismo, de Jansen, que pregava um cristianismo triste, onde poucos se salvavam, onde se disseminava um medo de receber Jesus eucar\u00edstico etc.<!--more--><\/p>\n<p><a href=\"https:\/\/loja.cleofas.com.br\/voce-conhece-o-poder-do-sangue-de-cristo\" target=\"_blank\" rel=\"noopener noreferrer\"><img loading=\"lazy\" decoding=\"async\" class=\" wp-image-71613 alignright\" src=\"http:\/\/cleofas.com.br\/wp-content\/uploads\/2017\/06\/voce_conhece_poder_do_sangue.png\" alt=\"\" width=\"190\" height=\"190\"\/><\/a>Para eliminar essa tristeza, Jesus mostrou seu Cora\u00e7\u00e3o humano e misericordioso a Santa Margarida, como t\u00e1bua de salva\u00e7\u00e3o para todos os pecadores que nele confiassem.<\/p>\n<p>Santa Margarida Maria Alacoque foi uma freira que nunca transp\u00f4s os muros do seu convento das visitandinas de Paray-le-Monial da Ordem da Visita\u00e7\u00e3o de Santa Maria, institui\u00e7\u00e3o religiosa fundada por S\u00e3o Francisco de Sales (1567-1622) e Santa Joana de Chantal (1572-1641), morrendo antes de completar 45 anos, em 17 de outubro de 1690, sendo canonizada em 1920, pelo Papa Bento XV.<\/p>\n<p><strong>Leia tamb\u00e9m:<\/strong><br \/>\n::&nbsp;<strong>&nbsp;<\/strong><a href=\"http:\/\/cleofas.com.br\/o-coracao-de-jesus\/\" target=\"_blank\" rel=\"noopener noreferrer\">O Cora\u00e7\u00e3o de Jesus<\/a><br \/>\n::&nbsp;<a href=\"http:\/\/cleofas.com.br\/promessas-ligadas-ao-culto-da-imagem-do-sagrado-coracao\/\" target=\"_blank\" rel=\"noopener noreferrer\">Promessas ligadas ao culto da imagem do Sagrado Cora\u00e7\u00e3o<\/a><br \/>\n::&nbsp;&nbsp;<a href=\"http:\/\/cleofas.com.br\/meditando-sobre-o-sagrado-coracao-de-jesus\/\" target=\"_blank\" rel=\"noopener noreferrer\">Meditando sobre o Sagrado Cora\u00e7\u00e3o de Jesus<br \/>\n<\/a>::&nbsp;&nbsp;<a href=\"http:\/\/cleofas.com.br\/coroinha-ao-sagrado-coracao-de-jesus\/\" target=\"_blank\" rel=\"noopener noreferrer\">Coroinha ao Sagrado Cora\u00e7\u00e3o de Jesus<\/a><\/p>\n<h3>&nbsp;Festa do Sagrado Cora\u00e7\u00e3o de Jesus&nbsp;<\/h3>\n<p>Recolhida em profunda ora\u00e7\u00e3o, pela porta do tabern\u00e1culo saiu uma esp\u00e9cie de vapor que foi se transformando na figura de homem que se encaminhou at\u00e9 ela e, ali, na sua presen\u00e7a, abriu a t\u00fanica que lhe cobria o peito, mostrando-lhe o cora\u00e7\u00e3o em chamas inextingu\u00edvel e lhe disse:<\/p>\n<p>\u201cEis aqui o cora\u00e7\u00e3o que tanto amou os homens e pelos quais foi t\u00e3o mal correspondido! Pelo menos tu, filha minha, chora pelos que me ofendem, geme pelos que n\u00e3o querem orar, imola-te pelos que renegam e blasfemam contra o meu santo nome. Prometo-te, na grandeza do meu amor, que aben\u00e7oarei os lares que neles me hospedem, que os que comungarem durante nove primeiras sextas-feiras seguidas n\u00e3o morrer\u00e3o sem receber os sacramentos da penit\u00eancia e da Eucaristia.\u201d<\/p>\n<p>Depois de 150 anos de enormes dificuldades impostas, especialmente pelos jansenistas, e o terror da Revolu\u00e7\u00e3o Francesa, em 1856, Pio IX instituiu a festa lit\u00fargica do Sagrado Cora\u00e7\u00e3o de Jesus, propondo, segundo a recomenda\u00e7\u00e3o dos santos, a consagra\u00e7\u00e3o do mundo ao Cora\u00e7\u00e3o de Jesus. Duzentos anos depois que Santa Margarida pediu ao Rei Lu\u00eds XIV a consagra\u00e7\u00e3o da Fran\u00e7a ao Cora\u00e7\u00e3o de Jesus, o grande presidente do Equador, Gabriel Garcia Moreno, consagrou seu pa\u00eds, em 1873, ao Cora\u00e7\u00e3o de Jesus.<\/p>\n<p>V\u00e1rios Papas incentivaram essa devo\u00e7\u00e3o por meio de enc\u00edclicas. Atualmente, a festa do Sagrado Cora\u00e7\u00e3o \u00e9 celebrada na sexta-feira ap\u00f3s a festa de Corpus Cristi. Le\u00e3o XIII, na \u201cAnnum Sacrum\u201d (1899), deixou-nos a ora\u00e7\u00e3o para consagra\u00e7\u00e3o ao Sagrado Cora\u00e7\u00e3o. Pio XI, na \u201cMiserentissimus Redemptor\u201d (1928); Pio XII na \u201cHaurietis aquas\u201d (1956); Jo\u00e3o Paulo II na \u201cRedemptor Hominis\u201d (1979) e Bento XVI em carta ao Pe. Kolvenbach Geral da Comapanhia de Jesus, falaram da import\u00e2ncia dessa devo\u00e7\u00e3o. Em 1872, Pio IX concedeu indulg\u00eancias especiais aos que portassem o escapul\u00e1rio com a imagem do Sagrado Cora\u00e7\u00e3o.<\/p>\n<p><a href=\"https:\/\/loja.cleofas.com.br\/adesivo-sagrado-coracao-de-jesus\" target=\"_blank\" rel=\"noopener noreferrer\"><img loading=\"lazy\" decoding=\"async\" class=\" wp-image-63226 alignright\" src=\"http:\/\/cleofas.com.br\/wp-content\/uploads\/2015\/10\/adesivo_sagrado_jesus.png\" alt=\"\" width=\"190\" height=\"190\"\/><\/a>A piedade ligada ao Cora\u00e7\u00e3o de Jesus est\u00e1 em uni\u00e3o com a devo\u00e7\u00e3o ao Imaculado Cora\u00e7\u00e3o de Maria. Muitos santos recomendaram essa devo\u00e7\u00e3o: S\u00e3o Jo\u00e3o Eudes, Santa Margarida Maria Alacoque, S\u00e3o Lu\u00eds Grignion de Montfort, Santa Catarina Labour\u00e9 e S\u00e3o Maximiliano Kolbe.<\/p>\n<h3><strong>Numerosas foram as promessas do Sagrado Cora\u00e7\u00e3o de Jesus, sendo as mais admir\u00e1veis as seguintes:<\/strong><\/h3>\n<p><strong>1.<\/strong> Eu lhes darei todas as gra\u00e7as necess\u00e1rias ao seu estado de vida;<\/p>\n<p><strong>2.<\/strong> Eu farei reinar a paz em suas fam\u00edlias;<\/p>\n<p><strong>3.<\/strong> Eu os consolarei em todas as suas afli\u00e7\u00f5es;<\/p>\n<p><strong>4.<\/strong> Serei seu ref\u00fagio seguro durante a vida, sobretudo na morte;<\/p>\n<p><strong>5. <\/strong>Derramarei muit\u00edssimas b\u00ean\u00e7\u00e3os sobre todas as suas empresas;<\/p>\n<p><strong>6.<\/strong> Os pecadores encontr\u00e3o em meu Cora\u00e7\u00e3o a fonte e o mar infinito da miseric\u00f3rdia;<\/p>\n<p><strong>7.<\/strong> As almas t\u00edbias se tornar\u00e3o fervorosas;<\/p>\n<p><strong><a href=\"https:\/\/loja.cleofas.com.br\/imagem-sagrado-coracao-de-jesus\" target=\"_blank\" rel=\"noopener noreferrer\"><img loading=\"lazy\" decoding=\"async\" class=\" wp-image-71658 alignright\" src=\"http:\/\/cleofas.com.br\/wp-content\/uploads\/2017\/06\/sagrado-coracao-tradicional.png\" alt=\"\" width=\"190\" height=\"190\"\/><\/a>8.<\/strong> As almas fervorosas elevar-se-\u00e3o rapidamente a grande perfei\u00e7\u00e3o;<\/p>\n<p><strong>9.<\/strong> Aben\u00e7oarei Eu mesmo as casas onde a imagem do meu Cora\u00e7\u00e3o estiver exposta e venerada;<\/p>\n<p><strong>10.<\/strong> Darei aos sacerdotes o dom de abrandar os cora\u00e7\u00f5es mais endurecidos;<\/p>\n<p><strong>11.<\/strong> As pessoas que propagarem essa devo\u00e7\u00e3o ter\u00e3o os seus nomes escritos no meu Cora\u00e7\u00e3o e dele nunca ser\u00e3o apagados.<\/p>\n<p><strong>12.<\/strong> No excesso da miseric\u00f3rdia do meu amor Todo-poderoso, darei a gra\u00e7a da perseveran\u00e7a final aos que comungarem na primeira sexta feira de nove meses seguidos.<\/p>\n<p>&nbsp;<\/p>\n<!-- AddThis Advanced Settings generic via filter on the_content --><!-- AddThis Share Buttons generic via filter on the_content -->","protected":false},"excerpt":{"rendered":"<p>A devo\u00e7\u00e3o ao Sagrado Cora\u00e7\u00e3o de Jesus \u00e9 muito antiga; os padres da Igreja j\u00e1 falavam dela, pois tudo brota daquele Cora\u00e7\u00e3o \u201cmanso e humilde\u201d que por n\u00f3s foi transpassado pela lan\u00e7a do soldado Longuinho, na Cruz do Calv\u00e1rio. Dele&#8230;<!-- AddThis Advanced Settings generic via filter on get_the_excerpt --><!-- AddThis Share Buttons generic via filter on get_the_excerpt --><\/p>\n","protected":false},"author":29,"featured_media":19784,"comment_status":"open","ping_status":"open","sticky":false,"template":"","format":"standard","meta":{"_mi_skip_tracking":false,"_monsterinsights_sitenote_active":false,"_monsterinsights_sitenote_note":"","_monsterinsights_sitenote_category":0,"footnotes":""},"categories":[221],"tags":[16060,28590,123849,8631,179365,27268,21360],"_links":{"self":[{"href":"https:\/\/blog.cancaonova.com\/felipeaquino\/wp-json\/wp\/v2\/posts\/18906"}],"collection":[{"href":"https:\/\/blog.cancaonova.com\/felipeaquino\/wp-json\/wp\/v2\/posts"}],"about":[{"href":"https:\/\/blog.cancaonova.com\/felipeaquino\/wp-json\/wp\/v2\/types\/post"}],"author":[{"embeddable":true,"href":"https:\/\/blog.cancaonova.com\/felipeaquino\/wp-json\/wp\/v2\/users\/29"}],"replies":[{"embeddable":true,"href":"https:\/\/blog.cancaonova.com\/felipeaquino\/wp-json\/wp\/v2\/comments?post=18906"}],"version-history":[{"count":7,"href":"https:\/\/blog.cancaonova.com\/felipeaquino\/wp-json\/wp\/v2\/posts\/18906\/revisions"}],"predecessor-version":[{"id":19785,"href":"https:\/\/blog.cancaonova.com\/felipeaquino\/wp-json\/wp\/v2\/posts\/18906\/revisions\/19785"}],"wp:featuredmedia":[{"embeddable":true,"href":"https:\/\/blog.cancaonova.com\/felipeaquino\/wp-json\/wp\/v2\/media\/19784"}],"wp:attachment":[{"href":"https:\/\/blog.cancaonova.com\/felipeaquino\/wp-json\/wp\/v2\/media?parent=18906"}],"wp:term":[{"taxonomy":"category","embeddable":true,"href":"https:\/\/blog.cancaonova.com\/felipeaquino\/wp-json\/wp\/v2\/categories?post=18906"},{"taxonomy":"post_tag","embeddable":true,"href":"https:\/\/blog.cancaonova.com\/felipeaquino\/wp-json\/wp\/v2\/tags?post=18906"}],"curies":[{"name":"wp","href":"https:\/\/api.w.org\/{rel}","templated":true}]}}