{"id":19035,"date":"2018-08-07T10:45:48","date_gmt":"2018-08-07T13:45:48","guid":{"rendered":"http:\/\/blog.cancaonova.com\/felipeaquino\/?p=19035"},"modified":"2018-08-07T10:45:48","modified_gmt":"2018-08-07T13:45:48","slug":"por-que-o-papa-francisco-alterou-o-catecismo-sobre-pena-de-morte","status":"publish","type":"post","link":"https:\/\/blog.cancaonova.com\/felipeaquino\/2018\/08\/07\/por-que-o-papa-francisco-alterou-o-catecismo-sobre-pena-de-morte\/","title":{"rendered":"Por que o Papa Francisco alterou o Catecismo sobre Pena de Morte?"},"content":{"rendered":"<p><em><strong><a href=\"http:\/\/blog.cancaonova.com\/felipeaquino\/files\/2018\/08\/pena-de-morte-pixabay-768x560.jpg\"><img loading=\"lazy\" decoding=\"async\" class=\"size-medium wp-image-19036 alignleft\" src=\"http:\/\/blog.cancaonova.com\/felipeaquino\/files\/2018\/08\/pena-de-morte-pixabay-768x560-300x219.jpg\" alt=\"\" width=\"300\" height=\"219\" srcset=\"https:\/\/blog.cancaonova.com\/felipeaquino\/files\/2018\/08\/pena-de-morte-pixabay-768x560-300x219.jpg 300w, https:\/\/blog.cancaonova.com\/felipeaquino\/files\/2018\/08\/pena-de-morte-pixabay-768x560.jpg 768w\" sizes=\"(max-width: 300px) 100vw, 300px\" \/><\/a>No dia 11 de maio de 2018, o Papa Francisco, em audi\u00eancia com o Prefeito da Congrega\u00e7\u00e3o para a Doutrina da F\u00e9, Cardeal Lu\u00eds Ladaria, aprovou a nova reda\u00e7\u00e3o do Catecismo da Igreja Cat\u00f3lica (n. 2267), que elimina a pena de morte em todos os casos.<\/strong><\/em><\/p>\n<p>S\u00f3 o Papa tem autoridade para modificar o Catecismo, como tamb\u00e9m os demais instrumentos da Igreja que dirigem a nossa f\u00e9. Por exemplo, s\u00f3 ele pode alterar o c\u00f3digo de Direito Can\u00f4nico da Igreja, como fez o Papa S\u00e3o Jo\u00e3o Paulo II em 1983. O Conc\u00edlio Vaticano II reafirmou na Lumen Gentium que \u201co Romano Pont\u00edfice, em virtude de seu cargo de Vig\u00e1rio de Cristo e de Pastor de toda a Igreja, tem poder pleno, supremo e universal sobre a Igreja, e pode sempre exerc\u00ea-lo livremente\u201d (n.22).<!--more--><\/p>\n<p>Na pr\u00e1tica, a Igreja sempre foi contra a pena de morte em todos os casos; tanto assim que h\u00e1 muitos anos \u2013 lembro-me disso desde minha inf\u00e2ncia \u2013 quando algum criminoso era condenado \u00e0 morte nos EUA, os papas sempre pediram ao presidente dos EUA que cancelassem a morte do prisioneiro. Mas este apelo quase sempre n\u00e3o surtia efeito.<\/p>\n<p>O quinto mandamento da Lei de Deus diz \u201cN\u00e3o matar\u201d. Mas, o Catecismo da Igreja diz que \u201ca leg\u00edtima defesa pode ser n\u00e3o somente um direito como um dever, para aquele que \u00e9 respons\u00e1vel pela vida dos outros\u201d (n.2265).<\/p>\n<p><strong>Leia tamb\u00e9m:<\/strong>&nbsp;<a href=\"http:\/\/cleofas.com.br\/assim-mudou-o-catecismo-sobre-pena-de-morte-a-pedido-do-papa-francisco\/\" target=\"_blank\" rel=\"noopener\">Assim mudou o Catecismo sobre pena de morte a pedido do Papa Francisco<\/a><\/p>\n<p><a href=\"http:\/\/cleofas.com.br\/papa-modifica-paragrafo-do-catecismo-sobre-a-pena-de-morte-e-a-declara-inadmissivel\/\" target=\"_blank\" rel=\"noopener\">Papa modifica par\u00e1grafo do Catecismo sobre a pena de morte e a declara inadmiss\u00edvel<\/a><\/p>\n<p><a href=\"http:\/\/cleofas.com.br\/a-infalibilidade-da-igreja-e-do-papa\/\" target=\"_blank\" rel=\"noopener\">A Infalibilidade da Igreja e do Papa<\/a><\/p>\n<p><a href=\"http:\/\/cleofas.com.br\/a-riqueza-do-catecismo-da-igreja\/\" target=\"_blank\" rel=\"noopener\">A Riqueza do Catecismo da Igreja<\/a><\/p>\n<p>O par\u00e1grafo n. 2267 do Catecismo dizia que: \u201cO ensino tradicional da Igreja n\u00e3o exclui, depois de com provadas cabalmente a identidade e a responsabilidade de culpado, o recurso \u00e0 pena de morte, se essa for a \u00fanica via pratic\u00e1vel para defender eficazmente a vida humana contra o agressor injusto. Se os meios incruentos bastarem para defender as vidas humanas contra o agressor e para proteger a ordem p\u00fablica e a seguran\u00e7a das pessoas, a autoridade se limitar\u00e1 a esses meios, porque correspondem melhor \u00e0s condi\u00e7\u00f5es concretas do bem comum e est\u00e3o mais conformes \u00e0 dignidade da pessoa humana\u201d.<\/p>\n<p>A decis\u00e3o papal sobre a quest\u00e3o da pena de morte, foi publicada nestes termos:<\/p>\n<p>\u201cDurante muito tempo, o recurso \u00e0 pena de morte, por parte da leg\u00edtima autoridade, era considerada, depois de um processo regular, como uma resposta adequada \u00e0 gravidade de alguns delitos e um meio aceit\u00e1vel, ainda que extremo, para a tutela do bem comum\u201d.<\/p>\n<p>No entanto, hoje, torna-se cada vez mais viva a consci\u00eancia de que a dignidade da pessoa n\u00e3o fica privada, apesar de cometer crimes grav\u00edssimos. Al\u00e9m do mais, difunde-se uma nova compreens\u00e3o do sentido das san\u00e7\u00f5es penais por parte do Estado. Enfim, foram desenvolvidos sistemas de deten\u00e7\u00e3o mais eficazes, que garantem a indispens\u00e1vel defesa dos cidad\u00e3os, sem tirar, ao mesmo tempo e definitivamente, a possibilidade do r\u00e9u de se redimir.<\/p>\n<p>Por isso, a Igreja ensina, no Novo Catecismo, \u00e0 luz do Evangelho, que \u201ca pena de morte \u00e9 inadmiss\u00edvel, porque atenta contra a inviolabilidade e dignidade da pessoa, e se compromete, com determina\u00e7\u00e3o, em prol da sua aboli\u00e7\u00e3o no mundo inteiro\u201d.<\/p>\n<p>O que a Congrega\u00e7\u00e3o da Doutrina da F\u00e9 e o Papa Francisco entendem \u00e9 que hoje \u201cforam desenvolvidos sistemas de deten\u00e7\u00e3o mais eficazes\u201d, que impedem o agressor de matar as pessoas. Note que o texto anterior destaca: \u201cse essa for a \u00fanica via pratic\u00e1vel para defender eficazmente a vida humana contra o agressor injusto\u201d. Havendo hoje, portanto, meios eficazes de impedir que um agressor fa\u00e7a mal \u00e0 sociedade, ent\u00e3o, n\u00e3o h\u00e1 justificativa para mata-lo.<\/p>\n<p><a href=\"https:\/\/loja.cleofas.com.br\/os-dogmas-da-fe-a-doutrina-catolica\" target=\"_blank\" rel=\"noopener\"><img loading=\"lazy\" decoding=\"async\" class=\" wp-image-63393 alignright\" src=\"http:\/\/cleofas.com.br\/wp-content\/uploads\/2016\/10\/os_dogmas_da_fe-300x300.png\" alt=\"\" width=\"190\" height=\"190\"\/><\/a>O Catecismo deixava essa pequena porta aberta para a pena de morte do agressor injusto porque no passado S\u00e3o Tom\u00e1s de Aquino (1225-1274), de acordo tamb\u00e9m com a cultura da \u00e9poca, aceitava a pena de morte em alguns casos. \u00c9 preciso entender que mesmo os santos agiram de acordo com a moral da \u00e9poca. A santidade \u00e9 entendida dentro do contexto de vida do santo, que de certa forma moda a sua consci\u00eancia.<\/p>\n<p>Os tempos evolu\u00edram. Na Idade M\u00e9dia n\u00e3o havia os recursos de prote\u00e7\u00e3o da sociedade que hoje existem: carteira de identidade, pol\u00edcia equipada, endere\u00e7os das casas, sistema de comunica\u00e7\u00e3o, etc.<\/p>\n<p>\u00c9 de se destacar que o Papa e a Congrega\u00e7\u00e3o da F\u00e9 em nada feriram algum dogma ou verdade da nossa f\u00e9.<\/p>\n<p>Pelo exposto acima, a decis\u00e3o do Papa, com a Congrega\u00e7\u00e3o da Doutrina da F\u00e9, n\u00e3o deve causar surpresa e muito menos indigna\u00e7\u00e3o por parte dos cat\u00f3licos. Santo Agostinho nos lembrava: \u201cRoma locuta, causa finita\u201d.<\/p>\n<p><strong>Prof. Felipe Aquino<\/strong><\/p>\n<!-- AddThis Advanced Settings generic via filter on the_content --><!-- AddThis Share Buttons generic via filter on the_content -->","protected":false},"excerpt":{"rendered":"<p>No dia 11 de maio de 2018, o Papa Francisco, em audi\u00eancia com o Prefeito da Congrega\u00e7\u00e3o para a Doutrina da F\u00e9, Cardeal Lu\u00eds Ladaria, aprovou a nova reda\u00e7\u00e3o do Catecismo da Igreja Cat\u00f3lica (n. 2267), que elimina a pena&#8230;<!-- AddThis Advanced Settings generic via filter on get_the_excerpt --><!-- AddThis Share Buttons generic via filter on get_the_excerpt --><\/p>\n","protected":false},"author":29,"featured_media":0,"comment_status":"open","ping_status":"open","sticky":false,"template":"","format":"standard","meta":{"_mi_skip_tracking":false,"_monsterinsights_sitenote_active":false,"_monsterinsights_sitenote_note":"","_monsterinsights_sitenote_category":0,"footnotes":""},"categories":[29083],"tags":[991,18683,142291,21584],"_links":{"self":[{"href":"https:\/\/blog.cancaonova.com\/felipeaquino\/wp-json\/wp\/v2\/posts\/19035"}],"collection":[{"href":"https:\/\/blog.cancaonova.com\/felipeaquino\/wp-json\/wp\/v2\/posts"}],"about":[{"href":"https:\/\/blog.cancaonova.com\/felipeaquino\/wp-json\/wp\/v2\/types\/post"}],"author":[{"embeddable":true,"href":"https:\/\/blog.cancaonova.com\/felipeaquino\/wp-json\/wp\/v2\/users\/29"}],"replies":[{"embeddable":true,"href":"https:\/\/blog.cancaonova.com\/felipeaquino\/wp-json\/wp\/v2\/comments?post=19035"}],"version-history":[{"count":1,"href":"https:\/\/blog.cancaonova.com\/felipeaquino\/wp-json\/wp\/v2\/posts\/19035\/revisions"}],"predecessor-version":[{"id":19037,"href":"https:\/\/blog.cancaonova.com\/felipeaquino\/wp-json\/wp\/v2\/posts\/19035\/revisions\/19037"}],"wp:attachment":[{"href":"https:\/\/blog.cancaonova.com\/felipeaquino\/wp-json\/wp\/v2\/media?parent=19035"}],"wp:term":[{"taxonomy":"category","embeddable":true,"href":"https:\/\/blog.cancaonova.com\/felipeaquino\/wp-json\/wp\/v2\/categories?post=19035"},{"taxonomy":"post_tag","embeddable":true,"href":"https:\/\/blog.cancaonova.com\/felipeaquino\/wp-json\/wp\/v2\/tags?post=19035"}],"curies":[{"name":"wp","href":"https:\/\/api.w.org\/{rel}","templated":true}]}}