{"id":19165,"date":"2018-10-02T10:57:59","date_gmt":"2018-10-02T13:57:59","guid":{"rendered":"http:\/\/blog.cancaonova.com\/felipeaquino\/?p=19165"},"modified":"2018-10-02T10:57:59","modified_gmt":"2018-10-02T13:57:59","slug":"preocupada-por-teus-filhos-reze-esta-oracao-de-uma-mae-aos-seus-anjos-da-guarda","status":"publish","type":"post","link":"https:\/\/blog.cancaonova.com\/felipeaquino\/2018\/10\/02\/preocupada-por-teus-filhos-reze-esta-oracao-de-uma-mae-aos-seus-anjos-da-guarda\/","title":{"rendered":"Preocupada por teus filhos? Reze esta ora\u00e7\u00e3o de uma m\u00e3e aos seus anjos da guarda"},"content":{"rendered":"<p><em><strong><a href=\"http:\/\/blog.cancaonova.com\/felipeaquino\/files\/2018\/10\/AngelDeLaGuarda_Domenichino_MuseoPalaciodeWilanow250218.jpg\"><img loading=\"lazy\" decoding=\"async\" class=\"size-medium wp-image-19166 alignleft\" src=\"http:\/\/blog.cancaonova.com\/felipeaquino\/files\/2018\/10\/AngelDeLaGuarda_Domenichino_MuseoPalaciodeWilanow250218-300x167.jpg\" alt=\"\" width=\"300\" height=\"167\" srcset=\"https:\/\/blog.cancaonova.com\/felipeaquino\/files\/2018\/10\/AngelDeLaGuarda_Domenichino_MuseoPalaciodeWilanow250218-300x167.jpg 300w, https:\/\/blog.cancaonova.com\/felipeaquino\/files\/2018\/10\/AngelDeLaGuarda_Domenichino_MuseoPalaciodeWilanow250218.jpg 680w\" sizes=\"(max-width: 300px) 100vw, 300px\" \/><\/a>N\u00e3o \u00e9 segredo que o mundo est\u00e1 se tornando um lugar cada vez mais perigoso e que, quando os filhos, especialmente quando s\u00e3o crian\u00e7as, saem de casa, come\u00e7am as preocupa\u00e7\u00f5es sobre o que poderia acontecer com eles.<\/strong><\/em><\/p>\n<p>Entretanto, como pais, n\u00e3o devemos esquecer que os nossos filhos t\u00eam anjos da guarda, oferecidos por Deus; e, portanto, podemos rezar por eles usando a media\u00e7\u00e3o do nosso anjo da guarda e invocar o seu poder protetor sobre os nossos filhos.<!--more--><\/p>\n<p><a href=\"https:\/\/loja.cleofas.com.br\/familia-santuario-da-vida\" target=\"_blank\" rel=\"noopener\"><img loading=\"lazy\" decoding=\"async\" class=\" wp-image-62478 alignright\" src=\"https:\/\/cleofas.com.br\/wp-content\/uploads\/2016\/09\/familia_santuario_da_vida.png\" alt=\"\" width=\"190\" height=\"190\"\/><\/a>Quando n\u00e3o podemos estar presentes fisicamente onde os nossos filhos est\u00e3o, \u00e9 mais apropriado pedir atrav\u00e9s da ora\u00e7\u00e3o para que os protejam.<\/p>\n<p>\u201cDesde o seu come\u00e7o at\u00e9 \u00e0 morte, a vida humana \u00e9 acompanhada pela sua assist\u00eancia e intercess\u00e3o. \u2018Cada fiel tem a seu lado um anjo como protetor e pastor para o guiar na vida\u2019 (S\u00e3o Bas\u00edlio Magno). Desde este mundo, a vida crist\u00e3 participa, pela f\u00e9, na sociedade bem-aventurada dos anjos e dos homens, unidos em Deus\u201d, afirma o Catecismo da Igreja Cat\u00f3lica no n\u00famero 336.<\/p>\n<p><strong>Leia tamb\u00e9m:<\/strong>&nbsp;<a href=\"https:\/\/cleofas.com.br\/o-poder-da-oracao-de-uma-mae\/\" target=\"_blank\" rel=\"noopener\">O poder da ora\u00e7\u00e3o de uma m\u00e3e<\/a><\/p>\n<p><a href=\"https:\/\/cleofas.com.br\/a-forca-da-oracao-de-uma-mae-pelo-filho\/\" target=\"_blank\" rel=\"noopener\">A for\u00e7a da ora\u00e7\u00e3o de uma m\u00e3e pelo filho<\/a><\/p>\n<p><a href=\"https:\/\/cleofas.com.br\/qual-a-importancia-do-anjo-da-guarda\/\" target=\"_blank\" rel=\"noopener\">Qual a import\u00e2ncia do Anjo da Guarda?<\/a><\/p>\n<p><a href=\"https:\/\/cleofas.com.br\/devemos-ter-filhos-neste-mundo-cruel\/\" target=\"_blank\" rel=\"noopener\">Devemos ter filhos neste mundo cruel?<\/a><\/p>\n<p><a href=\"https:\/\/cleofas.com.br\/oracao-da-esposa-e-mae-crista\/\" target=\"_blank\" rel=\"noopener\">Ora\u00e7\u00e3o da esposa e m\u00e3e crist\u00e3<\/a><\/p>\n<p><strong>Por isso, confira a seguir a \u201cOra\u00e7\u00e3o de uma m\u00e3e ao anjo da guarda dos filhos\u201d:<\/strong><\/p>\n<p>Eu humildemente vos sa\u00fado, \u00f3 fiel,<br \/>\namigo celeste de meu filho!<\/p>\n<p>Dou-lhe sinceros agradecimentos<br \/>\npor todo o amor e bondade que mostrais.<\/p>\n<p>Em algum dia no futuro eu irei,<br \/>\ncom agradecimentos mais dignos<br \/>\ndo que posso dar agora,<br \/>\ne diante de toda a corte celeste<br \/>\nreconhecer minha d\u00edvida<br \/>\npara com a sua orienta\u00e7\u00e3o e prote\u00e7\u00e3o.<\/p>\n<p><a href=\"https:\/\/loja.cleofas.com.br\/oracoes-de-todos-os-tempos-da-igreja\" target=\"_blank\" rel=\"noopener\"><img loading=\"lazy\" decoding=\"async\" class=\" wp-image-62659 alignright\" src=\"https:\/\/cleofas.com.br\/wp-content\/uploads\/2016\/09\/oracoes_todos_os_tempos_igreja-1.png\" alt=\"\" width=\"190\" height=\"190\"\/><\/a>Continue a vigi\u00e1-lo.<br \/>\nProvidenciar todas as suas necessidades<br \/>\ndo corpo e da alma.<br \/>\nOro, da mesma forma, por mim,<br \/>\npara o meu esposo, e toda a minha fam\u00edlia,<br \/>\nque todos possamos um dia,<br \/>\nnos encontrar alegres na tua sociedade bem-aventurada.<\/p>\n<p>Am\u00e9m.<\/p>\n<p><strong>Fonte:<\/strong>&nbsp;<a href=\"http:\/\/www.acidigital.com\/noticias\/preocupada-por-teus-filhos-reze-esta-oracao-de-uma-mae-aos-seus-anjos-da-guarda-70793\/\" target=\"_blank\" rel=\"noopener\">http:\/\/www.acidigital.com\/noticias\/preocupada-por-teus-filhos-reze-esta-oracao-de-uma-mae-aos-seus-anjos-da-guarda-70793\/<\/a><\/p>\n<!-- AddThis Advanced Settings generic via filter on the_content --><!-- AddThis Share Buttons generic via filter on the_content -->","protected":false},"excerpt":{"rendered":"<p>N\u00e3o \u00e9 segredo que o mundo est\u00e1 se tornando um lugar cada vez mais perigoso e que, quando os filhos, especialmente quando s\u00e3o crian\u00e7as, saem de casa, come\u00e7am as preocupa\u00e7\u00f5es sobre o que poderia acontecer com eles. Entretanto, como pais,&#8230;<!-- AddThis Advanced Settings generic via filter on get_the_excerpt --><!-- AddThis Share Buttons generic via filter on get_the_excerpt --><\/p>\n","protected":false},"author":29,"featured_media":0,"comment_status":"open","ping_status":"open","sticky":false,"template":"","format":"standard","meta":{"_mi_skip_tracking":false,"_monsterinsights_sitenote_active":false,"_monsterinsights_sitenote_note":"","_monsterinsights_sitenote_category":0,"footnotes":""},"categories":[15774,40,621],"tags":[19623,123866,82785,261],"_links":{"self":[{"href":"https:\/\/blog.cancaonova.com\/felipeaquino\/wp-json\/wp\/v2\/posts\/19165"}],"collection":[{"href":"https:\/\/blog.cancaonova.com\/felipeaquino\/wp-json\/wp\/v2\/posts"}],"about":[{"href":"https:\/\/blog.cancaonova.com\/felipeaquino\/wp-json\/wp\/v2\/types\/post"}],"author":[{"embeddable":true,"href":"https:\/\/blog.cancaonova.com\/felipeaquino\/wp-json\/wp\/v2\/users\/29"}],"replies":[{"embeddable":true,"href":"https:\/\/blog.cancaonova.com\/felipeaquino\/wp-json\/wp\/v2\/comments?post=19165"}],"version-history":[{"count":1,"href":"https:\/\/blog.cancaonova.com\/felipeaquino\/wp-json\/wp\/v2\/posts\/19165\/revisions"}],"predecessor-version":[{"id":19167,"href":"https:\/\/blog.cancaonova.com\/felipeaquino\/wp-json\/wp\/v2\/posts\/19165\/revisions\/19167"}],"wp:attachment":[{"href":"https:\/\/blog.cancaonova.com\/felipeaquino\/wp-json\/wp\/v2\/media?parent=19165"}],"wp:term":[{"taxonomy":"category","embeddable":true,"href":"https:\/\/blog.cancaonova.com\/felipeaquino\/wp-json\/wp\/v2\/categories?post=19165"},{"taxonomy":"post_tag","embeddable":true,"href":"https:\/\/blog.cancaonova.com\/felipeaquino\/wp-json\/wp\/v2\/tags?post=19165"}],"curies":[{"name":"wp","href":"https:\/\/api.w.org\/{rel}","templated":true}]}}