{"id":19168,"date":"2018-10-03T14:24:15","date_gmt":"2018-10-03T17:24:15","guid":{"rendered":"http:\/\/blog.cancaonova.com\/felipeaquino\/?p=19168"},"modified":"2018-10-03T14:24:15","modified_gmt":"2018-10-03T17:24:15","slug":"eleicoes-2018-em-quem-devo-votar","status":"publish","type":"post","link":"https:\/\/blog.cancaonova.com\/felipeaquino\/2018\/10\/03\/eleicoes-2018-em-quem-devo-votar\/","title":{"rendered":"Elei\u00e7\u00f5es 2018: Em quem devo votar?"},"content":{"rendered":"<p>Continuando nossa s\u00e9rie sobre as Elei\u00e7\u00f5es 2018, o Prof. Felipe Aquino faz uma reflex\u00e3o sobre como escolher o candidato que melhor representa suas ideias.<!--more--><\/p>\n<p>Confira:<\/p>\n<p><iframe loading=\"lazy\" title=\"Elei\u00c3\u00a7\u00c3\u00b5es 2018: Em quem devo votar?\" width=\"600\" height=\"338\" src=\"https:\/\/www.youtube.com\/embed\/_xdQwhMMlPc?feature=oembed&amp;rel=0\" frameborder=\"0\" allow=\"accelerometer; autoplay; clipboard-write; encrypted-media; gyroscope; picture-in-picture; web-share\" referrerpolicy=\"strict-origin-when-cross-origin\" allowfullscreen><\/iframe><\/p>\n<!-- AddThis Advanced Settings generic via filter on the_content --><!-- AddThis Share Buttons generic via filter on the_content -->","protected":false},"excerpt":{"rendered":"<p>Continuando nossa s\u00e9rie sobre as Elei\u00e7\u00f5es 2018, o Prof. Felipe Aquino faz uma reflex\u00e3o sobre como escolher o candidato que melhor representa suas ideias.<!-- AddThis Advanced Settings generic via filter on get_the_excerpt --><!-- AddThis Share Buttons generic via filter on get_the_excerpt --><\/p>\n","protected":false},"author":29,"featured_media":19169,"comment_status":"open","ping_status":"open","sticky":false,"template":"","format":"standard","meta":{"_mi_skip_tracking":false,"_monsterinsights_sitenote_active":false,"_monsterinsights_sitenote_note":"","_monsterinsights_sitenote_category":0,"footnotes":""},"categories":[4,62],"tags":[35120,19467,191496,123802,193561,20055],"_links":{"self":[{"href":"https:\/\/blog.cancaonova.com\/felipeaquino\/wp-json\/wp\/v2\/posts\/19168"}],"collection":[{"href":"https:\/\/blog.cancaonova.com\/felipeaquino\/wp-json\/wp\/v2\/posts"}],"about":[{"href":"https:\/\/blog.cancaonova.com\/felipeaquino\/wp-json\/wp\/v2\/types\/post"}],"author":[{"embeddable":true,"href":"https:\/\/blog.cancaonova.com\/felipeaquino\/wp-json\/wp\/v2\/users\/29"}],"replies":[{"embeddable":true,"href":"https:\/\/blog.cancaonova.com\/felipeaquino\/wp-json\/wp\/v2\/comments?post=19168"}],"version-history":[{"count":1,"href":"https:\/\/blog.cancaonova.com\/felipeaquino\/wp-json\/wp\/v2\/posts\/19168\/revisions"}],"predecessor-version":[{"id":19170,"href":"https:\/\/blog.cancaonova.com\/felipeaquino\/wp-json\/wp\/v2\/posts\/19168\/revisions\/19170"}],"wp:featuredmedia":[{"embeddable":true,"href":"https:\/\/blog.cancaonova.com\/felipeaquino\/wp-json\/wp\/v2\/media\/19169"}],"wp:attachment":[{"href":"https:\/\/blog.cancaonova.com\/felipeaquino\/wp-json\/wp\/v2\/media?parent=19168"}],"wp:term":[{"taxonomy":"category","embeddable":true,"href":"https:\/\/blog.cancaonova.com\/felipeaquino\/wp-json\/wp\/v2\/categories?post=19168"},{"taxonomy":"post_tag","embeddable":true,"href":"https:\/\/blog.cancaonova.com\/felipeaquino\/wp-json\/wp\/v2\/tags?post=19168"}],"curies":[{"name":"wp","href":"https:\/\/api.w.org\/{rel}","templated":true}]}}