{"id":19216,"date":"2018-10-22T15:24:25","date_gmt":"2018-10-22T17:24:25","guid":{"rendered":"http:\/\/blog.cancaonova.com\/felipeaquino\/?p=19216"},"modified":"2018-10-22T15:24:25","modified_gmt":"2018-10-22T17:24:25","slug":"12-pensamentos-de-sao-joao-paulo-ii-2","status":"publish","type":"post","link":"https:\/\/blog.cancaonova.com\/felipeaquino\/2018\/10\/22\/12-pensamentos-de-sao-joao-paulo-ii-2\/","title":{"rendered":"12 Pensamentos de S\u00e3o Jo\u00e3o Paulo II"},"content":{"rendered":"<p><strong><a href=\"http:\/\/blog.cancaonova.com\/felipeaquino\/files\/2018\/10\/papajoaopauloii.jpg\"><img loading=\"lazy\" decoding=\"async\" class=\"size-medium wp-image-19217 alignleft\" src=\"http:\/\/blog.cancaonova.com\/felipeaquino\/files\/2018\/10\/papajoaopauloii-255x300.jpg\" alt=\"\" width=\"255\" height=\"300\" srcset=\"https:\/\/blog.cancaonova.com\/felipeaquino\/files\/2018\/10\/papajoaopauloii-255x300.jpg 255w, https:\/\/blog.cancaonova.com\/felipeaquino\/files\/2018\/10\/papajoaopauloii.jpg 350w\" sizes=\"(max-width: 255px) 100vw, 255px\" \/><\/a>1.<\/strong> &#8220;Sem Jesus Cristo o homem permanece para si mesmo um desconhecido, um enigma indecifr\u00e1vel, um mist\u00e9rio insond\u00e1vel; pois s\u00f3 Jesus Cristo revela o homem ao pr\u00f3prio homem&#8221;.<\/p>\n<p><strong>2.<\/strong> &#8220;O homem de hoje parece estar sempre amea\u00e7ado por aquilo mesmo que produz com o trabalho de suas m\u00e3os e da sua intelig\u00eancia, e das tend\u00eancias da sua vontade&#8221;.<\/p>\n<p><strong>3.<\/strong> &#8220;Um jovem crist\u00e3o deixa de ser jovem, e h\u00e1 muito n\u00e3o \u00e9 crist\u00e3o, quando se deixa enganar pelo princ\u00edpio f\u00e1cil e c\u00f4modo, de que &#8216;o fim justifica os meios'&#8221;.<!--more--><\/p>\n<p><strong>4.<\/strong> &#8220;Os pobres em esp\u00edrito s\u00e3o aqueles que s\u00e3o mais abertos \u00e0 Deus e \u00e0s &#8216;maravilhas de Deus'&#8221;.<\/p>\n<p><strong>5.<\/strong> &#8220;O homem n\u00e3o pode viver sem o amor. Ele permanece para si mesmo um ser incompreens\u00edvel e a sua vida \u00e9 destitu\u00edda de sentido se n\u00e3o lhe for revelado o amor, se ele n\u00e3o se encontra com o amor, se o n\u00e3o experimenta e se n\u00e3o o torna algo seu pr\u00f3prio&#8221;.<\/p>\n<p><strong>Leia tamb\u00e9m:&nbsp;<\/strong><a href=\"https:\/\/cleofas.com.br\/quem-foi-o-papa-joao-paulo-ii\/\" target=\"_blank\" rel=\"noopener\">Quem foi o Papa Jo\u00e3o Paulo II?<\/a><\/p>\n<p><a href=\"https:\/\/cleofas.com.br\/quantas-vezes-por-dia-sao-joao-paulo-ii-visitava-o-santissimo-sacramento\/\" target=\"_blank\" rel=\"noopener\">Quantas vezes por dia S\u00e3o Jo\u00e3o Paulo II visitava o Sant\u00edssimo Sacramento?<\/a><\/p>\n<p><a href=\"https:\/\/cleofas.com.br\/o-dia-em-que-o-papa-joao-paulo-ii-salvou-um-sacerdote\/\" target=\"_blank\" rel=\"noopener\">O dia em que o Papa Jo\u00e3o Paulo II salvou um sacerdote<\/a><\/p>\n<p><a href=\"https:\/\/cleofas.com.br\/o-que-fez-o-papa-joao-paulo-ii-durante-seu-pontificado\/\" target=\"_blank\" rel=\"noopener\">O que fez o Papa Jo\u00e3o Paulo II durante seu pontificado?<\/a><\/p>\n<p><a href=\"https:\/\/cleofas.com.br\/o-papa-joao-paulo-ii-e-a-virgem-de-fatima\/\" target=\"_blank\" rel=\"noopener\">O Papa Jo\u00e3o Paulo II e a Virgem de F\u00e1tima<\/a><\/p>\n<p><a href=\"https:\/\/cleofas.com.br\/oracao-a-sao-joao-paulo-ii\/\" target=\"_blank\" rel=\"noopener\">Ora\u00e7\u00e3o a S\u00e3o Jo\u00e3o Paulo II<\/a><\/p>\n<p><strong> 6.<\/strong> &#8220;No mist\u00e9rio da Reden\u00e7\u00e3o o homem \u00e9 novamente &#8216;reproduzido&#8217; e, de algum modo, \u00e9 novamente criado&#8221;.<\/p>\n<p><strong>7.<\/strong> &#8220;A Igreja existe para levar os seus filhos a serem santos&#8221;.<\/p>\n<p><strong><a href=\"https:\/\/loja.cleofas.com.br\/ensinamentos-dos-santos\" target=\"_blank\" rel=\"noopener\"><img loading=\"lazy\" decoding=\"async\" class=\" wp-image-67276 alignright\" src=\"https:\/\/cleofas.com.br\/wp-content\/uploads\/2015\/01\/ensinamentos_dos_santos2-300x300.png\" alt=\"\" width=\"190\" height=\"190\"\/><\/a>8.<\/strong> &#8220;A santidade \u00e9 a for\u00e7a mais poderosa para levar Cristo ao cora\u00e7\u00e3o dos homens&#8221;.<\/p>\n<p><strong>9.<\/strong> &#8220;O sentido essencial desta &#8216;realeza&#8217; e deste &#8216;dom\u00ednio&#8217; do homem sobre o mundo vis\u00edvel, que lhe foi confiado pelo pr\u00f3prio Criador, consiste na prioridade da \u00e9tica sobre a t\u00e9cnica, no primado da pessoa sobre as coisas e na superioridade do esp\u00edrito sobre a mat\u00e9ria&#8221;.<\/p>\n<p><strong>10.<\/strong> &#8220;A f\u00e9 e a raz\u00e3o constituem como que duas asas pelas quais o esp\u00edrito humano se eleva para a contempla\u00e7\u00e3o da verdade&#8221;.<\/p>\n<p><strong>11.<\/strong>&nbsp;&#8220;O s\u00e9culo XX ficar\u00e1 considerado uma \u00e9poca de ataques maci\u00e7os contra a vida, uma s\u00e9rie infind\u00e1vel de guerras e um massacre permanente de vidas humanas inocentes. Os falsos profetas e os falsos mestres conheceram o maior sucesso poss\u00edvel&#8221;.<\/p>\n<p><strong>12.<\/strong> &#8220;Uma vez que se privou o homem da verdade, \u00e9 pura ilus\u00e3o pretender torn\u00e1-lo livre&#8221;.<\/p>\n<!-- AddThis Advanced Settings generic via filter on the_content --><!-- AddThis Share Buttons generic via filter on the_content -->","protected":false},"excerpt":{"rendered":"<p>1. &#8220;Sem Jesus Cristo o homem permanece para si mesmo um desconhecido, um enigma indecifr\u00e1vel, um mist\u00e9rio insond\u00e1vel; pois s\u00f3 Jesus Cristo revela o homem ao pr\u00f3prio homem&#8221;. 2. &#8220;O homem de hoje parece estar sempre amea\u00e7ado por aquilo mesmo&#8230;<!-- AddThis Advanced Settings generic via filter on get_the_excerpt --><!-- AddThis Share Buttons generic via filter on get_the_excerpt --><\/p>\n","protected":false},"author":29,"featured_media":0,"comment_status":"open","ping_status":"open","sticky":false,"template":"","format":"standard","meta":{"_mi_skip_tracking":false,"_monsterinsights_sitenote_active":false,"_monsterinsights_sitenote_note":"","_monsterinsights_sitenote_category":0,"footnotes":""},"categories":[3001,271],"tags":[38,179363,18689,6761,7761,173382],"_links":{"self":[{"href":"https:\/\/blog.cancaonova.com\/felipeaquino\/wp-json\/wp\/v2\/posts\/19216"}],"collection":[{"href":"https:\/\/blog.cancaonova.com\/felipeaquino\/wp-json\/wp\/v2\/posts"}],"about":[{"href":"https:\/\/blog.cancaonova.com\/felipeaquino\/wp-json\/wp\/v2\/types\/post"}],"author":[{"embeddable":true,"href":"https:\/\/blog.cancaonova.com\/felipeaquino\/wp-json\/wp\/v2\/users\/29"}],"replies":[{"embeddable":true,"href":"https:\/\/blog.cancaonova.com\/felipeaquino\/wp-json\/wp\/v2\/comments?post=19216"}],"version-history":[{"count":1,"href":"https:\/\/blog.cancaonova.com\/felipeaquino\/wp-json\/wp\/v2\/posts\/19216\/revisions"}],"predecessor-version":[{"id":19218,"href":"https:\/\/blog.cancaonova.com\/felipeaquino\/wp-json\/wp\/v2\/posts\/19216\/revisions\/19218"}],"wp:attachment":[{"href":"https:\/\/blog.cancaonova.com\/felipeaquino\/wp-json\/wp\/v2\/media?parent=19216"}],"wp:term":[{"taxonomy":"category","embeddable":true,"href":"https:\/\/blog.cancaonova.com\/felipeaquino\/wp-json\/wp\/v2\/categories?post=19216"},{"taxonomy":"post_tag","embeddable":true,"href":"https:\/\/blog.cancaonova.com\/felipeaquino\/wp-json\/wp\/v2\/tags?post=19216"}],"curies":[{"name":"wp","href":"https:\/\/api.w.org\/{rel}","templated":true}]}}