{"id":19221,"date":"2018-10-23T15:27:13","date_gmt":"2018-10-23T17:27:13","guid":{"rendered":"http:\/\/blog.cancaonova.com\/felipeaquino\/?p=19221"},"modified":"2018-10-23T15:27:13","modified_gmt":"2018-10-23T17:27:13","slug":"o-que-igreja-diz-sobre-o-terco","status":"publish","type":"post","link":"https:\/\/blog.cancaonova.com\/felipeaquino\/2018\/10\/23\/o-que-igreja-diz-sobre-o-terco\/","title":{"rendered":"O que a Igreja diz sobre o Ter\u00e7o?"},"content":{"rendered":"<p><em><strong><a href=\"http:\/\/blog.cancaonova.com\/felipeaquino\/files\/2018\/10\/biblia-495x400.png\"><img loading=\"lazy\" decoding=\"async\" class=\"size-medium wp-image-19222 alignleft\" src=\"http:\/\/blog.cancaonova.com\/felipeaquino\/files\/2018\/10\/biblia-495x400-300x242.png\" alt=\"\" width=\"300\" height=\"242\" srcset=\"https:\/\/blog.cancaonova.com\/felipeaquino\/files\/2018\/10\/biblia-495x400-300x242.png 300w, https:\/\/blog.cancaonova.com\/felipeaquino\/files\/2018\/10\/biblia-495x400.png 495w\" sizes=\"(max-width: 300px) 100vw, 300px\" \/><\/a>O Ter\u00e7o era a ter\u00e7a parte do Ros\u00e1rio; agora \u00e9 a quarta parte porque o Papa Jo\u00e3o Paulo II acrescentou mais um \u201cTer\u00e7o\u201d ao Ros\u00e1rio, contemplando os mist\u00e9rios \u201cLuminosos\u201d da Vida P\u00fablica de Jesus.<\/strong><\/em><\/p>\n<p>Em cada Ter\u00e7o contemplamos uma etapa da vida de Jesus e o mist\u00e9rio da nossa Salva\u00e7\u00e3o; logo, o Ter\u00e7o \u00e9 uma ora\u00e7\u00e3o mais centrada em Cristo do que em Maria. No centro da Ave-Maria est\u00e1 a palavra Jesus. Nossa Senhora reza conosco o Ter\u00e7o, contemplando tamb\u00e9m ela os mist\u00e9rios da nossa salva\u00e7\u00e3o, intercedendo por n\u00f3s. Por isso, \u00e9 muito importante contemplar, meditar, cada mist\u00e9rio do Ter\u00e7o.<!--more--><\/p>\n<p>Em cada um dos cinco mist\u00e9rios rezamos um Pai-Nosso, 10 Ave-Marias e um Gl\u00f3ria ao Pai. Essas tr\u00eas ora\u00e7\u00f5es s\u00e3o de grande import\u00e2ncia para a nossa f\u00e9, e s\u00e3o ve\u00edculos de nossa conversa humilde e confiante em Deus.<\/p>\n<p>Todos os Papas valorizaram e recomendaram muito o Ros\u00e1rio e o Ter\u00e7o. Jo\u00e3o Paulo II disse que era \u201ca sua ora\u00e7\u00e3o predileta\u201d.<\/p>\n<p>O Ter\u00e7o toca o cora\u00e7\u00e3o de Nossa Senhora e de Jesus, \u00e9 uma ora\u00e7\u00e3o simples que o povo sabe e gosta de rezar, especialmente nas horas de dificuldades da vida!<\/p>\n<p>Nas apari\u00e7\u00f5es de Nossa Senhora de F\u00e1tima, em 1917, ela pediu aos pastorinhos que rezassem muito o Ter\u00e7o e que pedissem isto a todos, pois, com o Ter\u00e7o, ela disse \u00e0 Irm\u00e3 L\u00facia: \u201cqualquer problema de ordem pessoal, familiar, nacional ou internacional, pode ser resolvido\u201d. E disse tamb\u00e9m que a fam\u00edlia que reza unida o Ter\u00e7o permanece unida sempre.<\/p>\n<p><strong>Leia tamb\u00e9m:&nbsp;<\/strong><a href=\"https:\/\/cleofas.com.br\/o-rosario-na-historia\/\" target=\"_blank\" rel=\"noopener\">O Ros\u00e1rio na Hist\u00f3ria<\/a><\/p>\n<p><a href=\"https:\/\/cleofas.com.br\/gostaria-de-saber-qual-a-posicao-da-igreja-em-relacao-a-oracao-do-terco-sem-a-contemplacao-dos-misterios\/\" target=\"_blank\" rel=\"noopener\">Qual a posi\u00e7\u00e3o da Igreja em rela\u00e7\u00e3o \u00e0 ora\u00e7\u00e3o do ter\u00e7o sem a contempla\u00e7\u00e3o dos mist\u00e9rios?<\/a><\/p>\n<p><a href=\"https:\/\/cleofas.com.br\/15-promessas-10-bencaos-e-8-vantagens-de-se-rezar-o-terco\/\" target=\"_blank\" rel=\"noopener\">15 promessas, 10 b\u00ean\u00e7\u00e3os e 8 vantagens de se rezar o ter\u00e7o<\/a><\/p>\n<p><a href=\"https:\/\/cleofas.com.br\/posso-rezar-o-terco-caminhando-ou-pela-tv\/\" target=\"_blank\" rel=\"noopener\">Posso rezar o ter\u00e7o caminhando ou pela TV?<\/a><\/p>\n<p><a href=\"https:\/\/cleofas.com.br\/terco-da-misericordia\/\" target=\"_blank\" rel=\"noopener\">Ter\u00e7o da Miseric\u00f3rdia<\/a><\/p>\n<p>Os santos foram devotos do Ter\u00e7o e do Ros\u00e1rio. S. Domingos de Gusm\u00e3o, por exemplo, para debelar a heresia dos c\u00e1taros, caminhava pela Europa rezando o Ros\u00e1rio; assim ele dizimou a heresia. Nossa Senhora promete a todos aqueles que rezarem o ter\u00e7o, segundo as Promessas dela ao Beato Alain de la Roche:<\/p>\n<p><strong>1.<\/strong> Sua prote\u00e7\u00e3o especial\u00edssima na vida<\/p>\n<p><strong>2.<\/strong> Uma morte feliz<\/p>\n<p><strong>3.<\/strong> A salva\u00e7\u00e3o eterna de sua alma<\/p>\n<p><strong>4.<\/strong> N\u00e3o morrer\u00e3o sem os sacramentos<\/p>\n<p><strong>5.<\/strong> N\u00e3o ser\u00e3o flagelados pela mis\u00e9ria<\/p>\n<p><strong>6.<\/strong> Tudo obter\u00e3o por meio do ros\u00e1rio<\/p>\n<p><strong>7.<\/strong> A devo\u00e7\u00e3o do ros\u00e1rio ser\u00e1 sinal certo de salva\u00e7\u00e3o<\/p>\n<p><strong>8.<\/strong> Livrar\u00e1 do purgat\u00f3rio no dia em que morrerem os que rezarem o ros\u00e1rio<\/p>\n<p><strong>9.<\/strong> Ter\u00e3o uma grande gl\u00f3ria no c\u00e9u<\/p>\n<p><strong>10.<\/strong> Aos que propagarem a devo\u00e7\u00e3o do ros\u00e1rio, Maria Sant\u00edssima promete socorrer em todas as suas necessidades.<\/p>\n<p>O Papa S\u00e3o Jo\u00e3o Paulo II disse: \u201cO Ter\u00e7o \u00e9 a minha ora\u00e7\u00e3o predileta. A todos, exorto, cordialmente, que o rezem\u201d.<\/p>\n<p>O Papa Bento XVI convidou o povo a rezar o Ros\u00e1rio pela paz nas fam\u00edlias e pela paz no mundo. \u201c\u00c9 a mensagem que a Virgem deixou em suas diferentes apari\u00e7\u00f5es\u201d, explicou aos milhares de peregrinos na pra\u00e7a de S\u00e3o Pedro. \u201cPenso, em particular, nas de F\u00e1tima, ocorridas h\u00e1 90 anos, aos tr\u00eas pastorinhos, L\u00facia, Jacinta e Francisco, nas quais se apresentou como \u201ca Virgem do Ros\u00e1rio\u201d, recomendou com insist\u00eancia a ora\u00e7\u00e3o do Ros\u00e1rio todos os dias, para alcan\u00e7ar o fim da guerra\u201d. \u201cN\u00f3s tamb\u00e9m queremos acolher o materno pedido da Virgem, comprometendo-nos a rezar com f\u00e9 o Ros\u00e1rio pela paz nas fam\u00edlias, nas na\u00e7\u00f5es e em todo o mundo\u201d.<\/p>\n<p><a href=\"https:\/\/loja.cleofas.com.br\/oracoes-de-todos-os-tempos-da-igreja\" target=\"_blank\" rel=\"noopener\"><img loading=\"lazy\" decoding=\"async\" class=\" wp-image-62659 alignright\" src=\"https:\/\/cleofas.com.br\/wp-content\/uploads\/2016\/09\/oracoes_todos_os_tempos_igreja-1-300x300.png\" alt=\"\" width=\"190\" height=\"190\"\/><\/a>Na visita pastoral a cidade italiana de Pomp\u00e9ia, em 18\/10\/2008, Bento XVI disse: \u201cEsta ora\u00e7\u00e3o nos leva, atrav\u00e9s de Maria, a Jesus\u201d. \u201cO Ros\u00e1rio \u00e9 ora\u00e7\u00e3o contemplativa, acess\u00edvel a todos: grandes e pequenos, leigos e cl\u00e9rigos, cultos ou pouco instru\u00eddos\u201d. \u201cO Ros\u00e1rio \u00e9 \u201carma\u201d espiritual na luta contra o mal, contra a viol\u00eancia, pela paz nos cora\u00e7\u00f5es, nas fam\u00edlias, na sociedade e no mundo\u201d.<\/p>\n<p>Em 03\/5\/2008, Bento XVI reafirmou em Roma: \u201cO Santo Ter\u00e7o n\u00e3o \u00e9 uma pr\u00e1tica relegada ao passado, mas uma ora\u00e7\u00e3o que traz paz e reconcilia\u00e7\u00e3o\u201d.<\/p>\n<p><strong>O Papa Francisco falando do Ter\u00e7o disse:<\/strong><\/p>\n<p>&#8220;O Ter\u00e7o \u00e9 a ora\u00e7\u00e3o que sempre acompanha a minha vida; \u00e9 tamb\u00e9m a ora\u00e7\u00e3o dos simples e dos santos&#8230; \u00e9 a ora\u00e7\u00e3o do meu cora\u00e7\u00e3o\u201d. Ele escreveu essas palavras \u00e0 m\u00e3o como o pref\u00e1cio do pequeno livro \u201cIl Rosario. Preghiera del cuore\u201d, edi\u00e7\u00f5es Shalom do sacerdote de rito copto cat\u00f3lico Yoannis Lahzi Gaid, que trabalha na secretaria particular do Papa. (ROMA, 11 de Setembro de 2014 -Zenit.org)<\/p>\n<p><strong>Prof. Felipe Aquino<\/strong><\/p>\n<!-- AddThis Advanced Settings generic via filter on the_content --><!-- AddThis Share Buttons generic via filter on the_content -->","protected":false},"excerpt":{"rendered":"<p>O Ter\u00e7o era a ter\u00e7a parte do Ros\u00e1rio; agora \u00e9 a quarta parte porque o Papa Jo\u00e3o Paulo II acrescentou mais um \u201cTer\u00e7o\u201d ao Ros\u00e1rio, contemplando os mist\u00e9rios \u201cLuminosos\u201d da Vida P\u00fablica de Jesus. Em cada Ter\u00e7o contemplamos uma etapa&#8230;<!-- AddThis Advanced Settings generic via filter on get_the_excerpt --><!-- AddThis Share Buttons generic via filter on get_the_excerpt --><\/p>\n","protected":false},"author":29,"featured_media":0,"comment_status":"open","ping_status":"open","sticky":false,"template":"","format":"standard","meta":{"_mi_skip_tracking":false,"_monsterinsights_sitenote_active":false,"_monsterinsights_sitenote_note":"","_monsterinsights_sitenote_category":0,"footnotes":""},"categories":[4],"tags":[179354,116526,21444,261,17269,17268],"_links":{"self":[{"href":"https:\/\/blog.cancaonova.com\/felipeaquino\/wp-json\/wp\/v2\/posts\/19221"}],"collection":[{"href":"https:\/\/blog.cancaonova.com\/felipeaquino\/wp-json\/wp\/v2\/posts"}],"about":[{"href":"https:\/\/blog.cancaonova.com\/felipeaquino\/wp-json\/wp\/v2\/types\/post"}],"author":[{"embeddable":true,"href":"https:\/\/blog.cancaonova.com\/felipeaquino\/wp-json\/wp\/v2\/users\/29"}],"replies":[{"embeddable":true,"href":"https:\/\/blog.cancaonova.com\/felipeaquino\/wp-json\/wp\/v2\/comments?post=19221"}],"version-history":[{"count":1,"href":"https:\/\/blog.cancaonova.com\/felipeaquino\/wp-json\/wp\/v2\/posts\/19221\/revisions"}],"predecessor-version":[{"id":19223,"href":"https:\/\/blog.cancaonova.com\/felipeaquino\/wp-json\/wp\/v2\/posts\/19221\/revisions\/19223"}],"wp:attachment":[{"href":"https:\/\/blog.cancaonova.com\/felipeaquino\/wp-json\/wp\/v2\/media?parent=19221"}],"wp:term":[{"taxonomy":"category","embeddable":true,"href":"https:\/\/blog.cancaonova.com\/felipeaquino\/wp-json\/wp\/v2\/categories?post=19221"},{"taxonomy":"post_tag","embeddable":true,"href":"https:\/\/blog.cancaonova.com\/felipeaquino\/wp-json\/wp\/v2\/tags?post=19221"}],"curies":[{"name":"wp","href":"https:\/\/api.w.org\/{rel}","templated":true}]}}