{"id":1931,"date":"2007-06-18T20:44:55","date_gmt":"2007-06-18T17:44:55","guid":{"rendered":"http:\/\/blog.cancaonova.com\/felipeaquino\/2007\/06\/18\/a-minha-igreja\/"},"modified":"2014-05-26T14:28:57","modified_gmt":"2014-05-26T17:28:57","slug":"a-minha-igreja","status":"publish","type":"post","link":"https:\/\/blog.cancaonova.com\/felipeaquino\/2007\/06\/18\/a-minha-igreja\/","title":{"rendered":"\"A minha Igreja\""},"content":{"rendered":"<p><a href=\"http:\/\/loja.cleofas.com.br\/a-minha-igreja.html\" target=\"_blank\"><img loading=\"lazy\" decoding=\"async\" class=\"aligncenter size-full wp-image-15691\" alt=\"a_minha_igreja_nova_capa\" src=\"http:\/\/blog.cancaonova.com\/felipeaquino\/files\/2007\/06\/a_minha_igreja_nova_capa.jpg\" width=\"175\" height=\"260\" \/><\/a><\/p>\n<p align=\"center\"><strong>&#8220;A minha Igreja&#8221;<\/strong><\/p>\n<p>A Igreja \u00e9 o \u201cSacramento universal da Salva\u00e7\u00e3o da humanidade\u201d (LG,48).<br \/>\n\u00c9 a fam\u00edlia de Deus. O Catecismo diz que ela \u00e9 \u201ca rea\u00e7\u00e3o de Deus ao caos provocado pelo pecado\u201d (761).<\/p>\n<p>\u201c\u00c9 um projeto nascido no cora\u00e7\u00e3o do Pai\u201d (759); \u00e9 o lugar da comunh\u00e3o dos homens com Deus; o prolongamento da Encarna\u00e7\u00e3o do Verbo\u2026<br \/>\nNeste livro voc\u00ea poder\u00e1 conhecer o seu \u201cMist\u00e9rio\u201d profundo, o pr\u00f3prio Corpo de Cristo, Sua Esposa, Templo do Esp\u00edrito Santo e Povo de Deus.<br \/>\nSem conhecer a Igreja, \u201ca Minha Igreja\u201d, como disse Jesus, a sua identidade e a sua miss\u00e3o, n\u00e3o se consegue entender o des\u00edgnio de Deus para salvar a humanidade.<\/p>\n<p><strong>Ficha T\u00e9cnica<\/strong><br \/>\nISBN: 85-86283-05-3<br \/>\nAno: 2005<br \/>\nEdi\u00e7\u00e3o: 4<br \/>\nN\u00famero de p\u00e1ginas: 208<br \/>\nIdioma: Portugu\u00eas BR<br \/>\nAcabamento: Brochura<br \/>\nFormato: 14\u00d721 cm<\/p>\n<p><strong><a href=\"http:\/\/www.cleofas.com.br\/divulgacao\/sumA_MINHA_IGREJA.pdf\">[+ Ver sum\u00e1rio e introdu\u00e7\u00e3o]<\/a><\/strong><\/p>\n<!-- AddThis Advanced Settings generic via filter on the_content --><!-- AddThis Share Buttons generic via filter on the_content -->","protected":false},"excerpt":{"rendered":"<p>&#8220;A minha Igreja&#8221; A Igreja \u00e9 o \u201cSacramento universal da Salva\u00e7\u00e3o da humanidade\u201d (LG,48). \u00c9 a fam\u00edlia de Deus. O Catecismo diz que ela \u00e9 \u201ca rea\u00e7\u00e3o de Deus ao caos provocado pelo pecado\u201d (761). \u201c\u00c9 um projeto nascido no&#8230;<!-- AddThis Advanced Settings generic via filter on get_the_excerpt --><!-- AddThis Share Buttons generic via filter on get_the_excerpt --><\/p>\n","protected":false},"author":29,"featured_media":0,"comment_status":"open","ping_status":"closed","sticky":false,"template":"","format":"standard","meta":{"_mi_skip_tracking":false,"_monsterinsights_sitenote_active":false,"_monsterinsights_sitenote_note":"","_monsterinsights_sitenote_category":0,"footnotes":""},"categories":[57],"tags":[],"_links":{"self":[{"href":"https:\/\/blog.cancaonova.com\/felipeaquino\/wp-json\/wp\/v2\/posts\/1931"}],"collection":[{"href":"https:\/\/blog.cancaonova.com\/felipeaquino\/wp-json\/wp\/v2\/posts"}],"about":[{"href":"https:\/\/blog.cancaonova.com\/felipeaquino\/wp-json\/wp\/v2\/types\/post"}],"author":[{"embeddable":true,"href":"https:\/\/blog.cancaonova.com\/felipeaquino\/wp-json\/wp\/v2\/users\/29"}],"replies":[{"embeddable":true,"href":"https:\/\/blog.cancaonova.com\/felipeaquino\/wp-json\/wp\/v2\/comments?post=1931"}],"version-history":[{"count":2,"href":"https:\/\/blog.cancaonova.com\/felipeaquino\/wp-json\/wp\/v2\/posts\/1931\/revisions"}],"predecessor-version":[{"id":15696,"href":"https:\/\/blog.cancaonova.com\/felipeaquino\/wp-json\/wp\/v2\/posts\/1931\/revisions\/15696"}],"wp:attachment":[{"href":"https:\/\/blog.cancaonova.com\/felipeaquino\/wp-json\/wp\/v2\/media?parent=1931"}],"wp:term":[{"taxonomy":"category","embeddable":true,"href":"https:\/\/blog.cancaonova.com\/felipeaquino\/wp-json\/wp\/v2\/categories?post=1931"},{"taxonomy":"post_tag","embeddable":true,"href":"https:\/\/blog.cancaonova.com\/felipeaquino\/wp-json\/wp\/v2\/tags?post=1931"}],"curies":[{"name":"wp","href":"https:\/\/api.w.org\/{rel}","templated":true}]}}