{"id":19730,"date":"2020-05-26T09:45:52","date_gmt":"2020-05-26T12:45:52","guid":{"rendered":"http:\/\/blog.cancaonova.com\/felipeaquino\/?p=19730"},"modified":"2020-05-26T09:17:33","modified_gmt":"2020-05-26T12:17:33","slug":"todas-geracoes-proclamarao-bem-aventurada","status":"publish","type":"post","link":"https:\/\/blog.cancaonova.com\/felipeaquino\/2020\/05\/26\/todas-geracoes-proclamarao-bem-aventurada\/","title":{"rendered":"Todas as Gera\u00e7\u00f5es me Proclamar\u00e3o Bem-Aventurada"},"content":{"rendered":"<p><em><strong><a href=\"http:\/\/blog.cancaonova.com\/felipeaquino\/files\/2019\/05\/bem-aventurada-707x1024.jpg\"><img loading=\"lazy\" decoding=\"async\" class=\"size-medium wp-image-19731 alignleft\" src=\"http:\/\/blog.cancaonova.com\/felipeaquino\/files\/2019\/05\/bem-aventurada-707x1024-207x300.jpg\" alt=\"\" width=\"207\" height=\"300\" srcset=\"https:\/\/blog.cancaonova.com\/felipeaquino\/files\/2019\/05\/bem-aventurada-707x1024-207x300.jpg 207w, https:\/\/blog.cancaonova.com\/felipeaquino\/files\/2019\/05\/bem-aventurada-707x1024.jpg 707w\" sizes=\"(max-width: 207px) 100vw, 207px\" \/><\/a>A devo\u00e7\u00e3o a Nossa Senhora em todo o mundo \u00e9 algo que ultrapassa o entendimento humano; \u00e9 algo sobrenatural; n\u00e3o h\u00e1 pa\u00eds ou cidade onde n\u00e3o haja igrejas, pra\u00e7as, imagens, etc., a ela dedicadas. Os t\u00edtulos de louvor e gl\u00f3ria que Nossa Senhora recebe em todo o mundo s\u00e3o incont\u00e1veis; livros e livros j\u00e1 foram escritos sobre seus t\u00edtulos, suas apari\u00e7\u00f5es, suas gra\u00e7as, seus milagres&#8230; Seus santu\u00e1rios se espalham pelo mundo todo: Lourdes, F\u00e1tima, Aparecida, Guadalupe&#8230;<\/strong><\/em><!--more--><\/p>\n<p><a href=\"https:\/\/loja.cleofas.com.br\/salve-santa-rainha\" target=\"_blank\" rel=\"noopener noreferrer\"><img loading=\"lazy\" decoding=\"async\" class=\" wp-image-62957 alignright\" src=\"https:\/\/cleofas.com.br\/wp-content\/uploads\/2014\/10\/salve_santa_rainha.png\" alt=\"\" width=\"190\" height=\"190\" \/><\/a>A Igreja encorajou e regulou essa devo\u00e7\u00e3o universal \u00e0 Virgem Maria, mas jamais pode t\u00ea-la inventado ou criado. Nos momentos mais cr\u00edticos da hist\u00f3ria, sobretudo quando a Igreja era mais amea\u00e7ada, os Papas orientaram os fi\u00e9is a recorrerem confiantes \u00e0 prote\u00e7\u00e3o de Nossa Senhora e rezar o Ros\u00e1rio. \u00c9 um sentimento universal que atravessou vinte s\u00e9culos e chegou at\u00e9 n\u00f3s mais forte do que nunca. Esse sentimento n\u00e3o teve uma origem humana, se assim fosse n\u00e3o teria tanta for\u00e7a e dura\u00e7\u00e3o; foi o Esp\u00edrito Santo quem difundiu nos cora\u00e7\u00f5es dos crist\u00e3os.<\/p>\n<p><strong>Leia tamb\u00e9m:&nbsp;<\/strong><a href=\"https:\/\/cleofas.com.br\/maria-e-a-mae-da-igreja\/\" target=\"_blank\" rel=\"noopener noreferrer\">Maria \u00e9 a M\u00e3e da Igreja<\/a><\/p>\n<p><a href=\"https:\/\/cleofas.com.br\/influencia-da-virgem-maria-na-vida-da-igreja\/\" target=\"_blank\" rel=\"noopener noreferrer\">Influ\u00eancia da Virgem Maria na vida da Igreja<\/a><\/p>\n<p><a href=\"https:\/\/cleofas.com.br\/maria-o-caminho-de-jesus\/\" target=\"_blank\" rel=\"noopener noreferrer\">Maria, o Caminho de Jesus<\/a><\/p>\n<p><a href=\"https:\/\/cleofas.com.br\/santa-maria-mae-de-deus\/\" target=\"_blank\" rel=\"noopener noreferrer\">Santa Maria, M\u00e3e de Deus<\/a><\/p>\n<p><a href=\"https:\/\/cleofas.com.br\/a-mediacao-de-maria\/\" target=\"_blank\" rel=\"noopener noreferrer\">A media\u00e7\u00e3o de Maria<\/a><\/p>\n<p>At\u00e9 mesmo os mu\u00e7ulmanos a respeitam e veneram como Aquela mulher que foi \u201ca \u00fanica n\u00e3o tocada pelo dem\u00f4nio\u201d. Maom\u00e9, ao redigir o Cor\u00e3o, mostrou grande estima por Maria. O cap\u00edtulo 19 tem por t\u00edtulo \u201cMaria\u201d e faz v\u00e1rias belas refer\u00eancias a M\u00e3e de Jesus. Ele d\u00e1 testemunho da virgindade de Maria, e fala de sua vida. Na Caaba (santu\u00e1rio mu\u00e7ulmano principal em Meca) existe uma imagem colorida de Maria com o menino Jesus. \u00c9 de notar ainda que Maria \u00e9 mencionada trinta e quatro vezes no Cor\u00e3o, sendo a \u00fanica mulher designada por seu nome pessoal. Os mu\u00e7ulmanos v\u00e3o \u00e0 casinha de Nossa Senhora em \u00c9feso, onde ela viveu com S. Jo\u00e3o, prestar-lhe homenagens. \u00c9 chamada em l\u00edngua turca \u201cMeryem Ana\u201d.<\/p>\n<p><a href=\"https:\/\/loja.cleofas.com.br\/a-mulher-do-apocalipse\" target=\"_blank\" rel=\"noopener noreferrer\"><img loading=\"lazy\" decoding=\"async\" class=\" wp-image-62468 alignright\" src=\"https:\/\/cleofas.com.br\/wp-content\/uploads\/2016\/09\/a_mulher_apocalipse.png\" alt=\"\" width=\"190\" height=\"190\" \/><\/a>Lutero e Calvino a veneravam; e tamb\u00e9m os anglicanos. Lutero escreveu um belo coment\u00e1rio do Magnificat de Maria Sant\u00edssima, e o cantava todos os dias. Ele se refere \u00e0 &#8220;doce M\u00e3e de Deus&#8221; e exalta a Sant\u00edssima Virgem nestes termos: &#8220;Ela nos ensina como devemos amar e louvar a Deus, com alma despojada e de modo verdadeiramente conveniente, sem procurar nele o nosso interesse&#8230; Eis um modo elevado, puro e nobre de louvar: \u00e9 bem pr\u00f3prio de um esp\u00edrito alto e nobre como o da Virgem&#8221;. (&#8220;Maria M\u00e3e dos homens&#8221;, Edi\u00e7\u00f5es Paulinas). A M\u00e3e de Jesus aparece em Lutero como o puro reflexo do olhar divino. Ela n\u00e3o atrai a nossa aten\u00e7\u00e3o sobre Si, mas leva-nos a olhar para Deus.&#8221;&#8230; \u201cMaria n\u00e3o quer ser um \u00eddolo; n\u00e3o \u00e9 Ela que faz, \u00e9 Deus que faz todas as coisas. Deve ser invocada para que Deus, por meio da vontade dela, fa\u00e7a aquilo que pedimos; assim devem ser invocados tamb\u00e9m todos os outros santos, deixando que a obra seja inteiramente de Deus&#8221; (idem p.574-575).<\/p>\n<p><strong>Prof. Felipe Aquino<\/strong><\/p>\n<!-- AddThis Advanced Settings generic via filter on the_content --><!-- AddThis Share Buttons generic via filter on the_content -->","protected":false},"excerpt":{"rendered":"<p>A devo\u00e7\u00e3o a Nossa Senhora em todo o mundo \u00e9 algo que ultrapassa o entendimento humano; \u00e9 algo sobrenatural; n\u00e3o h\u00e1 pa\u00eds ou cidade onde n\u00e3o haja igrejas, pra\u00e7as, imagens, etc., a ela dedicadas. Os t\u00edtulos de louvor e gl\u00f3ria&#8230;<!-- AddThis Advanced Settings generic via filter on get_the_excerpt --><!-- AddThis Share Buttons generic via filter on get_the_excerpt --><\/p>\n","protected":false},"author":29,"featured_media":19731,"comment_status":"open","ping_status":"open","sticky":false,"template":"","format":"standard","meta":{"_mi_skip_tracking":false,"_monsterinsights_sitenote_active":false,"_monsterinsights_sitenote_note":"","_monsterinsights_sitenote_category":0,"footnotes":""},"categories":[451],"tags":[69067,8631,179359,30065,15641],"_links":{"self":[{"href":"https:\/\/blog.cancaonova.com\/felipeaquino\/wp-json\/wp\/v2\/posts\/19730"}],"collection":[{"href":"https:\/\/blog.cancaonova.com\/felipeaquino\/wp-json\/wp\/v2\/posts"}],"about":[{"href":"https:\/\/blog.cancaonova.com\/felipeaquino\/wp-json\/wp\/v2\/types\/post"}],"author":[{"embeddable":true,"href":"https:\/\/blog.cancaonova.com\/felipeaquino\/wp-json\/wp\/v2\/users\/29"}],"replies":[{"embeddable":true,"href":"https:\/\/blog.cancaonova.com\/felipeaquino\/wp-json\/wp\/v2\/comments?post=19730"}],"version-history":[{"count":1,"href":"https:\/\/blog.cancaonova.com\/felipeaquino\/wp-json\/wp\/v2\/posts\/19730\/revisions"}],"predecessor-version":[{"id":19732,"href":"https:\/\/blog.cancaonova.com\/felipeaquino\/wp-json\/wp\/v2\/posts\/19730\/revisions\/19732"}],"wp:featuredmedia":[{"embeddable":true,"href":"https:\/\/blog.cancaonova.com\/felipeaquino\/wp-json\/wp\/v2\/media\/19731"}],"wp:attachment":[{"href":"https:\/\/blog.cancaonova.com\/felipeaquino\/wp-json\/wp\/v2\/media?parent=19730"}],"wp:term":[{"taxonomy":"category","embeddable":true,"href":"https:\/\/blog.cancaonova.com\/felipeaquino\/wp-json\/wp\/v2\/categories?post=19730"},{"taxonomy":"post_tag","embeddable":true,"href":"https:\/\/blog.cancaonova.com\/felipeaquino\/wp-json\/wp\/v2\/tags?post=19730"}],"curies":[{"name":"wp","href":"https:\/\/api.w.org\/{rel}","templated":true}]}}