{"id":2011,"date":"2007-06-20T21:12:52","date_gmt":"2007-06-20T18:12:52","guid":{"rendered":"http:\/\/blog.cancaonova.com\/felipeaquino\/2007\/06\/20\/sim-a-vida-aborto-e-a-pena-de-morte\/"},"modified":"2007-06-20T21:17:11","modified_gmt":"2007-06-20T18:17:11","slug":"sim-a-vida-aborto-e-a-pena-de-morte","status":"publish","type":"post","link":"https:\/\/blog.cancaonova.com\/felipeaquino\/2007\/06\/20\/sim-a-vida-aborto-e-a-pena-de-morte\/","title":{"rendered":"Sim \u00e0 Vida!"},"content":{"rendered":"<p><a href=\"http:\/\/www.cleofas.com.br\/divulgacao\/maos_sim_a_vida.jpg\" title=\"sim a vida\" target=\"_blank\"><img decoding=\"async\" src=\"http:\/\/www.cleofas.com.br\/divulgacao\/maos_sim_a_vida_menor.jpg\" alt=\"sim a vida\" border=\"0\" \/><\/a><br \/>\nImagem enviada por Ariany Raspante de Souza.<\/p>\n<p>Cria\u00e7\u00e3o: Elza Martins de Oliveira<\/p>\n<p>Descri\u00e7\u00e3o da autora: Imagem que defende a  &#8220;PAZ&#8221; e que vai contra o &#8220;ABORTO E A PENA DE MORTE&#8221;, afinal todo ser  humano tem direito a vida independente de sua cor, classe social.<\/p>\n<!-- AddThis Advanced Settings generic via filter on the_content --><!-- AddThis Share Buttons generic via filter on the_content -->","protected":false},"excerpt":{"rendered":"<p>Imagem enviada por Ariany Raspante de Souza. Cria\u00e7\u00e3o: Elza Martins de Oliveira Descri\u00e7\u00e3o da autora: Imagem que defende a &#8220;PAZ&#8221; e que vai contra o &#8220;ABORTO E A PENA DE MORTE&#8221;, afinal todo ser humano tem direito a vida independente&#8230;<!-- AddThis Advanced Settings generic via filter on get_the_excerpt --><!-- AddThis Share Buttons generic via filter on get_the_excerpt --><\/p>\n","protected":false},"author":29,"featured_media":0,"comment_status":"open","ping_status":"closed","sticky":false,"template":"","format":"standard","meta":{"_mi_skip_tracking":false,"_monsterinsights_sitenote_active":false,"_monsterinsights_sitenote_note":"","_monsterinsights_sitenote_category":0,"footnotes":""},"categories":[49],"tags":[],"_links":{"self":[{"href":"https:\/\/blog.cancaonova.com\/felipeaquino\/wp-json\/wp\/v2\/posts\/2011"}],"collection":[{"href":"https:\/\/blog.cancaonova.com\/felipeaquino\/wp-json\/wp\/v2\/posts"}],"about":[{"href":"https:\/\/blog.cancaonova.com\/felipeaquino\/wp-json\/wp\/v2\/types\/post"}],"author":[{"embeddable":true,"href":"https:\/\/blog.cancaonova.com\/felipeaquino\/wp-json\/wp\/v2\/users\/29"}],"replies":[{"embeddable":true,"href":"https:\/\/blog.cancaonova.com\/felipeaquino\/wp-json\/wp\/v2\/comments?post=2011"}],"version-history":[{"count":0,"href":"https:\/\/blog.cancaonova.com\/felipeaquino\/wp-json\/wp\/v2\/posts\/2011\/revisions"}],"wp:attachment":[{"href":"https:\/\/blog.cancaonova.com\/felipeaquino\/wp-json\/wp\/v2\/media?parent=2011"}],"wp:term":[{"taxonomy":"category","embeddable":true,"href":"https:\/\/blog.cancaonova.com\/felipeaquino\/wp-json\/wp\/v2\/categories?post=2011"},{"taxonomy":"post_tag","embeddable":true,"href":"https:\/\/blog.cancaonova.com\/felipeaquino\/wp-json\/wp\/v2\/tags?post=2011"}],"curies":[{"name":"wp","href":"https:\/\/api.w.org\/{rel}","templated":true}]}}