{"id":20171,"date":"2020-09-28T10:33:03","date_gmt":"2020-09-28T13:33:03","guid":{"rendered":"https:\/\/blog.cancaonova.com\/felipeaquino\/?p=20171"},"modified":"2020-09-03T07:04:46","modified_gmt":"2020-09-03T10:04:46","slug":"hoje-comeca-novena-nossa-senhora-rosario","status":"publish","type":"post","link":"https:\/\/blog.cancaonova.com\/felipeaquino\/2020\/09\/28\/hoje-comeca-novena-nossa-senhora-rosario\/","title":{"rendered":"Hoje come\u00e7a a novena a Nossa Senhora do Ros\u00e1rio"},"content":{"rendered":"<p><a href=\"https:\/\/blog.cancaonova.com\/felipeaquino\/files\/2019\/09\/NovenaNaSraDoRosario-300x167.jpg\"><img loading=\"lazy\" decoding=\"async\" class=\" wp-image-20172 alignleft\" src=\"https:\/\/blog.cancaonova.com\/felipeaquino\/files\/2019\/09\/NovenaNaSraDoRosario-300x167-300x167.jpg\" alt=\"\" width=\"397\" height=\"221\" \/><\/a><em><strong>No dia 7 de outubro \u00e9 a festa de Nossa Senhora do Ros\u00e1rio. Segundo a tradi\u00e7\u00e3o, foi a pr\u00f3pria M\u00e3e de Deus que apareceu um dia a S\u00e3o Domingos de Gusm\u00e3o (1170-1221), ensinou-lhe a rezar o Santo Ros\u00e1rio e lhe pediu que se propagasse esta pr\u00e1tica, prometendo que muitos pecadores se converteriam e obteriam abundantes gra\u00e7as.<\/strong><\/em><\/p>\n<p>A poucos dias da grande celebra\u00e7\u00e3o em honra a Nossa Senhora do Ros\u00e1rio, segue uma novena para pedir a sua intercess\u00e3o:<\/p>\n<p><strong>Ora\u00e7\u00e3o Inicial<\/strong><\/p>\n<p>Oh, M\u00e3e e clement\u00edssima Virgem do Ros\u00e1rio! V\u00f3s que plantastes na Igreja, por meio de vosso privilegiado filho Domingos, o m\u00edstico rem\u00e9dio do Santo Ros\u00e1rio, fazei que abracemos todos tua santa devo\u00e7\u00e3o e obtenhamos seu verdadeiro esp\u00edrito; De sorte que aquelas m\u00edsticas rosas sejam em nossos l\u00e1bios e cora\u00e7\u00e3o, pelos pecadores, medicina, e pelos justos, aumento de gra\u00e7a. Am\u00e9m.<\/p>\n<p>Pedir aqui com confian\u00e7a a gra\u00e7a que se deseja obter com esta novena.<\/p>\n<p><strong>Ora\u00e7\u00f5es Finais<\/strong><\/p>\n<p>Rezar quatro Ave-Marias e Gl\u00f3rias em rever\u00eancia \u00e0s quatro ordens de mist\u00e9rios do Santo Ros\u00e1rio.<\/p>\n<p>Terminar com a seguinte ora\u00e7\u00e3o:<\/p>\n<p>Oh, Sant\u00edssima Virgem, M\u00e3e de Deus, doce ref\u00fagio e esperan\u00e7a piedosa de todos os aflitos! Por aquela confian\u00e7a e autoridade de M\u00e3e com que podeis apresentar nossos rogos ao que \u00e9 \u00e1rbitro soberano de nosso bem, empenhai uma e outra em favor nosso. Consegui-nos o reformar com o Santo Ros\u00e1rio nossas vidas, estudando em t\u00e3o doce livro a fiel imita\u00e7\u00e3o de vosso Filho Jesus, at\u00e9 que possamos ador\u00e1-Lo e am\u00e1-Lo por todos os s\u00e9culos dos s\u00e9culos. Am\u00e9m.<\/p>\n<p><strong>Leia tamb\u00e9m:<\/strong>&nbsp;<a href=\"https:\/\/cleofas.com.br\/0710-nossa-senhora-do-rosario\/\" target=\"_blank\" rel=\"noopener\">07\/10 \u2013 Nossa Senhora do Ros\u00e1rio<\/a><\/p>\n<p><a href=\"https:\/\/cleofas.com.br\/por-que-dia-7-de-outubro-e-dia-de-nossa-senhora-do-santo-rosario\/\" target=\"_blank\" rel=\"noopener\">Por que dia 7 de outubro \u00e9 dia de Nossa Senhora do Santo Ros\u00e1rio?<\/a><\/p>\n<p><a href=\"https:\/\/cleofas.com.br\/voce-conhece-a-historia-da-batalha-de-lepanto\/\" target=\"_blank\" rel=\"noopener\">Voc\u00ea conhece a hist\u00f3ria da Batalha de Lepanto?<\/a><\/p>\n<p><a href=\"https:\/\/cleofas.com.br\/as-quinze-promessas-do-rosario\/\" target=\"_blank\" rel=\"noopener\">As quinze promessas do Ros\u00e1rio<\/a><\/p>\n<p><a href=\"https:\/\/cleofas.com.br\/nossa-senhora-do-rosario\/\" target=\"_blank\" rel=\"noopener\">Nossa Senhora do Ros\u00e1rio<\/a><\/p>\n<p><a href=\"https:\/\/cleofas.com.br\/decalogo-sobre-o-rosario\/\" target=\"_blank\" rel=\"noopener\">Dec\u00e1logo sobre o Ros\u00e1rio<\/a><\/p>\n<p><a href=\"https:\/\/cleofas.com.br\/o-rosario-na-historia\/\" target=\"_blank\" rel=\"noopener\">O Ros\u00e1rio na Hist\u00f3ria<\/a><\/p>\n<p><strong>Primeiro Dia<\/strong><\/p>\n<p>\u201cDeus vos salve\u201d<\/p>\n<p>Quanto minha alma se alegra, amabil\u00edssima Virgem, com as doces recorda\u00e7\u00f5es que em mim desperta esta sauda\u00e7\u00e3o! Enche-se de alegria meu cora\u00e7\u00e3o ao dizer o \u201cAve-Maria\u201d, para acompanhar a alegria que teve vosso Esp\u00edrito ao escutar da boca do anjo, alegrando-me da elei\u00e7\u00e3o que de V\u00f3s fez o Onipotente para dar-nos o Senhor. Am\u00e9m.<\/p>\n<p><strong>Segundo Dia<\/strong><\/p>\n<p>\u201cMaria\u201d nome Santo!<\/p>\n<p>Dignai-vos, amabil\u00edssima M\u00e3e, selar com vosso nome a mem\u00f3ria das s\u00faplicas nossas, dai-nos a esperan\u00e7a de que nos atenda benignamente vosso Filho Jesus, para que alcancemos o aborrecimento a todas as vaidades do mundo, firme amor a virtude, e \u00e2nsias cont\u00ednuas de nossa eterna salva\u00e7\u00e3o. Am\u00e9m.<\/p>\n<p><strong>Terceiro Dia<\/strong><\/p>\n<p>\u201cCheia sois de gra\u00e7a\u201d<\/p>\n<p>Doce M\u00e3e! Deus Vos salve, Maria, sacr\u00e1rio riqu\u00edssimo em que descansou corporalmente a plenitude da Divindade: A vossos p\u00e9s se apresenta desnuda minha pobre alma, pedindo a gra\u00e7a e o amor de Deus, com o que fostes enriquecida, fazendo-te cheia de virtude, cheia de santidade e cheia de gra\u00e7a. Am\u00e9m.<\/p>\n<p><strong>Quarto Dia<\/strong><\/p>\n<p>\u201cO Senhor \u00e9 contigo\u201d<\/p>\n<p>Oh, Sant\u00edssima Virgem! Aquele imenso Senhor, que por sua ess\u00eancia fez todas as coisas, est\u00e1 em V\u00f3s e convosco por modo muito superior. M\u00e3e minha, venha a n\u00f3s o Senhor atrav\u00e9s de V\u00f3s. Mas, como tende vir a um cora\u00e7\u00e3o de t\u00e3o pouca limpeza como o meu Aquele Senhor que, para fazer de V\u00f3s sua habita\u00e7\u00e3o, quis com tal prod\u00edgio, que n\u00e3o se perdesse vossa virgindade sendo M\u00e3e? Oh! Mora em n\u00f3s tanta impureza, para que habite em nossa alma o Senhor. Am\u00e9m.<\/p>\n<p><strong>Quinto Dia<\/strong><\/p>\n<p>\u201cBendita sois entre todas as mulheres\u201d<\/p>\n<p>V\u00f3s sois a gl\u00f3ria de Jerusal\u00e9m! V\u00f3s, a alegria de Israel! V\u00f3s, a honra do povo Santo de Deus! Obtende por vossa intercess\u00e3o a nosso esp\u00edrito a mais viva f\u00e9, para considerar e adorar com vosso Santo Ros\u00e1rio as miseric\u00f3rdias que em V\u00f3s e por V\u00f3s fez o Filho de Deus. Am\u00e9m.<\/p>\n<p><strong>Sexto Dia<\/strong><\/p>\n<p>\u201cBendito \u00e9 o fruto do teu ventre Jesus\u201d<\/p>\n<p>Choro, oh M\u00e3e minha, que tenho eu feito tantos pecados, sabendo que eles fizeram morrer na cruz a vosso Filho. Seja o fruto de minha ora\u00e7\u00e3o, que n\u00e3o termine nunca de chor\u00e1-los, at\u00e9 poder bendizer eternamente aquele pur\u00edssimo fruto de vosso ventre. Am\u00e9m.<\/p>\n<p><strong>S\u00e9timo Dia<\/strong><\/p>\n<p>\u201cSanta Maria, M\u00e3e de Deus\u201d<\/p>\n<p>N\u00e3o permitais que se perca minha alma comprada com o inestim\u00e1vel pre\u00e7o do sangue de Jesus. Dai-me um cora\u00e7\u00e3o digno de V\u00f3s, para que amando-vos, sejam minhas del\u00edcias obsequiar-vos com o Santo Ros\u00e1rio, adorando com ele ao vosso Filho, pelo muito que fez para nossa reden\u00e7\u00e3o e pelo que desejou, fazendo-te sua M\u00e3e. Am\u00e9m.<\/p>\n<p><strong>Ou\u00e7a tamb\u00e9m:&nbsp;<\/strong><a href=\"https:\/\/cleofas.com.br\/como-surgiu-o-rosario\/\" target=\"_blank\" rel=\"noopener\">Como surgiu o Ros\u00e1rio?<\/a><\/p>\n<p><strong>Oitavo Dia<\/strong><\/p>\n<p>\u201cRogai por n\u00f3s pecadores\u201d<\/p>\n<p><a href=\"https:\/\/loja.cleofas.com.br\/salve-santa-rainha\" target=\"_blank\" rel=\"noopener\"><img loading=\"lazy\" decoding=\"async\" class=\" wp-image-62957 alignright\" src=\"https:\/\/cleofas.com.br\/wp-content\/uploads\/2014\/10\/salve_santa_rainha.png\" alt=\"\" width=\"190\" height=\"190\" \/><\/a>M\u00e3e de piedade! A V\u00f3s pe\u00e7o, M\u00e3e do Rei soberano da gl\u00f3ria: V\u00f3s sois minha M\u00e3e. Alcan\u00e7ai-me humildade e plena confian\u00e7a, pois deste modo, com o aux\u00edlio de Deus, a receber os favores da Divina miseric\u00f3rdia, pelos m\u00e9ritos de vosso Filho e Redentor nosso. Am\u00e9m.<\/p>\n<p><strong>Nono Dia<\/strong><\/p>\n<p>\u201cAgora, e na hora de nossa morte\u201d<\/p>\n<p>Estamos sempre prestes a perder a gra\u00e7a de Deus. Fazei com que n\u00e3o se aparte de minha mem\u00f3ria ao \u00faltimo momento da vida, que haver\u00e1 de ser decisivo de minha eterna sorte. Oh, M\u00e3e de piedade! Concedei-me a esperan\u00e7a de morrer sob vossa prote\u00e7\u00e3o e no amor de meu Jesus. Am\u00e9m.<\/p>\n<p><strong>Fonte:<\/strong>&nbsp;<a href=\"https:\/\/www.acidigital.com\/noticias\/hoje-comeca-a-novena-a-nossa-senhora-do-rosario-69167\" target=\"_blank\" rel=\"noopener\">https:\/\/www.acidigital.com\/noticias\/hoje-comeca-a-novena-a-nossa-senhora-do-rosario-69167<\/a><\/p>\n<!-- AddThis Advanced Settings generic via filter on the_content --><!-- AddThis Share Buttons generic via filter on the_content -->","protected":false},"excerpt":{"rendered":"<p>No dia 7 de outubro \u00e9 a festa de Nossa Senhora do Ros\u00e1rio. Segundo a tradi\u00e7\u00e3o, foi a pr\u00f3pria M\u00e3e de Deus que apareceu um dia a S\u00e3o Domingos de Gusm\u00e3o (1170-1221), ensinou-lhe a rezar o Santo Ros\u00e1rio e lhe&#8230;<!-- AddThis Advanced Settings generic via filter on get_the_excerpt --><!-- AddThis Share Buttons generic via filter on get_the_excerpt --><\/p>\n","protected":false},"author":29,"featured_media":20172,"comment_status":"open","ping_status":"open","sticky":false,"template":"","format":"standard","meta":{"_mi_skip_tracking":false,"_monsterinsights_sitenote_active":false,"_monsterinsights_sitenote_note":"","_monsterinsights_sitenote_category":0,"footnotes":""},"categories":[451],"tags":[28498,12951,33888,15641],"_links":{"self":[{"href":"https:\/\/blog.cancaonova.com\/felipeaquino\/wp-json\/wp\/v2\/posts\/20171"}],"collection":[{"href":"https:\/\/blog.cancaonova.com\/felipeaquino\/wp-json\/wp\/v2\/posts"}],"about":[{"href":"https:\/\/blog.cancaonova.com\/felipeaquino\/wp-json\/wp\/v2\/types\/post"}],"author":[{"embeddable":true,"href":"https:\/\/blog.cancaonova.com\/felipeaquino\/wp-json\/wp\/v2\/users\/29"}],"replies":[{"embeddable":true,"href":"https:\/\/blog.cancaonova.com\/felipeaquino\/wp-json\/wp\/v2\/comments?post=20171"}],"version-history":[{"count":1,"href":"https:\/\/blog.cancaonova.com\/felipeaquino\/wp-json\/wp\/v2\/posts\/20171\/revisions"}],"predecessor-version":[{"id":20173,"href":"https:\/\/blog.cancaonova.com\/felipeaquino\/wp-json\/wp\/v2\/posts\/20171\/revisions\/20173"}],"wp:featuredmedia":[{"embeddable":true,"href":"https:\/\/blog.cancaonova.com\/felipeaquino\/wp-json\/wp\/v2\/media\/20172"}],"wp:attachment":[{"href":"https:\/\/blog.cancaonova.com\/felipeaquino\/wp-json\/wp\/v2\/media?parent=20171"}],"wp:term":[{"taxonomy":"category","embeddable":true,"href":"https:\/\/blog.cancaonova.com\/felipeaquino\/wp-json\/wp\/v2\/categories?post=20171"},{"taxonomy":"post_tag","embeddable":true,"href":"https:\/\/blog.cancaonova.com\/felipeaquino\/wp-json\/wp\/v2\/tags?post=20171"}],"curies":[{"name":"wp","href":"https:\/\/api.w.org\/{rel}","templated":true}]}}