{"id":20199,"date":"2020-10-06T08:38:16","date_gmt":"2020-10-06T11:38:16","guid":{"rendered":"https:\/\/blog.cancaonova.com\/felipeaquino\/?p=20199"},"modified":"2020-10-07T08:51:29","modified_gmt":"2020-10-07T11:51:29","slug":"algo-serio-se-pensar-falsos-missionarios","status":"publish","type":"post","link":"https:\/\/blog.cancaonova.com\/felipeaquino\/2020\/10\/06\/algo-serio-se-pensar-falsos-missionarios\/","title":{"rendered":"Algo s\u00e9rio a se pensar: \u201cFalsos Mission\u00e1rios\u201d"},"content":{"rendered":"<p><em><strong><a href=\"https:\/\/cleofas.com.br\/wp-content\/uploads\/2019\/10\/mountain-984083_1920.jpg\"><img loading=\"lazy\" decoding=\"async\" class=\" wp-image-93572 alignleft\" src=\"https:\/\/cleofas.com.br\/wp-content\/uploads\/2019\/10\/mountain-984083_1920-300x200.jpg\" alt=\"\" width=\"327\" height=\"218\" \/><\/a>&#8220;Eu devo anunciar a Boa Nova do reino de Deus&#8221; (Lc 4,46).<\/strong><\/em><\/p>\n<p><em><strong>&#8220;Anunciar o Evangelho n\u00e3o \u00e9 t\u00edtulo de gl\u00f3ria para mim; \u00e9, antes uma necessidade que se me imp\u00f5e. Ai de mim, se eu n\u00e3o anunciar o evangelho&#8221; (1Cor 9,16-17).<\/strong><\/em><\/p>\n<p>\u00c0s vezes se confunde miss\u00e3o cat\u00f3lica com servi\u00e7o social e promo\u00e7\u00e3o humana. Numa homilia de domingo escutei um mission\u00e1rio dizer que trabalha com os \u00edndios, mas que \u201cn\u00e3o est\u00e1 ali para cristianizar e dogmatizar ningu\u00e9m\u201d; achei muito estranho. Ora, evangelizar \u00e9 levar a salva\u00e7\u00e3o de Jesus Cristo e as verdades (= dogmas da f\u00e9). Fiquei escutando o resto da homilia e percebi que o trabalho do mission\u00e1rio n\u00e3o se diferenciava das ONGs que est\u00e3o entre os \u00edndios, ou talvez fosse apenas como o trabalho da FUNAI ; uma preocupa\u00e7\u00e3o de levar o \u201cbem estar social\u201d aos \u00edndios: defesa, vacinas, preserva\u00e7\u00e3o da cultura ind\u00edgena, etc. N\u00e3o ouvi falar de convers\u00e3o, de batismo e de abra\u00e7ar a f\u00e9 cat\u00f3lica.<\/p>\n<p>Se n\u00e3o \u00e9 para cristianizar os \u00edndios, ent\u00e3o, n\u00e3o \u00e9 verdadeira evangeliza\u00e7\u00e3o cat\u00f3lica. O papel mission\u00e1rio da Igreja \u00e9 levar a salva\u00e7\u00e3o de Jesus Cristo, como fizeram S\u00e3o Pedro, S\u00e3o Paulo e os demais Ap\u00f3stolos, sem esquecer a caridade \u00e9 claro, que sempre fizeram e fomentaram. Mas se faltar a catequese cat\u00f3lica, n\u00e3o \u00e9 verdadeira evangeliza\u00e7\u00e3o; \u00e9 mera assist\u00eancia social. Isso muitas institui\u00e7\u00f5es podem fazer, mas levar Jesus Cristo, o Batismo da salva\u00e7\u00e3o, a Confiss\u00e3o, a Eucaristia, o Matrim\u00f4nio, etc&#8230; s\u00f3 a Igreja \u00e9 capaz de fazer.<\/p>\n<p>S\u00e3o Paulo VI disse na \u201cEvangelli Nuntiandi\u201d que \u201cn\u00e3o h\u00e1 verdadeira evangeliza\u00e7\u00e3o se n\u00e3o se falar do nome de Jesus, de seus milagres, de sua doutrina, de sua paix\u00e3o, morte e ressurrei\u00e7\u00e3o redentoras da humanidade\u201d.<\/p>\n<p><strong>Leia tamb\u00e9m:<\/strong>&nbsp;<a href=\"https:\/\/cleofas.com.br\/o-grande-mes-das-missoes\/\" target=\"_blank\" rel=\"noopener\">O grande m\u00eas das miss\u00f5es<\/a><\/p>\n<p><a href=\"https:\/\/cleofas.com.br\/dia-mundial-das-missoes\/\" target=\"_blank\" rel=\"noopener\">Dia mundial das miss\u00f5es<\/a><\/p>\n<p>Parece que h\u00e1 um medo de se falar de cristianismo, catolicismo, Igreja cat\u00f3lica, dogmas, com receio de ferir a \u201cliberdade\u201d das pessoas; ora, disse o Papa Bento XVI que \u201cos dogmas n\u00e3o s\u00e3o cadeias, mas janelas abertas para o infinito\u201d. H\u00e1 uma tend\u00eancia perigosa e falsa da parte de alguns mission\u00e1rios (penso que fruto da teologia da liberta\u00e7\u00e3o) de levar apenas aos que n\u00e3o conhecem a Cristo, a promo\u00e7\u00e3o social e o bem estar, descurando da salva\u00e7\u00e3o da alma, e do combate ao pecado. Deixa que se salvem em suas cren\u00e7as e mitos. Ora, S\u00e3o Pedro disse que: \u201cN\u00e3o nos foi dado outro nome sob o C\u00e9u no qual tenhamos a salva\u00e7\u00e3o\u201d.<\/p>\n<p>Ora, as \u00faltimas palavras de Jesus \u00e0 Igreja foram: \u201cIde por todo o mundo e pregai o Evangelho a toda criatura. Quem crer e for batizado ser\u00e1 salvo, mas quem n\u00e3o crer ser\u00e1 condenado\u201d (Mc 16, 15-16 ). \u201cIde, pois, e ensinai a todas as na\u00e7\u00f5es; batizai-as em nome do Pai, do Filho e do Esp\u00edrito Santo. Ensinai-as a observar tudo o que vos prescrevi\u201d (Mt 28.19-20).<\/p>\n<p>A evangeliza\u00e7\u00e3o \u00e9 para isso, sen\u00e3o n\u00e3o \u00e9 miss\u00e3o cat\u00f3lica evangelizadora. Nota-se que h\u00e1 um esvaziamento da <a href=\"https:\/\/loja.cleofas.com.br\/a-alma-de-todo-apostolado\" target=\"_blank\" rel=\"noopener\"><img loading=\"lazy\" decoding=\"async\" class=\" wp-image-62856 alignright\" src=\"https:\/\/cleofas.com.br\/wp-content\/uploads\/2015\/10\/alma_apostolado-300x300.png\" alt=\"\" width=\"190\" height=\"190\" \/><\/a>verdadeira miss\u00e3o cat\u00f3lica, como o Vaticano alertou em 03\/12\/2007 pela \u201cSagrada Congrega\u00e7\u00e3o para a Doutrina da F\u00e9\u201d, na importante \u201cNota Doutrinal sobre alguns aspectos da evangeliza\u00e7\u00e3o\u201d, chamando a aten\u00e7\u00e3o para os desvios. Negar toda a verdade salv\u00edfica do Evangelho aos povos n\u00e3o crist\u00e3os, trocando isso por promo\u00e7\u00e3o social, \u00e9 trai\u00e7\u00e3o do mission\u00e1rio a Cristo. Hoje, como mostra a Nota da Santa S\u00e9, h\u00e1 um perigo enorme de se querer deixar os nativos viverem \u201csua pr\u00f3pria vida religiosa\u201d, eivada de erros, maus costumes e supersti\u00e7\u00f5es; ao inv\u00e9s de pregar-lhes a convers\u00e3o a Jesus Cristo. O documento da Congrega\u00e7\u00e3o da F\u00e9 diz:<\/p>\n<p>\u00abCom efeito, os Ap\u00f3stolos, \u201cmovidos pelo Esp\u00edrito, convidavam todos a mudar de vida, a converter-se e a receber o Batismo [Redemptoris Missio, 47], porque a \u00abIgreja peregrinante \u00e9 necess\u00e1ria \u00e0 salva\u00e7\u00e3o\u00bb [Catecismo \u00a7846]\u201d. \u201cDeus quer que todos os homens se salvem e cheguem ao conhecimento da verdade&#8221; (1 Tim 2, 4); e \u201ca Igreja \u00e9 a coluna e o fundamento da verdade&#8221; (1Tm 3,15) [10].<\/p>\n<p><strong>Assista tamb\u00e9m:<\/strong><a href=\"https:\/\/cleofas.com.br\/outubro-mes-das-missoes\/\" target=\"_blank\" rel=\"noopener\">&nbsp;Outubro, M\u00eas das Miss\u00f5es<\/a><\/p>\n<p>Continua a Nota do Vaticano: \u201cHoje, todavia, o an\u00fancio mission\u00e1rio da Igreja \u00e9 \u00abposto em causa por teorias de \u00edndole relativista, que pretendem justificar o pluralismo religioso, n\u00e3o apenas de fato, mas tamb\u00e9m de iure (ou de princ\u00edpio)\u00bb [Dominus Iesus, 4]. H\u00e1 muito que se criou uma situa\u00e7\u00e3o na qual, para muitos fi\u00e9is, n\u00e3o \u00e9 clara a mesma raz\u00e3o de ser da evangeliza\u00e7\u00e3o [EN, 80]. Afirma-se mesmo que a pretens\u00e3o de ter recebido em dom a plenitude da Revela\u00e7\u00e3o de Deus esconde uma atitude de intoler\u00e2ncia e um perigo para a paz\u201d.<\/p>\n<p>S\u00e3o fundamentais essas palavras de Paulo VI, mostrado esse perigo:<\/p>\n<p>\u201c\u00c9 assim que se ouve dizer, demasiado frequentemente, sob diversas formas: impor uma verdade, ainda que seja a verdade do Evangelho, impor um caminho, ainda que seja o da salva\u00e7\u00e3o, n\u00e3o pode ser sen\u00e3o uma viol\u00eancia \u00e0 liberdade religiosa. De resto, acrescenta-se ainda: Para que anunciar o Evangelho, uma vez que toda a gente \u00e9 salva pela retid\u00e3o do cora\u00e7\u00e3o?&#8230; N\u00e3o ser\u00e1, pois, uma ilus\u00e3o o pretender levar o Evangelho aonde ele j\u00e1 se encontra, nestas sementes que o pr\u00f3prio Senhor a\u00ed lan\u00e7ou? \u00c9 claro que seria certamente um erro impor qualquer coisa \u00e0 consci\u00eancia dos nossos irm\u00e3os. Mas propor a essa consci\u00eancia a verdade evang\u00e9lica e a salva\u00e7\u00e3o em Jesus Cristo, com absoluta clareza e com todo o respeito pelas op\u00e7\u00f5es livres que essa consci\u00eancia far\u00e1, e isso, sem press\u00f5es coercitivas, sem persuas\u00f5es desonestas e sem alici\u00e1-la com est\u00edmulos menos retos, longe de ser um atentado \u00e0 liberdade religiosa, \u00e9 uma homenagem a essa liberdade, \u00e0 qual \u00e9 proporcionado o escolher uma via que mesmo os n\u00e3o-crentes reputam nobre e exaltante. Ser\u00e1 ent\u00e3o um crime contra a liberdade de outrem o proclamar com alegria uma Boa Nova que se recebeu primeiro, pela miseric\u00f3rdia do Senhor? Ou por que, ent\u00e3o, s\u00f3 a mentira e o erro, a degrada\u00e7\u00e3o e a pornografia, teriam o direito de serem propostos e com insist\u00eancia, infelizmente, pela propaganda destrutiva dos &#8220;mass media&#8221;, pela toler\u00e2ncia das legisla\u00e7\u00f5es e pelo acanhamento dos bons e pelo atrevimento dos maus? Esta maneira respeitosa de propor Cristo e o seu reino, mais do que um direito, \u00e9 um dever do evangelizador. E \u00e9 tamb\u00e9m um direito dos homens seus irm\u00e3os o receber dele o an\u00fancio da Boa Nova da salva\u00e7\u00e3o\u201d (EM,80).<\/p>\n<p><a href=\"https:\/\/loja.cleofas.com.br\/catolicos-voltem-para-casa\" target=\"_blank\" rel=\"noopener\"><img loading=\"lazy\" decoding=\"async\" class=\"wp-image-62857 alignleft\" src=\"https:\/\/cleofas.com.br\/wp-content\/uploads\/2015\/10\/catolicos_voltem_para_casa-300x300.png\" alt=\"\" width=\"190\" height=\"190\" \/><\/a>Paulo VI disse ainda que: \u201cnumerosos crist\u00e3os&#8230; t\u00eam frequentemente a tenta\u00e7\u00e3o de reduzir a sua miss\u00e3o \u00e0s dimens\u00f5es de um projeto simplesmente temporal; os seus objetivos a uma vis\u00e3o antropoc\u00eantrica; a salva\u00e7\u00e3o, de que ela \u00e9 mensageira e sacramento, a um bem-estar material; a sua atividade, a iniciativas de ordem pol\u00edtica ou social esquecendo todas as preocupa\u00e7\u00f5es espirituais e religiosas. No entanto, se fosse assim, a Igreja perderia o seu significado pr\u00f3prio. A sua mensagem de liberta\u00e7\u00e3o j\u00e1 n\u00e3o teria originalidade alguma e ficaria prestes a ser monopolizada e manipulada por sistemas ideol\u00f3gicos e por partidos pol\u00edticos. Ela j\u00e1 n\u00e3o teria autoridade para anunciar a liberta\u00e7\u00e3o, como sendo da parte de Deus. Foi por tudo isso que n\u00f3s quisemos acentuar bem na mesma alocu\u00e7\u00e3o, quando da abertura da terceira Assembl\u00e9ia Geral do S\u00ednodo, a necessidade de ser reafirmada claramente a finalidade especificamente religiosa da evangeliza\u00e7\u00e3o. Esta \u00faltima perderia a sua raz\u00e3o de ser se se apartasse do eixo religioso que a rege: o reino de Deus, antes de toda e qualquer outra coisa, no seu sentido plenamente teol\u00f3gico&#8221; (62).<\/p>\n<p>Paulo VI ensinou em que consiste a Evangeliza\u00e7\u00e3o: \u201cComo n\u00facleo e centro da sua Boa Nova, Cristo anuncia a salva\u00e7\u00e3o, esse grande dom de Deus que \u00e9 liberta\u00e7\u00e3o de tudo aquilo que oprime o homem, e que \u00e9 liberta\u00e7\u00e3o sobretudo do pecado e do maligno, na alegria de conhecer a Deus e de ser por ele conhecido, de o ver e de se entregar a ele\u201d (EN, 9).<\/p>\n<p><strong>A Nota da Sagrada Congrega\u00e7\u00e3o da F\u00e9, diz:<\/strong><\/p>\n<p>\u201cTodavia, hoje verifica-se uma crescente confus\u00e3o que induz muitos a deixar inaud\u00edvel e inoperante o mandato mission\u00e1rio do Senhor (cf. Mt 28, 19). Muitas vezes pensa-se que toda a tentativa de convencer os outros em quest\u00f5es religiosas seja um limite posto \u00e0 liberdade. Seria l\u00edcito somente expor as pr\u00f3prias ideias e convidar as pessoas a agir segundo a consci\u00eancia, sem favorecer uma convers\u00e3o a Cristo e \u00e0 f\u00e9 cat\u00f3lica. Diz-se que basta ajudar os homens a serem mais homens ou mais fi\u00e9is \u00e0 pr\u00f3pria religi\u00e3o, que basta construir comunidades capazes de trabalhar pela justi\u00e7a, a liberdade, a paz, a solidariedade. Al\u00e9m disso, alguns defendem que n\u00e3o se deveria anunciar Cristo a quem O n\u00e3o conhece, nem favorecer a ades\u00e3o \u00e0 Igreja, pois seria poss\u00edvel ser salvos mesmo sem um conhecimento expl\u00edcito de Cristo e sem uma incorpora\u00e7\u00e3o formal \u00e0 Igreja\u201d (N.3).<\/p>\n<p>\u201cO Reino de Deus n\u00e3o \u00e9 \u2013 como alguns hoje sustentam \u2013 uma realidade gen\u00e9rica que domina todas as experi\u00eancias ou as tradi\u00e7\u00f5es religiosas, e \u00e0s quais deveriam tender como que a uma universal e indistinta comunh\u00e3o todos aqueles que procuram Deus, mas \u00e9 acima de tudo uma pessoa, que tem o rosto e o nome de Jesus de Nazar\u00e9, imagem do Deus invis\u00edvel\u201d [RM, 18].<\/p>\n<p>Infelizmente o relativismo religioso tomou conta da cabe\u00e7a de muitos \u201cmission\u00e1rios\u201d que fazem da Igreja como se fosse apenas mais uma ONG. Mas, nenhuma ONG pode levar as almas \u00e0 salva\u00e7\u00e3o eterna.<\/p>\n<p>&nbsp;<\/p>\n<p>&nbsp;<\/p>\n<p><strong>Professor Felipe Aquino<\/strong><\/p>\n<!-- AddThis Advanced Settings generic via filter on the_content --><!-- AddThis Share Buttons generic via filter on the_content -->","protected":false},"excerpt":{"rendered":"<p>&#8220;Eu devo anunciar a Boa Nova do reino de Deus&#8221; (Lc 4,46). &#8220;Anunciar o Evangelho n\u00e3o \u00e9 t\u00edtulo de gl\u00f3ria para mim; \u00e9, antes uma necessidade que se me imp\u00f5e. Ai de mim, se eu n\u00e3o anunciar o evangelho&#8221; (1Cor&#8230;<!-- AddThis Advanced Settings generic via filter on get_the_excerpt --><!-- AddThis Share Buttons generic via filter on get_the_excerpt --><\/p>\n","protected":false},"author":29,"featured_media":20200,"comment_status":"open","ping_status":"open","sticky":false,"template":"","format":"standard","meta":{"_mi_skip_tracking":false,"_monsterinsights_sitenote_active":false,"_monsterinsights_sitenote_note":"","_monsterinsights_sitenote_category":0,"footnotes":""},"categories":[4],"tags":[193736,24417,40563,193735,83,17886,20208,17806],"_links":{"self":[{"href":"https:\/\/blog.cancaonova.com\/felipeaquino\/wp-json\/wp\/v2\/posts\/20199"}],"collection":[{"href":"https:\/\/blog.cancaonova.com\/felipeaquino\/wp-json\/wp\/v2\/posts"}],"about":[{"href":"https:\/\/blog.cancaonova.com\/felipeaquino\/wp-json\/wp\/v2\/types\/post"}],"author":[{"embeddable":true,"href":"https:\/\/blog.cancaonova.com\/felipeaquino\/wp-json\/wp\/v2\/users\/29"}],"replies":[{"embeddable":true,"href":"https:\/\/blog.cancaonova.com\/felipeaquino\/wp-json\/wp\/v2\/comments?post=20199"}],"version-history":[{"count":1,"href":"https:\/\/blog.cancaonova.com\/felipeaquino\/wp-json\/wp\/v2\/posts\/20199\/revisions"}],"predecessor-version":[{"id":20201,"href":"https:\/\/blog.cancaonova.com\/felipeaquino\/wp-json\/wp\/v2\/posts\/20199\/revisions\/20201"}],"wp:featuredmedia":[{"embeddable":true,"href":"https:\/\/blog.cancaonova.com\/felipeaquino\/wp-json\/wp\/v2\/media\/20200"}],"wp:attachment":[{"href":"https:\/\/blog.cancaonova.com\/felipeaquino\/wp-json\/wp\/v2\/media?parent=20199"}],"wp:term":[{"taxonomy":"category","embeddable":true,"href":"https:\/\/blog.cancaonova.com\/felipeaquino\/wp-json\/wp\/v2\/categories?post=20199"},{"taxonomy":"post_tag","embeddable":true,"href":"https:\/\/blog.cancaonova.com\/felipeaquino\/wp-json\/wp\/v2\/tags?post=20199"}],"curies":[{"name":"wp","href":"https:\/\/api.w.org\/{rel}","templated":true}]}}