{"id":20245,"date":"2020-10-21T11:40:59","date_gmt":"2020-10-21T14:40:59","guid":{"rendered":"https:\/\/blog.cancaonova.com\/felipeaquino\/?p=20245"},"modified":"2020-10-07T08:53:27","modified_gmt":"2020-10-07T11:53:27","slug":"o-que-o-papa-joao-paulo-ii-falou-sobre-nova-era","status":"publish","type":"post","link":"https:\/\/blog.cancaonova.com\/felipeaquino\/2020\/10\/21\/o-que-o-papa-joao-paulo-ii-falou-sobre-nova-era\/","title":{"rendered":"O que o Papa Jo\u00e3o Paulo II falou sobre a Nova Era?"},"content":{"rendered":"<p>Segundo o Papa Jo\u00e3o Paulo II, agora proclamado santo da nossa Igreja, a Nova Era \u00e9 \u201cincompat\u00edvel com a f\u00e9 da Igreja\u201d.<\/p>\n<p><a href=\"https:\/\/cleofas.com.br\/wp-content\/uploads\/2016\/07\/NewAge.jpg\"><img loading=\"lazy\" decoding=\"async\" class=\"wp-image-60455 alignnone\" src=\"https:\/\/cleofas.com.br\/wp-content\/uploads\/2016\/07\/NewAge.jpg\" alt=\"NewAge\" width=\"611\" height=\"442\" \/><\/a><\/p>\n<p>No discurso que fez aos Bispos Norte-americanos no dia 28 de maio de 1993, afirmou:<\/p>\n<p>\u201cAs ideias do movimento \u2018Nova Era\u2019 (New Age) conseguem, \u00e0s vezes, insinuar-se na prega\u00e7\u00e3o, na catequese, nas obras e nos retiros, e deste modo influenciam at\u00e9 mesmo cat\u00f3licos praticantes que, talvez, n\u00e3o tenham consci\u00eancia da incompatibilidade entre aquelas ideias e a f\u00e9 da Igreja.<\/p>\n<p>Na sua vis\u00e3o sincretista e imanente, esses movimentos p\u00e1ra-religiosos d\u00e3o pouca import\u00e2ncia \u00e0 Revela\u00e7\u00e3o; pelo contr\u00e1rio, procuram chegar a Deus mediante a intelig\u00eancia e a experi\u00eancia, baseados em elementos provenientes da espiritualidade oriental ou de t\u00e9cnicas psicol\u00f3gicas. Tendem a relativizar a doutrina religiosa, em benef\u00edcio de uma vaga vis\u00e3o mundial, expressa como sistema de mitos e s\u00edmbolos, mediante uma linguagem religiosa.<\/p>\n<p><a href=\"https:\/\/loja.cleofas.com.br\/falsas-doutrinas-seitas-e-religioes\" target=\"_blank\" rel=\"noopener\"><img loading=\"lazy\" decoding=\"async\" class=\" wp-image-62607 alignright\" src=\"https:\/\/cleofas.com.br\/wp-content\/uploads\/2016\/03\/falsas_doutrinas-300x300.png\" alt=\"\" width=\"190\" height=\"190\" \/><\/a>Al\u00e9m disso, apresentam com frequ\u00eancia um conceito pante\u00edsta de Deus, o que \u00e9 incompat\u00edvel com a Sagrada Escritura e com a Tradi\u00e7\u00e3o crist\u00e3. Eles substituem a responsabilidade pessoal das pr\u00f3prias a\u00e7\u00f5es perante Deus por um sentido de dever em rela\u00e7\u00e3o ao cosmos, opondo-se, assim, ao verdadeiro conceito de pecado e \u00e0 necessidade de reden\u00e7\u00e3o por meio de Jesus Cristo\u201d.<\/p>\n<p>\u00c9 preciso \u201cabrir os olhos\u201d para o alerta que o Papa Jo\u00e3o Paulo II j\u00e1 fazia acerca das ideias da Nova Era, que \u201cinsinuam-se na prega\u00e7\u00e3o, na catequese, nas obras e nos retiros\u201d e influenciam at\u00e9 mesmo \u201ccat\u00f3licos praticantes\u201d. \u00c9 um alerta s\u00e9rio!<\/p>\n<p>Por outro lado n\u00e3o \u00e9 preciso temer. Gra\u00e7as a Deus, ainda \u00e9 minoria a influ\u00eancia da Nova Era dentro da Igreja. \u00c9 claro que nem tudo est\u00e1 ligado \u00e0 Nova Era, mas temos que nos informar sempre e fazer um bom discernimento, pois \u00e9 algo real.<\/p>\n<p><strong>Leia tamb\u00e9m:&nbsp;<\/strong><a href=\"https:\/\/cleofas.com.br\/compreendendo-a-nova-era-eb-parte-1\/\" target=\"_blank\" rel=\"noopener noreferrer\">Compreendendo a Nova Era \u2013 EB (Parte 1)<\/a><\/p>\n<p><a href=\"https:\/\/cleofas.com.br\/compreendendo-a-nova-era-eb-parte-2\/\" target=\"_blank\" rel=\"noopener noreferrer\">Compreendendo a Nova Era \u2013 EB (Parte 2)<\/a><\/p>\n<p><a href=\"https:\/\/cleofas.com.br\/compreendendo-a-nova-era-eb-parte-3\/\" target=\"_blank\" rel=\"noopener noreferrer\">Compreendendo a Nova Era \u2013 EB (Parte 3)<\/a><\/p>\n<p>O Papa aponta os principais erros da Nova Era:<\/p>\n<p><strong>1. \u00c9 SINCRETISTA:<\/strong> quer dizer, faz uma mistura de in\u00fameras religi\u00f5es, como se fossem verdadeiras e boas. Adota o esoterismo (ocultismo).<\/p>\n<p><strong>2. \u00c9 PANTE\u00cdSTA e IMANENTE:<\/strong> quer dizer, n\u00e3o cr\u00ea em um Deus que seja \u201cPessoa\u201d, vivo, que tem um cora\u00e7\u00e3o que sente. Deus \u00e9 apenas uma \u201cenergia\u201d c\u00f3smica, um flu\u00eddo indefinido, ou um campo magn\u00e9tico de for\u00e7as. Pante\u00edsta (pan = tudo, Teos = Deus); tudo \u00e9 Deus, e Deus \u00e9 tudo. N\u00e3o existe de fato Deus para a Nova Era. O Papa mostra que, na Nova Era, \u201cDeus \u00e9 o pr\u00f3prio Cosmos\u201d.<\/p>\n<p><strong>3. D\u00c1 POUCA IMPORT\u00c2NCIA \u00c0 REVELA\u00c7\u00c3O:<\/strong> isto \u00e9, n\u00e3o tem a B\u00edblia como a \u201cPalavra de Deus\u201d, e por isso a considera sem poder; no entanto, a usa e interpreta a seu bel prazer.<\/p>\n<p><strong>4. BUSCA DEUS APENAS PELA EXPERI\u00caNCIA, INTELIG\u00caNCIA, ESPIRITUALIDADE ORIENTAL E POR T\u00c9CNICAS PSICOL\u00d3GICAS, com o seguinte sentido:<\/strong> \u201cEu sou deus\u201d, basta \u201ceu me encontrar\u201d, eu me descobrir, e j\u00e1 achei deus. Deus n\u00e3o \u00e9 um \u201cOutro\u201d, sou eu mesmo. Da\u00ed a grande \u00eanfase ao humanismo; buscar \u201ca si mesmo\u201d \u00e9 a solu\u00e7\u00e3o de todos os problemas. \u00c9 o pr\u00f3prio pecado original, do homem que n\u00e3o precisa mais de Deus, basta-se a si mesmo. Da\u00ed vem toda a \u00eanfase que se d\u00e1 ao \u201cpoder da mente\u201d para solucionar todos os problemas.<\/p>\n<p><strong>Ou\u00e7a tamb\u00e9m:&nbsp;<\/strong><a href=\"https:\/\/cleofas.com.br\/o-que-e-a-nova-era\/\" target=\"_blank\" rel=\"noopener noreferrer\">O que \u00e9 a Nova Era?<\/a><\/p>\n<p><strong>5. NEGA O PECADO E A NECESSIDADE DA REDEN\u00c7\u00c3O POR MEIO DE CRISTO:<\/strong> isto \u00e9, o homem n\u00e3o tem responsabilidade pelos seus pecados e n\u00e3o precisa de um Salvador. Salva-se a si mesmo. O Papa termina dizendo: \u201c&#8230;opondo-se, assim, ao verdadeiro conceito de pecado e \u00e0 necessidade de reden\u00e7\u00e3o por meio de Cristo\u201d.<\/p>\n<p>Sem d\u00favida este \u00e9 o erro mais grave da Nova Era, como de todas as falsas religi\u00f5es: nega a necessidade da Salva\u00e7\u00e3o, ou a quer buscar fora de Jesus Cristo e da Igreja. O homem n\u00e3o pode salvar-se a si mesmo: \u201cMas nenhum homem a si mesmo pode salvar-se, nem pagar a Deus o seu resgate\u201d (Sl 48,8).<\/p>\n<p><a href=\"https:\/\/loja.cleofas.com.br\/a-nova-era-jesus-cristo-portador-da-agua-viva\" target=\"_blank\" rel=\"noopener\"><img loading=\"lazy\" decoding=\"async\" class=\" wp-image-62703 alignright\" src=\"https:\/\/cleofas.com.br\/wp-content\/uploads\/2016\/09\/a_nova_era-300x300.png\" alt=\"\" width=\"190\" height=\"190\" \/><\/a>O nosso Catecismo nos faz entender bem as palavras do Papa quando fala sobre \u201ca derradeira prova\u00e7\u00e3o da Igreja\u201d (\u00a7675-676):<\/p>\n<p>&#8220;Antes do advento de Cristo, a Igreja deve passar por uma prova\u00e7\u00e3o final que abalar a f\u00e9 de muitos crentes. A persegui\u00e7\u00e3o que acompanha a peregrina\u00e7\u00e3o dela na terra&#8221; desvendar\u00e1 o &#8220;mist\u00e9rio de iniquidade&#8221; sob a forma de uma impostura religiosa que h\u00e1 de trazer aos homens uma solu\u00e7\u00e3o aparente a seus problemas, \u00e0 custa da apostasia da verdade. A impostura religiosa suprema \u00e9 a do Anticristo, isto \u00e9, a de um pseudo-messianismo em que o homem glorifica a si mesmo em lugar de Deus e de seu Messias que veio na carne.<\/p>\n<p>Esta impostura anticr\u00edstica j\u00e1 se esbo\u00e7a no mundo toda vez que se pretende realizar na hist\u00f3ria a esperan\u00e7a messi\u00e2nica que s\u00f3 pode realiza-se para al\u00e9m dela, por meio do ju\u00edzo escatol\u00f3gico: mesmo em sua forma mitigada, a Igreja rejeitou esta falsifica\u00e7\u00e3o do Reino vindouro sob o nome de milenarismo, sobretudo sob a forma pol\u00edtica de um messianismo secularizado, &#8220;intrinsecamente perverso&#8221;.<\/p>\n<p><strong>Prof. Felipe Aquino<\/strong><\/p>\n<!-- AddThis Advanced Settings generic via filter on the_content --><!-- AddThis Share Buttons generic via filter on the_content -->","protected":false},"excerpt":{"rendered":"<p>Segundo o Papa Jo\u00e3o Paulo II, agora proclamado santo da nossa Igreja, a Nova Era \u00e9 \u201cincompat\u00edvel com a f\u00e9 da Igreja\u201d. No discurso que fez aos Bispos Norte-americanos no dia 28 de maio de 1993, afirmou: \u201cAs ideias do&#8230;<!-- AddThis Advanced Settings generic via filter on get_the_excerpt --><!-- AddThis Share Buttons generic via filter on get_the_excerpt --><\/p>\n","protected":false},"author":29,"featured_media":20246,"comment_status":"open","ping_status":"open","sticky":false,"template":"","format":"standard","meta":{"_mi_skip_tracking":false,"_monsterinsights_sitenote_active":false,"_monsterinsights_sitenote_note":"","_monsterinsights_sitenote_category":0,"footnotes":""},"categories":[4],"tags":[2551,179354,15779,193748,173382,8131],"_links":{"self":[{"href":"https:\/\/blog.cancaonova.com\/felipeaquino\/wp-json\/wp\/v2\/posts\/20245"}],"collection":[{"href":"https:\/\/blog.cancaonova.com\/felipeaquino\/wp-json\/wp\/v2\/posts"}],"about":[{"href":"https:\/\/blog.cancaonova.com\/felipeaquino\/wp-json\/wp\/v2\/types\/post"}],"author":[{"embeddable":true,"href":"https:\/\/blog.cancaonova.com\/felipeaquino\/wp-json\/wp\/v2\/users\/29"}],"replies":[{"embeddable":true,"href":"https:\/\/blog.cancaonova.com\/felipeaquino\/wp-json\/wp\/v2\/comments?post=20245"}],"version-history":[{"count":4,"href":"https:\/\/blog.cancaonova.com\/felipeaquino\/wp-json\/wp\/v2\/posts\/20245\/revisions"}],"predecessor-version":[{"id":20724,"href":"https:\/\/blog.cancaonova.com\/felipeaquino\/wp-json\/wp\/v2\/posts\/20245\/revisions\/20724"}],"wp:featuredmedia":[{"embeddable":true,"href":"https:\/\/blog.cancaonova.com\/felipeaquino\/wp-json\/wp\/v2\/media\/20246"}],"wp:attachment":[{"href":"https:\/\/blog.cancaonova.com\/felipeaquino\/wp-json\/wp\/v2\/media?parent=20245"}],"wp:term":[{"taxonomy":"category","embeddable":true,"href":"https:\/\/blog.cancaonova.com\/felipeaquino\/wp-json\/wp\/v2\/categories?post=20245"},{"taxonomy":"post_tag","embeddable":true,"href":"https:\/\/blog.cancaonova.com\/felipeaquino\/wp-json\/wp\/v2\/tags?post=20245"}],"curies":[{"name":"wp","href":"https:\/\/api.w.org\/{rel}","templated":true}]}}