{"id":20335,"date":"2020-11-16T11:39:13","date_gmt":"2020-11-16T14:39:13","guid":{"rendered":"https:\/\/blog.cancaonova.com\/felipeaquino\/?p=20335"},"modified":"2020-11-09T07:37:05","modified_gmt":"2020-11-09T10:37:05","slug":"santo-que-segundo-tradicao-traz-o-verao-em-pleno-outono-europeu","status":"publish","type":"post","link":"https:\/\/blog.cancaonova.com\/felipeaquino\/2020\/11\/16\/santo-que-segundo-tradicao-traz-o-verao-em-pleno-outono-europeu\/","title":{"rendered":"Santo que segundo a tradi\u00e7\u00e3o traz o ver\u00e3o em pleno outono europeu?"},"content":{"rendered":"<p><a href=\"https:\/\/cleofas.com.br\/wp-content\/uploads\/2019\/11\/EstatuadeSaoMartinho_Wikipedia.jpg\"><img loading=\"lazy\" decoding=\"async\" class=\"size-medium wp-image-94132 alignleft\" src=\"https:\/\/cleofas.com.br\/wp-content\/uploads\/2019\/11\/EstatuadeSaoMartinho_Wikipedia-300x167.jpg\" alt=\"\" width=\"300\" height=\"167\" \/><\/a>Voc\u00ea j\u00e1 ouviu falar no \u201cver\u00e3o de S\u00e3o Martinho\u201d? Trata-se de uma tradi\u00e7\u00e3o presente em pa\u00edses como Portugal, segundo a qual alguns dias de ver\u00e3o, por volta de 11 de novembro, interrompem o t\u00edpico tempo do outono europeu e tem rela\u00e7\u00e3o com a hist\u00f3ria de S\u00e3o Martinho de Tours.<\/p>\n<p>S\u00e3o Martinho nasceu na Hungria por volta do ano 316, filho de pais pag\u00e3os. Seguia a carreira militar, viajando pelo Imp\u00e9rio Romano. Converteu-se ao Cristianismo e foi batizado em 356. Fundou um mosteiro em Ligug\u00e9 (Fran\u00e7a), onde viveu a vida mon\u00e1stica com a dire\u00e7\u00e3o de Santo Hil\u00e1rio. Mais tarde, recebeu a ordem sacerdotal e foi eleito Bispo de Tours. Morreu em 397.<\/p>\n<p>Conta-se que, por volta do ano 337, em pleno outono na Europa, Martinho regressava para casa, quando encontrou no caminho um mendigo, em meio ao frio. Este lhe pediu uma esmola, mas como n\u00e3o tinha o que dar, Martinho retirou a capa que o cobriu, cortou-a ao meio e deu uma parte ao mendigo.<\/p>\n<p><strong>Leia tamb\u00e9m<\/strong>:&nbsp;<a href=\"https:\/\/cleofas.com.br\/os-martires-de-ontem-e-de-hoje\/\" target=\"_blank\" rel=\"noopener\">Os m\u00e1rtires de ontem e de hoje<\/a><\/p>\n<p><a href=\"https:\/\/cleofas.com.br\/hoje-e-celebrado-sao-martinho-de-tours-padroeiro-da-guarda-suica-pontificia\/\" target=\"_blank\" rel=\"noopener\">Hoje \u00e9 celebrado S\u00e3o Martinho de Tours, padroeiro da Guarda Su\u00ed\u00e7a Pontif\u00edcia<\/a><\/p>\n<p><a href=\"https:\/\/cleofas.com.br\/1111-sao-martinho-de-tours\/\" target=\"_blank\" rel=\"noopener\">11\/11 \u2013 S\u00e3o Martinho de Tours<\/a><\/p>\n<p><a href=\"https:\/\/loja.cleofas.com.br\/historia-da-igreja-idade-moderna-e-contemporanea\" target=\"_blank\" rel=\"noopener\"><img loading=\"lazy\" decoding=\"async\" class=\"wp-image-73886 alignright\" src=\"https:\/\/cleofas.com.br\/wp-content\/uploads\/2017\/04\/historia_da_igreja_III-300x300.png\" alt=\"\" width=\"181\" height=\"181\" \/><\/a>Segundo a tradi\u00e7\u00e3o, neste momento, a tempestade cessou e um sol extraordin\u00e1rio brilhou no c\u00e9u e, durante tr\u00eas dias, o ver\u00e3o teve lugar em meio ao outono europeu. Assim, ainda hoje, por volta de 11 de novembro, espera-se a chegada do \u201cver\u00e3o de S\u00e3o Martinho\u201d.<\/p>\n<p>Em Portugal, S\u00e3o Martinho \u00e9, ent\u00e3o, comemorado com uma festa popular chamada Magusto, quando fam\u00edlias e amigos se unem em torno de uma fogueira para assar castanhas e tamb\u00e9m se beb\u00ea \u00e1gua-p\u00e9 e jeropiga, tradicionais bebidas do pa\u00eds.<\/p>\n<p>Al\u00e9m disso, considera-se tamb\u00e9m que \u00e9 por volta dessa data que se deve provar o vinho novo. Desse modo, ditados populares afirmam: \u201c\u00c1gua-p\u00e9, castanhas e vinho faz-se uma boa festa pelo S\u00e3o Martinho!\u201d.<\/p>\n<p>Em outros pa\u00edses como Fran\u00e7a e It\u00e1lia tamb\u00e9m celebram S\u00e3o Martinho com castanhas assadas. J\u00e1 na Espanha, faz-se a matan\u00e7a de um porco e, na Alemanha, acendem-se fogueiras e organizam-se prociss\u00f5es.<\/p>\n<p>&nbsp;<\/p>\n<p><strong>Fonte:<\/strong>&nbsp;<a href=\"https:\/\/www.acidigital.com\/noticias\/conheca-o-santo-que-segundo-a-tradicao-traz-o-verao-em-pleno-outono-europeu-46050\" target=\"_blank\" rel=\"noopener\">https:\/\/www.acidigital.com\/noticias\/conheca-o-santo-que-segundo-a-tradicao-traz-o-verao-em-pleno-outono-europeu-46050<\/a><\/p>\n<!-- AddThis Advanced Settings generic via filter on the_content --><!-- AddThis Share Buttons generic via filter on the_content -->","protected":false},"excerpt":{"rendered":"<p>Voc\u00ea j\u00e1 ouviu falar no \u201cver\u00e3o de S\u00e3o Martinho\u201d? Trata-se de uma tradi\u00e7\u00e3o presente em pa\u00edses como Portugal, segundo a qual alguns dias de ver\u00e3o, por volta de 11 de novembro, interrompem o t\u00edpico tempo do outono europeu e tem&#8230;<!-- AddThis Advanced Settings generic via filter on get_the_excerpt --><!-- AddThis Share Buttons generic via filter on get_the_excerpt --><\/p>\n","protected":false},"author":29,"featured_media":20336,"comment_status":"open","ping_status":"open","sticky":false,"template":"","format":"standard","meta":{"_mi_skip_tracking":false,"_monsterinsights_sitenote_active":false,"_monsterinsights_sitenote_note":"","_monsterinsights_sitenote_category":0,"footnotes":""},"categories":[4],"tags":[16279,20208,5051,158778,24907,16360],"_links":{"self":[{"href":"https:\/\/blog.cancaonova.com\/felipeaquino\/wp-json\/wp\/v2\/posts\/20335"}],"collection":[{"href":"https:\/\/blog.cancaonova.com\/felipeaquino\/wp-json\/wp\/v2\/posts"}],"about":[{"href":"https:\/\/blog.cancaonova.com\/felipeaquino\/wp-json\/wp\/v2\/types\/post"}],"author":[{"embeddable":true,"href":"https:\/\/blog.cancaonova.com\/felipeaquino\/wp-json\/wp\/v2\/users\/29"}],"replies":[{"embeddable":true,"href":"https:\/\/blog.cancaonova.com\/felipeaquino\/wp-json\/wp\/v2\/comments?post=20335"}],"version-history":[{"count":1,"href":"https:\/\/blog.cancaonova.com\/felipeaquino\/wp-json\/wp\/v2\/posts\/20335\/revisions"}],"predecessor-version":[{"id":20337,"href":"https:\/\/blog.cancaonova.com\/felipeaquino\/wp-json\/wp\/v2\/posts\/20335\/revisions\/20337"}],"wp:featuredmedia":[{"embeddable":true,"href":"https:\/\/blog.cancaonova.com\/felipeaquino\/wp-json\/wp\/v2\/media\/20336"}],"wp:attachment":[{"href":"https:\/\/blog.cancaonova.com\/felipeaquino\/wp-json\/wp\/v2\/media?parent=20335"}],"wp:term":[{"taxonomy":"category","embeddable":true,"href":"https:\/\/blog.cancaonova.com\/felipeaquino\/wp-json\/wp\/v2\/categories?post=20335"},{"taxonomy":"post_tag","embeddable":true,"href":"https:\/\/blog.cancaonova.com\/felipeaquino\/wp-json\/wp\/v2\/tags?post=20335"}],"curies":[{"name":"wp","href":"https:\/\/api.w.org\/{rel}","templated":true}]}}