{"id":20563,"date":"2020-02-19T09:41:57","date_gmt":"2020-02-19T12:41:57","guid":{"rendered":"https:\/\/blog.cancaonova.com\/felipeaquino\/?p=20563"},"modified":"2020-02-18T09:45:00","modified_gmt":"2020-02-18T12:45:00","slug":"perguntas-e-respostas-rapidas","status":"publish","type":"post","link":"https:\/\/blog.cancaonova.com\/felipeaquino\/2020\/02\/19\/perguntas-e-respostas-rapidas\/","title":{"rendered":"Perguntas e respostas r\u00e1pidas"},"content":{"rendered":"<p><strong><\/strong><\/p>\n<p><strong><a href=\"https:\/\/cleofas.com.br\/wp-content\/uploads\/2015\/06\/VATICANOPAPA.jpg\"><img loading=\"lazy\" decoding=\"async\" class=\"alignleft wp-image-46518\" src=\"https:\/\/cleofas.com.br\/wp-content\/uploads\/2015\/06\/VATICANOPAPA-300x217.jpg\" alt=\"VATICANOPAPA\" width=\"483\" height=\"350\"\/><\/a><em>Como responder a algumas \u201cinverdades\u201d que s\u00e3o espalhadas sobre os Papas?<\/em><\/strong><\/p>\n<p>Nas discuss\u00f5es sobre o Papado, surgem quest\u00f5es comuns que exigem apenas respostas curtas, pois, simplesmente, se tratam de inverdades. Na maioria dos casos, s\u00e3o mal-entendidos, lendas populares e outras coisas semelhantes.<\/p>\n<p><strong><a href=\"https:\/\/loja.cleofas.com.br\/os-dogmas-da-fe-a-doutrina-catolica\" target=\"_blank\" rel=\"noopener\"><img loading=\"lazy\" decoding=\"async\" class=\" wp-image-63393 alignright\" src=\"https:\/\/cleofas.com.br\/wp-content\/uploads\/2016\/10\/os_dogmas_da_fe.png\" alt=\"\" width=\"190\" height=\"190\"\/><\/a>1.&nbsp;Os cat\u00f3licos acham que o Papa n\u00e3o tem pecados.<br \/>\n<\/strong><\/p>\n<p>N\u00e3o, n\u00f3s n\u00e3o achamos isso. O atual Papa se confessa, pelo menos uma vez por semana, bem como o fizeram os \u00faltimos Papas da hist\u00f3ria recente. \u00c9 presum\u00edvel que eles confessem seus pecados, pois, do contr\u00e1rio, o sacramento n\u00e3o seria v\u00e1lido. N\u00e3o \u00e9 bom confessarmos as pr\u00f3prias virtudes de uma pessoa ou os pecados de outra. No Novo Testamento, Pedro mostrou-se ser um pecador e, no m\u00ednimo, isso n\u00e3o diminui a sua autoridade.<\/p>\n<p><strong>2. Os cat\u00f3licos acham que o Papa n\u00e3o comete erros.<br \/>\n<\/strong><\/p>\n<p>N\u00e3o, n\u00e3o achamos isso. Como todas as pessoas, os Papas t\u00eam um conhecimento imperfeito, al\u00e9m de outras limita\u00e7\u00f5es humanas. No seu dia a dia, os Papas cometem erros, como todos n\u00f3s. Alguns desses erros s\u00e3o pequenos como enganar-se no degrau de uma escada. Outros erros t\u00eam graves consequ\u00eancias como falhar num problema de diploma internacional. A gra\u00e7a da infalibilidade Papal diz respeito somente a assuntos de f\u00e9 e moral crist\u00e3s.<\/p>\n<p><strong>Leia tamb\u00e9m:<\/strong>&nbsp;<a href=\"https:\/\/cleofas.com.br\/os-homens-a-quem-o-ceu-obedece\/\" target=\"_blank\" rel=\"noopener\">Os homens a quem o C\u00e9u obedece<\/a><\/p>\n<p><a href=\"https:\/\/cleofas.com.br\/voce-sabe-qual-e-a-funcao-e-a-missao-do-papa-na-igreja\/\" target=\"_blank\" rel=\"noopener\">Voc\u00ea sabe qual \u00e9 a fun\u00e7\u00e3o e a miss\u00e3o do Papa na Igreja?<\/a><\/p>\n<p><a href=\"https:\/\/cleofas.com.br\/por-que-os-papas-trocam-de-nome-ao-serem-eleitos\/\" target=\"_blank\" rel=\"noopener\">Por que os papas trocam de nome ao serem eleitos?<\/a><\/p>\n<p><a href=\"https:\/\/cleofas.com.br\/conheca-alguns-dos-simbolos-historicos-do-papado\/\" target=\"_blank\" rel=\"noopener\">Conhe\u00e7a alguns dos s\u00edmbolos hist\u00f3ricos do papado<\/a><\/p>\n<p><a href=\"https:\/\/cleofas.com.br\/a-infalibilidade-da-igreja-e-do-papa\/\" target=\"_blank\" rel=\"noopener\">A Infalibilidade da Igreja e do Papa<\/a><\/p>\n<p><a href=\"https:\/\/cleofas.com.br\/os-papas-da-igreja-nos-2000-anos\/\" target=\"_blank\" rel=\"noopener\">Os Papas da Igreja nos 2000 anos<\/a><\/p>\n<p><a href=\"https:\/\/cleofas.com.br\/o-que-significa-a-palavra-papa\/\" target=\"_blank\" rel=\"noopener\">O que significa a palavra Papa?<\/a><\/p>\n<p><strong>3. Os cat\u00f3licos inventaram a ideia da infalibilidade no s\u00e9culo XIX.<\/strong><\/p>\n<p>De fato, esta doutrina foi formulada nesta \u00e9poca, mas estava fundamentada na Igreja desde o come\u00e7o, como no primeiro s\u00e9culo, quando S\u00e3o Clemente de Roma, um disc\u00edpulo de Pedro e Paulo disse que o Esp\u00edrito Santo falava atrav\u00e9s dele. Tamb\u00e9m os protestantes acreditam que Deus dotou certos homens de infalibilidade, quando, por exemplo, Ele inspirou os autores sagrados para escrever as Escrituras. Com o dom da infalibilidade, os Ap\u00f3stolos e Evangelistas escreveram obras que eram isentas de erros. E todos n\u00f3s estamos de acordo sobre isso. Cat\u00f3licos e Protestantes discordam apenas sobre se o carisma da infalibilidade foi estendido para al\u00e9m da primeira gera\u00e7\u00e3o de crist\u00e3os.<\/p>\n<p><strong>4. A autoridade Papal foi desacreditada e penalizada pelo comportamento de maus Papas.<\/strong><\/p>\n<p>N\u00e3o foi. Em sua pr\u00f3pria \u00e9poca, Jesus enfrentou uma religiosidade corrupta estabelecida; mas Ele sempre afirmou a Sua autoridade dada por Deus em mat\u00e9ria de doutrina e pr\u00e1tica religiosa: \u201cOs doutores da Lei e os fariseus t\u00eam autoridade para interpretar a Lei de Mois\u00e9s. Por isso, voc\u00eas devem fazer e observar tudo o que eles dizem. Mas n\u00e3o imitem suas a\u00e7\u00f5es, pois eles falam e n\u00e3o praticam\u201d (Mt 23,2-3). Mesmo Caif\u00e1s, o sumo sacerdote perverso, n\u00e3o podia ajudar, mas pronunciou uma profecia infal\u00edvel, enquanto tramava o assassinato de Jesus (cf. Jo 11,49-51). Devemos ter a certeza de saber que em dois mil anos, muito poucos Papas abusaram de seu poder. Dentre 266 homens at\u00e9 hoje, houve apenas uma pequena parte de desonestos \u2013 e Deus nunca permitiu que esses desonestos ensinassem algum erro em mat\u00e9ria de f\u00e9 e de moral.<\/p>\n<p><a href=\"https:\/\/loja.cleofas.com.br\/razoes-para-crer\" target=\"_blank\" rel=\"noopener\"><img loading=\"lazy\" decoding=\"async\" class=\" wp-image-63929 alignright\" src=\"https:\/\/cleofas.com.br\/wp-content\/uploads\/2014\/06\/razoes_para_crer.png\" alt=\"\" width=\"190\" height=\"190\"\/><\/a><\/p>\n<p><strong>Assista tamb\u00e9m:&nbsp;<\/strong><a href=\"https:\/\/cleofas.com.br\/por-que-cristo-deixou-o-papa\/\" target=\"_blank\" rel=\"noopener\">Por que Cristo deixou o Papa?<\/a><\/p>\n<p><a href=\"https:\/\/cleofas.com.br\/por-que-existem-papas-por-que-o-papado-foi-instituido\/\" target=\"_blank\" rel=\"noopener\">Por que existem Papas? Por que o Papado foi institu\u00eddo?<\/a><\/p>\n<p><strong>5. Se o Papado fosse realmente o que os cat\u00f3licos dizem ser, n\u00e3o teria havido nenhum Papa ruim.<\/strong><\/p>\n<p>N\u00e3o \u00e9 verdade. Jesus deu aos Ap\u00f3stolos a gra\u00e7a da autoridade. Ele mesmo escolheu os Doze. No entanto, Ele sabia que um deles O haveria de trair. Se o Apostolado foi, de fato, o que Jesus disse que era, como poderia haver um mau Ap\u00f3stolo? Jesus deixa cada um livre para escolher entre o bem ou o mal, mesmo aqueles a quem Ele chama para o sagrado of\u00edcio.<\/p>\n<p><strong>Retirado do livro: &#8220;Raz\u00f5es Para Crer&#8221;. Scott Hahn. Ed. Cl\u00e9ofas.<\/strong><\/p>\n<!-- AddThis Advanced Settings generic via filter on the_content --><!-- AddThis Share Buttons generic via filter on the_content -->","protected":false},"excerpt":{"rendered":"<p>Como responder a algumas \u201cinverdades\u201d que s\u00e3o espalhadas sobre os Papas? Nas discuss\u00f5es sobre o Papado, surgem quest\u00f5es comuns que exigem apenas respostas curtas, pois, simplesmente, se tratam de inverdades. Na maioria dos casos, s\u00e3o mal-entendidos, lendas populares e outras&#8230;<!-- AddThis Advanced Settings generic via filter on get_the_excerpt --><!-- AddThis Share Buttons generic via filter on get_the_excerpt --><\/p>\n","protected":false},"author":29,"featured_media":20564,"comment_status":"open","ping_status":"open","sticky":false,"template":"","format":"standard","meta":{"_mi_skip_tracking":false,"_monsterinsights_sitenote_active":false,"_monsterinsights_sitenote_note":"","_monsterinsights_sitenote_category":0,"footnotes":""},"categories":[4],"tags":[18784,16861,193689,200599,2231,200598,77095,16859,6781],"_links":{"self":[{"href":"https:\/\/blog.cancaonova.com\/felipeaquino\/wp-json\/wp\/v2\/posts\/20563"}],"collection":[{"href":"https:\/\/blog.cancaonova.com\/felipeaquino\/wp-json\/wp\/v2\/posts"}],"about":[{"href":"https:\/\/blog.cancaonova.com\/felipeaquino\/wp-json\/wp\/v2\/types\/post"}],"author":[{"embeddable":true,"href":"https:\/\/blog.cancaonova.com\/felipeaquino\/wp-json\/wp\/v2\/users\/29"}],"replies":[{"embeddable":true,"href":"https:\/\/blog.cancaonova.com\/felipeaquino\/wp-json\/wp\/v2\/comments?post=20563"}],"version-history":[{"count":1,"href":"https:\/\/blog.cancaonova.com\/felipeaquino\/wp-json\/wp\/v2\/posts\/20563\/revisions"}],"predecessor-version":[{"id":20565,"href":"https:\/\/blog.cancaonova.com\/felipeaquino\/wp-json\/wp\/v2\/posts\/20563\/revisions\/20565"}],"wp:featuredmedia":[{"embeddable":true,"href":"https:\/\/blog.cancaonova.com\/felipeaquino\/wp-json\/wp\/v2\/media\/20564"}],"wp:attachment":[{"href":"https:\/\/blog.cancaonova.com\/felipeaquino\/wp-json\/wp\/v2\/media?parent=20563"}],"wp:term":[{"taxonomy":"category","embeddable":true,"href":"https:\/\/blog.cancaonova.com\/felipeaquino\/wp-json\/wp\/v2\/categories?post=20563"},{"taxonomy":"post_tag","embeddable":true,"href":"https:\/\/blog.cancaonova.com\/felipeaquino\/wp-json\/wp\/v2\/tags?post=20563"}],"curies":[{"name":"wp","href":"https:\/\/api.w.org\/{rel}","templated":true}]}}